{"id":116428,"date":"2025-12-14T20:36:10","date_gmt":"2025-12-14T20:36:10","guid":{"rendered":"https:\/\/www.europesays.com\/fi\/116428\/"},"modified":"2025-12-14T20:36:10","modified_gmt":"2025-12-14T20:36:10","slug":"muistikustannusten-kasvu-tekemassa-alypuhelimista-huonompia-valmistajat-aikeissa-tinkia-ram-kayttomuistin-maarasta","status":"publish","type":"post","link":"https:\/\/www.europesays.com\/fi\/116428\/","title":{"rendered":"Muistikustannusten kasvu tekem\u00e4ss\u00e4 \u00e4lypuhelimista huonompia \u2013 valmistajat aikeissa tinki\u00e4 RAM-k\u00e4ytt\u00f6muistin m\u00e4\u00e4r\u00e4st\u00e4"},"content":{"rendered":"<p><a href=\"https:\/\/mobiili.fi\/wp-content\/uploads\/2025\/09\/20250909_151717.jpg\" data-lightbox=\"image\" rel=\"nofollow noopener\" target=\"_blank\"><img fetchpriority=\"high\" decoding=\"async\" aria-describedby=\"caption-attachment-265135\" class=\"size-large wp-image-265135\" src=\"data:image\/svg+xml,%3Csvg%20xmlns=\" http:=\"\" alt=\"Esimerkiksi Google on panostanut t\u00e4h\u00e4n asti erityisell\u00e4 tavalla suuriin RAM-k\u00e4ytt\u00f6muistim\u00e4\u00e4riin \u00e4lypuhelimissaan. Kuvassa Google Pixel 10 Pro.\" width=\"1200\" height=\"940\" data-lazy- data-lazy- data-lazy-src=\"https:\/\/www.europesays.com\/fi\/wp-content\/uploads\/2025\/12\/20250909_151717-1200x940.jpg\"\/><\/a><\/p>\n<p id=\"caption-attachment-265135\" class=\"wp-caption-text\">Esimerkiksi Google on panostanut t\u00e4h\u00e4n asti erityisell\u00e4 tavalla suuriin RAM-k\u00e4ytt\u00f6muistim\u00e4\u00e4riin \u00e4lypuhelimissaan. Kuvassa Google Pixel 10 Pro.<\/p>\n<p>Muistikustannusten kasvu tulee n\u00e4kym\u00e4\u00e4n \u00e4lypuhelimissa todenn\u00e4k\u00f6isesti nousevien hintojen ohella my\u00f6s tuotteiden heikentymisen\u00e4, kun valmistajat pyrkiv\u00e4t s\u00e4\u00e4st\u00e4m\u00e4\u00e4n.<\/p>\n<p>Erityisesti RAM-k\u00e4ytt\u00f6muistin osalta maailmanmarkkinat ovat kiristyneet viime aikoina johtaen hintojen merkitt\u00e4v\u00e4\u00e4n nousuun, kun teko\u00e4lylaskennan tarpeet ja datakeskusrakentamisen kiihtyminen kasvattavat muistipiirien menekki\u00e4.<\/p>\n<p>Kuten kerroimme aiemmin, <a href=\"https:\/\/mobiili.fi\/?p=270458&amp;preview=true\" rel=\"nofollow noopener\" target=\"_blank\">ensimm\u00e4isi\u00e4 raportteja \u00e4lypuhelinten hinnankorotuksista on jo nyt kuultu<\/a>, mink\u00e4 lis\u00e4ksi \u00e4lypuhelinten hintojen voi odottaa nousevan uusien mallien yhteydess\u00e4.<\/p>\n<p style=\"width: 98%; text-align: center; font-size:13px; border-bottom: 1px solid #C8C8C8; line-height: 0.1em; margin: 8px 1% 16px 1%;\">MAINOS (ARTIKKELI JATKUU ALLA)<\/p>\n<p>Tuotteidensa hintojen nostamista \u00e4lypuhelinvalmistajat pyrkiv\u00e4t taistelemaan tuotteita heikent\u00e4m\u00e4ll\u00e4.<\/p>\n<p><a href=\"https:\/\/www.trendforce.com\/presscenter\/news\/20251211-12831.html\" rel=\"nofollow noopener\" target=\"_blank\">Tutkimusyritys TrendForce on jo ennakoinut<\/a> sek\u00e4 \u00e4lypuhelin- ett\u00e4 tietokonevalmistajien aikovan leikata RAM-k\u00e4ytt\u00f6muistin m\u00e4\u00e4r\u00e4\u00e4 tulevissa tuotteissa.<\/p>\n<p>K\u00e4yt\u00e4nn\u00f6ss\u00e4 t\u00e4m\u00e4 tarkoittaa, ett\u00e4 markkinoilla n\u00e4hd\u00e4\u00e4n v\u00e4hemm\u00e4n suurella 16 gigatavun RAM-k\u00e4ytt\u00f6muistilla varustettuja \u00e4lypuhelimia. Samalla 12 gigatavulla aiemmin suunniteltujen puhelinten osalta k\u00e4ytt\u00f6muistin m\u00e4\u00e4r\u00e4 voidaan pudottaa 8 gigatavuun ja niin edelleen. Edullisemmissa puhelimissa 6 gigatavun sijaan RAM-k\u00e4ytt\u00f6muistin m\u00e4\u00e4r\u00e4 voi j\u00e4\u00e4d\u00e4 4 gigatavuun, jota on jo jonkin aikaa pidetty jonkinlaisena v\u00e4himm\u00e4istasona hyv\u00e4\u00e4n k\u00e4ytt\u00f6kokemukseen Android-puhelimissa.<\/p>\n<p style=\"width: 98%; text-align: center; font-size:13px; border-bottom: 1px solid #C8C8C8; line-height: 0.1em; margin: 8px 1% 16px 1%;\">MAINOS (ARTIKKELI JATKUU ALLA)<\/p>\n<p>Tavallaan tilanne on todella nurinkurinen, sill\u00e4 valmistajat ovat tekem\u00e4ss\u00e4 leikkauksia RAM-k\u00e4ytt\u00f6muistin m\u00e4\u00e4r\u00e4\u00e4n \u00e4lypuhelimissa teko\u00e4lybuumin takia samanaikaisesti, kun teko\u00e4ly kasvattaa tarvetta suuremmille RAM-muisteille puhelimissakin. Suuremmat RAM-muistit mahdollistavat teko\u00e4lymallien ajamisen suoraan laitteissa, kun mallin on mahduttava muistiin. Esimerkiksi Apple on rajannut Apple Intelligence -teko\u00e4lytoimintonsa vain niihin iPhoneihin, joissa on 8 gigatavua RAM-k\u00e4ytt\u00f6muistia.<\/p>\n<p>\u00c4lypuhelinvalmistajista suureen RAM-k\u00e4ytt\u00f6muistin m\u00e4\u00e4r\u00e4\u00e4n on panostanut erityisesti Google, jonka Pixel 10:ss\u00e4 on 12 gigatavua ja kaikissa Pixel 10 Pro -malleissa 16 gigatavua RAM-k\u00e4ytt\u00f6muistia. N\u00e4ht\u00e4v\u00e4ksi j\u00e4\u00e4, jatkaako Google kuitenkin n\u00e4ill\u00e4 suurilla m\u00e4\u00e4rill\u00e4 seuraavissakin alkusyksyst\u00e4 odotettavissa Pixel 11 -puhelimissa teko\u00e4lyn ollessa monella tavalla sille niin keskeist\u00e4. Jos n\u00e4in on, tullee se tuntumaan hinnassa.<\/p>\n<p>Mainos: <a href=\"https:\/\/hinta.fi\/?src=gPp6fX03\" target=\"_blank\" rel=\"nofollow noopener\">Noin 1 600 000 tuotteen hintavertailu ja hintaseuranta &#8211; katso Hinta.fist\u00e4 mist\u00e4 saat halvimmalla<\/a><\/p>\n","protected":false},"excerpt":{"rendered":"Esimerkiksi Google on panostanut t\u00e4h\u00e4n asti erityisell\u00e4 tavalla suuriin RAM-k\u00e4ytt\u00f6muistim\u00e4\u00e4riin \u00e4lypuhelimissaan. Kuvassa Google Pixel 10 Pro. Muistikustannusten kasvu&hellip;\n","protected":false},"author":2,"featured_media":116429,"comment_status":"","ping_status":"","sticky":false,"template":"","format":"standard","meta":{"footnotes":""},"categories":[76],"tags":[79,77,33,31,30,32,78],"class_list":{"0":"post-116428","1":"post","2":"type-post","3":"status-publish","4":"format-standard","5":"has-post-thumbnail","7":"category-talous","8":"tag-business","9":"tag-economy","10":"tag-fi","11":"tag-finland","12":"tag-finnish","13":"tag-suomi","14":"tag-talous"},"share_on_mastodon":{"url":"https:\/\/pubeurope.com\/@fi\/115719843706435276","error":""},"_links":{"self":[{"href":"https:\/\/www.europesays.com\/fi\/wp-json\/wp\/v2\/posts\/116428","targetHints":{"allow":["GET"]}}],"collection":[{"href":"https:\/\/www.europesays.com\/fi\/wp-json\/wp\/v2\/posts"}],"about":[{"href":"https:\/\/www.europesays.com\/fi\/wp-json\/wp\/v2\/types\/post"}],"author":[{"embeddable":true,"href":"https:\/\/www.europesays.com\/fi\/wp-json\/wp\/v2\/users\/2"}],"replies":[{"embeddable":true,"href":"https:\/\/www.europesays.com\/fi\/wp-json\/wp\/v2\/comments?post=116428"}],"version-history":[{"count":0,"href":"https:\/\/www.europesays.com\/fi\/wp-json\/wp\/v2\/posts\/116428\/revisions"}],"wp:featuredmedia":[{"embeddable":true,"href":"https:\/\/www.europesays.com\/fi\/wp-json\/wp\/v2\/media\/116429"}],"wp:attachment":[{"href":"https:\/\/www.europesays.com\/fi\/wp-json\/wp\/v2\/media?parent=116428"}],"wp:term":[{"taxonomy":"category","embeddable":true,"href":"https:\/\/www.europesays.com\/fi\/wp-json\/wp\/v2\/categories?post=116428"},{"taxonomy":"post_tag","embeddable":true,"href":"https:\/\/www.europesays.com\/fi\/wp-json\/wp\/v2\/tags?post=116428"}],"curies":[{"name":"wp","href":"https:\/\/api.w.org\/{rel}","templated":true}]}}