{"id":116430,"date":"2025-12-14T20:37:10","date_gmt":"2025-12-14T20:37:10","guid":{"rendered":"https:\/\/www.europesays.com\/fi\/116430\/"},"modified":"2025-12-14T20:37:10","modified_gmt":"2025-12-14T20:37:10","slug":"kuuban-kommunistinen-puolue-siirtaa-puoluekokousta-talouskriisin-vuoksi-uutisia-lyhyesti","status":"publish","type":"post","link":"https:\/\/www.europesays.com\/fi\/116430\/","title":{"rendered":"Kuuban kommunistinen puolue siirt\u00e4\u00e4 puoluekokousta talouskriisin vuoksi | Uutisia lyhyesti"},"content":{"rendered":"<p class=\"aw-1gybjub aw-1p7kakr kEtdKx cEmitX yle__article__paragraph\">Kuuban kommunistinen puolue on siirt\u00e4nyt huhtikuulle 2026 kaavailtua puoluekokoustaan maan talouskriisin vuoksi, valtiollinen media ilmoitti sunnuntaina.<\/p>\n<p class=\"aw-1gybjub aw-1p7kakr kEtdKx cEmitX yle__article__paragraph\">Kommunistien hallitsemalla Karibian saarella puoluekokoukset j\u00e4rjestet\u00e4\u00e4n tavallisesti viiden vuoden v\u00e4lein.<\/p>\n<p class=\"aw-1gybjub aw-1p7kakr kEtdKx cEmitX yle__article__paragraph\">P\u00e4\u00e4t\u00f6s siirt\u00e4\u00e4 kokous toistaiseksi m\u00e4\u00e4rittelem\u00e4tt\u00f6m\u00e4\u00e4n ajankohtaan tehtiin lauantaina sen j\u00e4lkeen, kun entinen presidentti <strong class=\"aw-ak79eh KyCXm yle__article__strong\">Raul Castro<\/strong> ehdotti siirtoa kirjeell\u00e4.<\/p>\n<p class=\"aw-1gybjub aw-1p7kakr kEtdKx cEmitX yle__article__paragraph\">94-vuotias Castro j\u00e4i el\u00e4kkeelle presidentin teht\u00e4vist\u00e4 huhtikuussa 2021, mutta h\u00e4nell\u00e4 on yh\u00e4 paljon poliittista vaikutusvaltaa.<\/p>\n<p class=\"aw-1gybjub aw-1p7kakr kEtdKx cEmitX yle__article__paragraph\">Presidentti <strong class=\"aw-ak79eh KyCXm yle__article__strong\">Miguel Diaz-Canel<\/strong> julkisti Castrolta tulleen ehdotuksen, kertoo Cubadebate-verkkosivusto.<\/p>\n<p class=\"aw-1gybjub aw-1p7kakr kEtdKx cEmitX yle__article__paragraph\">L\u00e4hde: AFP<\/p>\n","protected":false},"excerpt":{"rendered":"Kuuban kommunistinen puolue on siirt\u00e4nyt huhtikuulle 2026 kaavailtua puoluekokoustaan maan talouskriisin vuoksi, valtiollinen media ilmoitti sunnuntaina. Kommunistien hallitsemalla&hellip;\n","protected":false},"author":2,"featured_media":74,"comment_status":"","ping_status":"","sticky":false,"template":"","format":"standard","meta":{"footnotes":""},"categories":[14],"tags":[22,23,26,27,33,31,30,17,70,9427,21264,24,25,28,29,15,18,21,7204,32,19,20,56,16,59,60,61],"class_list":{"0":"post-116430","1":"post","2":"type-post","3":"status-publish","4":"format-standard","5":"has-post-thumbnail","7":"category-ulkomaat","8":"tag-breaking-news","9":"tag-breakingnews","10":"tag-featured-news","11":"tag-featurednews","12":"tag-fi","13":"tag-finland","14":"tag-finnish","15":"tag-headlines","16":"tag-kansainvalinen-politiikka","17":"tag-kuuba","18":"tag-kuuban-politiikka","19":"tag-latest-news","20":"tag-latestnews","21":"tag-main-news","22":"tag-mainnews","23":"tag-news","24":"tag-otsikot","25":"tag-paauutiset","26":"tag-puoluekokoukset","27":"tag-suomi","28":"tag-top-stories","29":"tag-topstories","30":"tag-ulkomaat","31":"tag-uutiset","32":"tag-world","33":"tag-world-news","34":"tag-worldnews"},"share_on_mastodon":{"url":"https:\/\/pubeurope.com\/@fi\/115719847713700377","error":""},"_links":{"self":[{"href":"https:\/\/www.europesays.com\/fi\/wp-json\/wp\/v2\/posts\/116430","targetHints":{"allow":["GET"]}}],"collection":[{"href":"https:\/\/www.europesays.com\/fi\/wp-json\/wp\/v2\/posts"}],"about":[{"href":"https:\/\/www.europesays.com\/fi\/wp-json\/wp\/v2\/types\/post"}],"author":[{"embeddable":true,"href":"https:\/\/www.europesays.com\/fi\/wp-json\/wp\/v2\/users\/2"}],"replies":[{"embeddable":true,"href":"https:\/\/www.europesays.com\/fi\/wp-json\/wp\/v2\/comments?post=116430"}],"version-history":[{"count":0,"href":"https:\/\/www.europesays.com\/fi\/wp-json\/wp\/v2\/posts\/116430\/revisions"}],"wp:featuredmedia":[{"embeddable":true,"href":"https:\/\/www.europesays.com\/fi\/wp-json\/wp\/v2\/media\/74"}],"wp:attachment":[{"href":"https:\/\/www.europesays.com\/fi\/wp-json\/wp\/v2\/media?parent=116430"}],"wp:term":[{"taxonomy":"category","embeddable":true,"href":"https:\/\/www.europesays.com\/fi\/wp-json\/wp\/v2\/categories?post=116430"},{"taxonomy":"post_tag","embeddable":true,"href":"https:\/\/www.europesays.com\/fi\/wp-json\/wp\/v2\/tags?post=116430"}],"curies":[{"name":"wp","href":"https:\/\/api.w.org\/{rel}","templated":true}]}}