{"id":116435,"date":"2025-12-14T20:51:14","date_gmt":"2025-12-14T20:51:14","guid":{"rendered":"https:\/\/www.europesays.com\/fi\/116435\/"},"modified":"2025-12-14T20:51:14","modified_gmt":"2025-12-14T20:51:14","slug":"rosanna-kulju-paljasti-vauvansa-sukupuolen","status":"publish","type":"post","link":"https:\/\/www.europesays.com\/fi\/116435\/","title":{"rendered":"Rosanna Kulju paljasti vauvansa sukupuolen"},"content":{"rendered":"<p><strong class=\"typography-bold\">Rosanna Kulju on saavuttamassa kauan kaipaamansa unelman, oman lapsen. Nyt h\u00e4n kertoo, mit\u00e4 kaikkea se on vaatinut.<\/strong><\/p>\n<p>Somevaikuttaja ja juontaja <strong class=\"typography-bold\">Rosanna Kulju<\/strong> on kertonut avoimesti perheen perustamiseen liittyvist\u00e4 haaveistaan ja haasteistaan. Lapsettomuushoitojen kautta kuljettu kivinen tie on edennyt onnellisesti siihen pisteeseen, ett\u00e4 perheess\u00e4 odotetaan nyt Kuljun esikoista.<\/p>\n<p>Kulju, 34, kertoo Huomenta Suomen haastattelussa seuranneensa ik\u00e4toveriensa perheiden kasvua synnyinkaupungissaan Haaparannassa ilman, ett\u00e4 h\u00e4nell\u00e4 on sit\u00e4 ensimm\u00e4ist\u00e4k\u00e4\u00e4n lasta.<\/p>\n<p>\u2013 Etel\u00e4ss\u00e4 ei ole niin kiire, ja ehk\u00e4 v\u00e4h\u00e4n my\u00f6hemmin ollaan perhehaaveiden \u00e4\u00e4rell\u00e4. Pohjoisessa ollaan siin\u00e4 pisteess\u00e4 huomattavasti aikaisemmin, h\u00e4n kertoo.<\/p>\n<p>Kulju itse on viisilapsisesta perheest\u00e4 l\u00e4ht\u00f6isin ja on ollut vakuuttunut haluavansa my\u00f6s lapsen.<\/p>\n<p>\u2013 Olen aina tiennyt, ett\u00e4 haluan \u00e4idiksi.<\/p>\n<p><strong class=\"typography-bold\">Yll\u00e4tti paljastuksella juontajankin<\/strong><\/p>\n<p>Kulju paljasti l\u00e4hetyksess\u00e4 my\u00f6s ensimm\u00e4ist\u00e4 kertaa lapsensa sukupuolen.<\/p>\n","protected":false},"excerpt":{"rendered":"Rosanna Kulju on saavuttamassa kauan kaipaamansa unelman, oman lapsen. Nyt h\u00e4n kertoo, mit\u00e4 kaikkea se on vaatinut. Somevaikuttaja&hellip;\n","protected":false},"author":2,"featured_media":116436,"comment_status":"","ping_status":"","sticky":false,"template":"","format":"standard","meta":{"footnotes":""},"categories":[136],"tags":[407,137,33,31,30,408,32,109],"class_list":{"0":"post-116435","1":"post","2":"type-post","3":"status-publish","4":"format-standard","5":"has-post-thumbnail","7":"category-julkkikset","8":"tag-celebrities","9":"tag-entertainment","10":"tag-fi","11":"tag-finland","12":"tag-finnish","13":"tag-julkkikset","14":"tag-suomi","15":"tag-viihde"},"share_on_mastodon":{"url":"https:\/\/pubeurope.com\/@fi\/115719902511243742","error":""},"_links":{"self":[{"href":"https:\/\/www.europesays.com\/fi\/wp-json\/wp\/v2\/posts\/116435","targetHints":{"allow":["GET"]}}],"collection":[{"href":"https:\/\/www.europesays.com\/fi\/wp-json\/wp\/v2\/posts"}],"about":[{"href":"https:\/\/www.europesays.com\/fi\/wp-json\/wp\/v2\/types\/post"}],"author":[{"embeddable":true,"href":"https:\/\/www.europesays.com\/fi\/wp-json\/wp\/v2\/users\/2"}],"replies":[{"embeddable":true,"href":"https:\/\/www.europesays.com\/fi\/wp-json\/wp\/v2\/comments?post=116435"}],"version-history":[{"count":0,"href":"https:\/\/www.europesays.com\/fi\/wp-json\/wp\/v2\/posts\/116435\/revisions"}],"wp:featuredmedia":[{"embeddable":true,"href":"https:\/\/www.europesays.com\/fi\/wp-json\/wp\/v2\/media\/116436"}],"wp:attachment":[{"href":"https:\/\/www.europesays.com\/fi\/wp-json\/wp\/v2\/media?parent=116435"}],"wp:term":[{"taxonomy":"category","embeddable":true,"href":"https:\/\/www.europesays.com\/fi\/wp-json\/wp\/v2\/categories?post=116435"},{"taxonomy":"post_tag","embeddable":true,"href":"https:\/\/www.europesays.com\/fi\/wp-json\/wp\/v2\/tags?post=116435"}],"curies":[{"name":"wp","href":"https:\/\/api.w.org\/{rel}","templated":true}]}}