{"id":116444,"date":"2025-12-14T21:04:08","date_gmt":"2025-12-14T21:04:08","guid":{"rendered":"https:\/\/www.europesays.com\/fi\/116444\/"},"modified":"2025-12-14T21:04:08","modified_gmt":"2025-12-14T21:04:08","slug":"hamas-vahvistaa-israelin-surmanneen-yhden-sen-johtajista-uutissuomalainen","status":"publish","type":"post","link":"https:\/\/www.europesays.com\/fi\/116444\/","title":{"rendered":"Hamas vahvistaa Israelin surmanneen yhden sen johtajista | Uutissuomalainen"},"content":{"rendered":"<p>Palestiinalainen \u00e4\u00e4rij\u00e4rjest\u00f6 Hamas vahvistaa, ett\u00e4 Israel surmasi j\u00e4rjest\u00f6n aseellisen siiven asetuotannosta vastaavan johtajan iskussaan Gazassa lauantaina.<\/p>\n<p>Israel ilmoitti lauantaina jatkaneensa iskuja Gazan kaistalla aselevosta huolimatta ja tappaneensa Hamas-johtajan.<\/p>\n<p>Hamasin edustaja sanoi my\u00f6s, ett\u00e4 \u00e4\u00e4rij\u00e4rjest\u00f6ll\u00e4 on laillinen oikeus pit\u00e4\u00e4 halussaan aseita.<\/p>\n<p>Hamasin aseistariisunta on osa Yhdysvaltain presidentin Donald Trumpin rauhansuunnitelmaa Gazaan. Hamas on kuitenkin vastustanut ehdotusta t\u00e4ydellisest\u00e4 aseistariisunnasta.<\/p>\n","protected":false},"excerpt":{"rendered":"Palestiinalainen \u00e4\u00e4rij\u00e4rjest\u00f6 Hamas vahvistaa, ett\u00e4 Israel surmasi j\u00e4rjest\u00f6n aseellisen siiven asetuotannosta vastaavan johtajan iskussaan Gazassa lauantaina. Israel ilmoitti&hellip;\n","protected":false},"author":2,"featured_media":116445,"comment_status":"","ping_status":"","sticky":false,"template":"","format":"standard","meta":{"footnotes":""},"categories":[14],"tags":[802,804,820,22,23,585,26,27,33,31,30,17,24,25,803,28,29,15,18,21,637,144,32,19,20,56,16,59,60,61],"class_list":{"0":"post-116444","1":"post","2":"type-post","3":"status-publish","4":"format-standard","5":"has-post-thumbnail","7":"category-ulkomaat","8":"tag-armeijat-ja-aseelliset-joukot","9":"tag-aseelliset-konfliktit","10":"tag-aseet","11":"tag-breaking-news","12":"tag-breakingnews","13":"tag-donald-trump","14":"tag-featured-news","15":"tag-featurednews","16":"tag-fi","17":"tag-finland","18":"tag-finnish","19":"tag-headlines","20":"tag-latest-news","21":"tag-latestnews","22":"tag-levottomuudet-ja-sodat","23":"tag-main-news","24":"tag-mainnews","25":"tag-news","26":"tag-otsikot","27":"tag-paauutiset","28":"tag-politiikka","29":"tag-presidentti","30":"tag-suomi","31":"tag-top-stories","32":"tag-topstories","33":"tag-ulkomaat","34":"tag-uutiset","35":"tag-world","36":"tag-world-news","37":"tag-worldnews"},"share_on_mastodon":{"url":"https:\/\/pubeurope.com\/@fi\/115719953701964975","error":""},"_links":{"self":[{"href":"https:\/\/www.europesays.com\/fi\/wp-json\/wp\/v2\/posts\/116444","targetHints":{"allow":["GET"]}}],"collection":[{"href":"https:\/\/www.europesays.com\/fi\/wp-json\/wp\/v2\/posts"}],"about":[{"href":"https:\/\/www.europesays.com\/fi\/wp-json\/wp\/v2\/types\/post"}],"author":[{"embeddable":true,"href":"https:\/\/www.europesays.com\/fi\/wp-json\/wp\/v2\/users\/2"}],"replies":[{"embeddable":true,"href":"https:\/\/www.europesays.com\/fi\/wp-json\/wp\/v2\/comments?post=116444"}],"version-history":[{"count":0,"href":"https:\/\/www.europesays.com\/fi\/wp-json\/wp\/v2\/posts\/116444\/revisions"}],"wp:featuredmedia":[{"embeddable":true,"href":"https:\/\/www.europesays.com\/fi\/wp-json\/wp\/v2\/media\/116445"}],"wp:attachment":[{"href":"https:\/\/www.europesays.com\/fi\/wp-json\/wp\/v2\/media?parent=116444"}],"wp:term":[{"taxonomy":"category","embeddable":true,"href":"https:\/\/www.europesays.com\/fi\/wp-json\/wp\/v2\/categories?post=116444"},{"taxonomy":"post_tag","embeddable":true,"href":"https:\/\/www.europesays.com\/fi\/wp-json\/wp\/v2\/tags?post=116444"}],"curies":[{"name":"wp","href":"https:\/\/api.w.org\/{rel}","templated":true}]}}