{"id":116446,"date":"2025-12-14T21:05:10","date_gmt":"2025-12-14T21:05:10","guid":{"rendered":"https:\/\/www.europesays.com\/fi\/116446\/"},"modified":"2025-12-14T21:05:10","modified_gmt":"2025-12-14T21:05:10","slug":"poliisi-etsii-tata-miesta-joensuussa-havainnot-hatanumeroon","status":"publish","type":"post","link":"https:\/\/www.europesays.com\/fi\/116446\/","title":{"rendered":"Poliisi etsii t\u00e4t\u00e4 miest\u00e4 Joensuussa \u2013 Havainnot h\u00e4t\u00e4numeroon"},"content":{"rendered":"<p>Mies on havaittu viimeksi torstaina.<\/p>\n<p><img decoding=\"async\" class=\"image image-show image-preview\" src=\"https:\/\/www.europesays.com\/fi\/wp-content\/uploads\/2025\/12\/c411640a24b3a0d290363df072ea3ac5d0a14942d1ffd35c698006273c4b8703.png\" alt=\"\"\/><img decoding=\"async\" class=\"image image-show\" src=\"https:\/\/www.europesays.com\/fi\/wp-content\/uploads\/2025\/12\/1765746309_5_c411640a24b3a0d290363df072ea3ac5d0a14942d1ffd35c698006273c4b8703.png\" alt=\"\"\/><\/p>\n<p>T\u00e4lt\u00e4 kadonnut mies n\u00e4ytt\u00e4\u00e4. Kuvat: Poliisi<\/p>\n<p class=\"paragraph\">Poliisi pyyt\u00e4\u00e4 havaintoja Joensuussa kadonneesta 40-vuotiaasta miehest\u00e4. Poliisi kertoo, ett\u00e4 mieheen on saatu viimeksi yhteys torstaina.<\/p>\n<p class=\"paragraph\">Miehen liikkeist\u00e4 ei ole tietoa viime torstain j\u00e4lkeen. Kaikki havainnot miehest\u00e4 pyydet\u00e4\u00e4n h\u00e4t\u00e4numeroon 112.<\/p>\n<p class=\"paragraph\">Mies on noin 150 senttimetri\u00e4 pitk\u00e4, normaalivartaloinen ja k\u00e4ytt\u00e4\u00e4 normaalisti reisitaskuhousuja. Poliisin mukaan mies on kadonnut Joensuun keskustan alueelta.<\/p>\n","protected":false},"excerpt":{"rendered":"Mies on havaittu viimeksi torstaina. T\u00e4lt\u00e4 kadonnut mies n\u00e4ytt\u00e4\u00e4. Kuvat: Poliisi Poliisi pyyt\u00e4\u00e4 havaintoja Joensuussa kadonneesta 40-vuotiaasta miehest\u00e4.&hellip;\n","protected":false},"author":2,"featured_media":116447,"comment_status":"","ping_status":"","sticky":false,"template":"","format":"standard","meta":{"footnotes":""},"categories":[12],"tags":[35,22,23,26,27,33,31,30,17,55,24,25,28,29,15,18,21,122,54,103,32,19,20,546,16],"class_list":{"0":"post-116446","1":"post","2":"type-post","3":"status-publish","4":"format-standard","5":"has-post-thumbnail","7":"category-suomi","8":"tag-24h","9":"tag-breaking-news","10":"tag-breakingnews","11":"tag-featured-news","12":"tag-featurednews","13":"tag-fi","14":"tag-finland","15":"tag-finnish","16":"tag-headlines","17":"tag-lainvalvonta","18":"tag-latest-news","19":"tag-latestnews","20":"tag-main-news","21":"tag-mainnews","22":"tag-news","23":"tag-otsikot","24":"tag-paauutiset","25":"tag-pelastaminen","26":"tag-pelastuspalvelut","27":"tag-sosiaalikysymykset","28":"tag-suomi","29":"tag-top-stories","30":"tag-topstories","31":"tag-turvallisuus","32":"tag-uutiset"},"share_on_mastodon":{"url":"https:\/\/pubeurope.com\/@fi\/115719957930917070","error":""},"_links":{"self":[{"href":"https:\/\/www.europesays.com\/fi\/wp-json\/wp\/v2\/posts\/116446","targetHints":{"allow":["GET"]}}],"collection":[{"href":"https:\/\/www.europesays.com\/fi\/wp-json\/wp\/v2\/posts"}],"about":[{"href":"https:\/\/www.europesays.com\/fi\/wp-json\/wp\/v2\/types\/post"}],"author":[{"embeddable":true,"href":"https:\/\/www.europesays.com\/fi\/wp-json\/wp\/v2\/users\/2"}],"replies":[{"embeddable":true,"href":"https:\/\/www.europesays.com\/fi\/wp-json\/wp\/v2\/comments?post=116446"}],"version-history":[{"count":0,"href":"https:\/\/www.europesays.com\/fi\/wp-json\/wp\/v2\/posts\/116446\/revisions"}],"wp:featuredmedia":[{"embeddable":true,"href":"https:\/\/www.europesays.com\/fi\/wp-json\/wp\/v2\/media\/116447"}],"wp:attachment":[{"href":"https:\/\/www.europesays.com\/fi\/wp-json\/wp\/v2\/media?parent=116446"}],"wp:term":[{"taxonomy":"category","embeddable":true,"href":"https:\/\/www.europesays.com\/fi\/wp-json\/wp\/v2\/categories?post=116446"},{"taxonomy":"post_tag","embeddable":true,"href":"https:\/\/www.europesays.com\/fi\/wp-json\/wp\/v2\/tags?post=116446"}],"curies":[{"name":"wp","href":"https:\/\/api.w.org\/{rel}","templated":true}]}}