{"id":116450,"date":"2025-12-14T21:18:09","date_gmt":"2025-12-14T21:18:09","guid":{"rendered":"https:\/\/www.europesays.com\/fi\/116450\/"},"modified":"2025-12-14T21:18:09","modified_gmt":"2025-12-14T21:18:09","slug":"nahdaanko-cristiano-ronaldo-suositussa-elokuvasarjassa-kirjoitimme-hanelle-roolin","status":"publish","type":"post","link":"https:\/\/www.europesays.com\/fi\/116450\/","title":{"rendered":"N\u00e4hd\u00e4\u00e4nk\u00f6 Cristiano Ronaldo suositussa elokuvasarjassa? \u201dKirjoitimme h\u00e4nelle roolin\u201d"},"content":{"rendered":"<p>Vin Diesel teki mielenkiintoisen p\u00e4ivityksen.<\/p>\n<p><img decoding=\"async\" class=\"image image-show image-preview\" src=\"https:\/\/www.europesays.com\/fi\/wp-content\/uploads\/2025\/12\/b42fa3e0f24ad1a2c3108633b2cfb612efa72070b298349be5ab3fc28ad9b4d8.jpg\" alt=\"\"\/><img decoding=\"async\" class=\"image image-show\" src=\"https:\/\/www.europesays.com\/fi\/wp-content\/uploads\/2025\/12\/1765747089_638_b42fa3e0f24ad1a2c3108633b2cfb612efa72070b298349be5ab3fc28ad9b4d8.jpg\" alt=\"\"\/><\/p>\n<p>N\u00e4hd\u00e4\u00e4nk\u00f6 Cristiano Ronaldo pian my\u00f6s elokuvat\u00e4hten\u00e4? EPA\/AOP<\/p>\n<p class=\"paragraph\"><strong>Vin Diesel<\/strong> julkaisi Instagramissa kuvan, jossa h\u00e4n poseeraa <strong>Cristiano Ronaldon<\/strong> kanssa.<\/p>\n<p class=\"paragraph\">Jenkkin\u0101yttelij\u00e4, joka on toiminut my\u00f6s ohjaajana ja k\u00e4sikirjoittajana, kertoi, ett\u00e4 h\u00e4nelt\u00e4 kysell\u00e4\u00e4n jatkuvasti, voisiko Ronaldo esiinty\u00e4 suositussa Fast &amp; Furious -leffasarjassa.<\/p>\n<p class=\"paragraph\">Ja heti per\u00e4\u00e4n mies vastasi fanien kysymyksiin:<\/p>\n<p class=\"paragraph\">\u2013 Kirjoitimme h\u00e4nelle roolin, Diesel kirjoittaa.<\/p>\n<p class=\"paragraph\">Elokuvasarjan seuraava ja n\u00e4ill\u00e4 n\u00e4kymin viimeinen osa on tulossa teattereihin huhtikuussa 2027. Mutta n\u00e4hd\u00e4\u00e4nk\u00f6 Ronaldo, 40, todella siin\u00e4?<\/p>\n<p class=\"paragraph\">Portugalilaist\u00e4hden sopimus Al Nassr Riyadhin kanssa p\u00e4\u00e4ttyy vasta kes\u00e4kuussa 2027, joten n\u00e4ht\u00e4v\u00e4ksi j\u00e4\u00e4, ehtiik\u00f6 Ronaldo futiskiireilt\u00e4 my\u00f6s leffakuvauksiin.<\/p>\n<p class=\"paragraph\">Fast &amp; Furious -elokuvia on tehty jo 11 osaa. Viimeisin n\u00e4ist\u00e4 julkaistiin vuonna 2023.<\/p>\n<p class=\"paragraph\">Jos kuva ei n\u00e4y laitteellasi, voit katsoa sen <a href=\"https:\/\/www.instagram.com\/p\/DSJ_naSjkDz\/\" target=\"_blank\" rel=\"noopener nofollow\">t\u00e4\u00e4lt\u00e4<\/a>.<\/p>\n<p><script async src=\"\/\/www.instagram.com\/embed.js\"><\/script><\/p>\n","protected":false},"excerpt":{"rendered":"Vin Diesel teki mielenkiintoisen p\u00e4ivityksen. N\u00e4hd\u00e4\u00e4nk\u00f6 Cristiano Ronaldo pian my\u00f6s elokuvat\u00e4hten\u00e4? EPA\/AOP Vin Diesel julkaisi Instagramissa kuvan, jossa&hellip;\n","protected":false},"author":2,"featured_media":116451,"comment_status":"","ping_status":"","sticky":false,"template":"","format":"standard","meta":{"footnotes":""},"categories":[136],"tags":[35,153,407,2234,137,33,31,30,408,763,1616,32,397,140,109],"class_list":{"0":"post-116450","1":"post","2":"type-post","3":"status-publish","4":"format-standard","5":"has-post-thumbnail","7":"category-julkkikset","8":"tag-24h","9":"tag-audiovisuaalinen-media","10":"tag-celebrities","11":"tag-elokuvagenre","12":"tag-entertainment","13":"tag-fi","14":"tag-finland","15":"tag-finnish","16":"tag-julkkikset","17":"tag-kulttuuri-ja-viihde","18":"tag-media-viestinta","19":"tag-suomi","20":"tag-taide","21":"tag-tv-ja-elokuvat","22":"tag-viihde"},"share_on_mastodon":{"url":"https:\/\/pubeurope.com\/@fi\/115720008873575320","error":""},"_links":{"self":[{"href":"https:\/\/www.europesays.com\/fi\/wp-json\/wp\/v2\/posts\/116450","targetHints":{"allow":["GET"]}}],"collection":[{"href":"https:\/\/www.europesays.com\/fi\/wp-json\/wp\/v2\/posts"}],"about":[{"href":"https:\/\/www.europesays.com\/fi\/wp-json\/wp\/v2\/types\/post"}],"author":[{"embeddable":true,"href":"https:\/\/www.europesays.com\/fi\/wp-json\/wp\/v2\/users\/2"}],"replies":[{"embeddable":true,"href":"https:\/\/www.europesays.com\/fi\/wp-json\/wp\/v2\/comments?post=116450"}],"version-history":[{"count":0,"href":"https:\/\/www.europesays.com\/fi\/wp-json\/wp\/v2\/posts\/116450\/revisions"}],"wp:featuredmedia":[{"embeddable":true,"href":"https:\/\/www.europesays.com\/fi\/wp-json\/wp\/v2\/media\/116451"}],"wp:attachment":[{"href":"https:\/\/www.europesays.com\/fi\/wp-json\/wp\/v2\/media?parent=116450"}],"wp:term":[{"taxonomy":"category","embeddable":true,"href":"https:\/\/www.europesays.com\/fi\/wp-json\/wp\/v2\/categories?post=116450"},{"taxonomy":"post_tag","embeddable":true,"href":"https:\/\/www.europesays.com\/fi\/wp-json\/wp\/v2\/tags?post=116450"}],"curies":[{"name":"wp","href":"https:\/\/api.w.org\/{rel}","templated":true}]}}