{"id":116460,"date":"2025-12-14T21:31:10","date_gmt":"2025-12-14T21:31:10","guid":{"rendered":"https:\/\/www.europesays.com\/fi\/116460\/"},"modified":"2025-12-14T21:31:10","modified_gmt":"2025-12-14T21:31:10","slug":"viikonloppu-himoksella-paattyi-painajaismaisesti-perhetuttu-tunki-teinityton-sankyyn-ja-raiskasi","status":"publish","type":"post","link":"https:\/\/www.europesays.com\/fi\/116460\/","title":{"rendered":"Viikonloppu Himoksella p\u00e4\u00e4ttyi painajaismaisesti \u2013 Perhetuttu tunki teinityt\u00f6n s\u00e4nkyyn ja raiskasi"},"content":{"rendered":"<p>Teinitytt\u00f6 piti 30-vuotiasta miest\u00e4 veljen\u00e4\u00e4n. Mies k\u00e4ytti luottamussuhdetta hirve\u00e4ll\u00e4 tavalla hyv\u00e4kseen.<\/p>\n<p><img decoding=\"async\" class=\"image image-show image-preview\" src=\"https:\/\/www.europesays.com\/fi\/wp-content\/uploads\/2025\/12\/61390afe306d16db2583267803cb592968741946b3bbf63c81479931612cf12c.jpg\" alt=\"\"\/><img decoding=\"async\" class=\"image image-show\" src=\"https:\/\/www.europesays.com\/fi\/wp-content\/uploads\/2025\/12\/1765747869_261_61390afe306d16db2583267803cb592968741946b3bbf63c81479931612cf12c.jpg\" alt=\"\"\/><\/p>\n<p>Helsingin hovioikeus passitti teinityt\u00f6n raiskanneen miehen vankilaan. Eevi Karvinen<\/p>\n<ul>\n<li>Helsingin hovioikeus on tuominnut 32-vuotiaan miehen t\u00f6rke\u00e4st\u00e4 raiskauksesta kolmeksi vuodeksi vankeuteen.<\/li>\n<li>Mies raiskasi 17-vuotiaan tyt\u00f6n Himoksella vuokram\u00f6kiss\u00e4 l\u00e4hes kaksi vuotta sitten.<\/li>\n<li>Pari p\u00e4iv\u00e4\u00e4 raiskauksen j\u00e4lkeen mies etsi verkosta tietoa muun muassa suojaik\u00e4rajasta ja seksuaalirikostutkimuksista.<\/li>\n<\/ul>\n<p class=\"paragraph\">30-vuotias mies raiskasi nukkuvan 17-vuotiaan tammikuussa 2024. Helsingin hovioikeus on tuoreella p\u00e4\u00e4t\u00f6ksell\u00e4\u00e4n tuominnut miehen t\u00f6rke\u00e4st\u00e4 raiskauksesta vankeuteen.<\/p>\n<p class=\"paragraph\">Mies oli viett\u00e4m\u00e4ss\u00e4 viikonloppua J\u00e4ms\u00e4n Himoksella sijaitsevassa vuokram\u00f6kiss\u00e4 yhdess\u00e4 tyt\u00f6n, t\u00e4m\u00e4n \u00e4idin sek\u00e4 \u00e4idin miesyst\u00e4v\u00e4n kanssa.<\/p>\n<p class=\"paragraph\">Raiskaaja oli \u00e4idin miesyst\u00e4v\u00e4n hyv\u00e4 yst\u00e4v\u00e4 ja n\u00e4in ollen l\u00e4heinen perheen kanssa. Mies oli tyt\u00f6lle kuin veli. He olivat tihe\u00e4\u00e4n tekemisiss\u00e4, ja tytt\u00f6 uskoutui miehelle my\u00f6s henkil\u00f6kohtaisista asioistaan.<\/p>\n<p class=\"paragraph\">Mies hyv\u00e4ksik\u00e4ytti tyt\u00f6n luottamusta peruuttamattomalla tavalla.<\/p>\n<p>Seurasi parvelle<\/p>\n<p class=\"paragraph\">Nelihenkinen seurue p\u00e4\u00e4si perille vuokram\u00f6kille kello 20 aikoihin. Ilta kului alkoholia juoden, korttia pelaten ja saunoen. Se p\u00e4\u00e4ttyi y\u00f6kerhoon.<\/p>\n<p class=\"paragraph\">Raiskaaja piti k\u00e4tt\u00e4\u00e4n teinityt\u00f6n lanteilla, jotta muut miehet luulisivat t\u00e4m\u00e4n olevan varattu. Vaikka tilanne oli tyt\u00f6st\u00e4 ep\u00e4miellytt\u00e4v\u00e4 ja hieman ahdistava, ajatteli h\u00e4n miehen vain suojelevan h\u00e4nt\u00e4 iskuyrityksilt\u00e4.<\/p>\n<p class=\"paragraph\">Juominen jatkui viel\u00e4 m\u00f6kille palatessa. Jossain kohtaa tytt\u00f6 tajusi olevansa tuhdissa humalassa ja nousi parvelle nukkumaan.<\/p>\n<p class=\"paragraph\">Miehen oli m\u00e4\u00e4r\u00e4 nukkua alakerran toisessa makuuhuoneessa, ei parvella.<\/p>\n<p class=\"paragraph\">Tytt\u00f6 kertoi k\u00e4r\u00e4j\u00e4oikeudessa sammuneensa l\u00e4hes v\u00e4litt\u00f6m\u00e4sti petiin p\u00e4\u00e4sty\u00e4\u00e4n. H\u00e4n her\u00e4si miehen kosketteluun.<\/p>\n<p>Kylm\u00e4\u00e4v\u00e4t Google-haut<\/p>\n<p class=\"paragraph\">Mies raiskasi tyt\u00f6n t\u00e4m\u00e4n vastusteluista v\u00e4litt\u00e4m\u00e4tt\u00e4.<\/p>\n<p class=\"paragraph\">J\u00e4rkyttynyt ja huonovointinen tytt\u00f6 siirtyi y\u00f6n aikana alakerran sohvalle nukkumaan. Aamulla mies kysyi h\u00e4nelt\u00e4:<\/p>\n<p class=\"paragraph\">\u2013 Vihaatko mua nyt?<\/p>\n<p class=\"paragraph\">Tytt\u00f6 muisteli oikeudessa vastanneensa miehelle kielt\u00e4v\u00e4sti. H\u00e4n ajatteli tuolloin kuvitelleensa raiskauksen.<\/p>\n<p class=\"paragraph\">H\u00e4n uskoutui tapahtuneesta \u00e4idilleen vasta parin p\u00e4iv\u00e4n kuluttua.<\/p>\n<p class=\"paragraph\">Poliisitutkinnassa paljastui, ett\u00e4 raiskaaja oli pari p\u00e4iv\u00e4\u00e4 tapahtumien j\u00e4lkeen googlannut tietoa suojaik\u00e4rajasta, raiskauksesta ja seksuaalirikostutkimuksista.<\/p>\n<p class=\"paragraph\">Mies etsi my\u00f6s tietoa siit\u00e4, j\u00e4\u00e4k\u00f6 dna:ta saunan lauteilla ja kauanko siemenneste s\u00e4ilyy.<\/p>\n<p>K\u00e4r\u00e4j\u00e4oikeus hylk\u00e4si syytteen<\/p>\n<p>Mies raiskasi tyt\u00f6n Himoksella vuokram\u00f6kiss\u00e4 tammikuussa 2024. Kuvituskuva. MATTI MATIKAINEN<\/p>\n<p class=\"paragraph\">Syytett\u00e4 k\u00e4siteltiin It\u00e4-Uudenmaan k\u00e4r\u00e4j\u00e4oikeudessa viime vuoden syksyll\u00e4.<\/p>\n<p class=\"paragraph\">Mies v\u00e4itti menneens\u00e4 tyt\u00f6n viereen nukkumaan sovitusti. H\u00e4n v\u00e4itti, ett\u00e4 asiasta oli puhuttu jo illan aikana, koska lakanoita ei ollut tarpeeksi jokaiseen s\u00e4nkyyn.<\/p>\n<p class=\"paragraph\">Tyt\u00f6n \u00e4iti kertoi kuitenkin pakanneensa petivaatteet koko porukalle ja ihmetelleens\u00e4 aamulla, miksei mies ollut ottanut omiaan k\u00e4ytt\u00f6\u00f6n.<\/p>\n<p class=\"paragraph\">Google-hakujaan mies selitteli paniikilla. H\u00e4n oli juuri kuullut itseens\u00e4 kohdistuvasta rikosep\u00e4ilyst\u00e4.<\/p>\n<p class=\"paragraph\">K\u00e4r\u00e4j\u00e4oikeus katsoi olevan mahdollista, ett\u00e4 mies on pyrkinyt vain saamaan asiasta tietoa.<\/p>\n<p class=\"paragraph\">Toisaalta oikeus arvioi, ett\u00e4 tyt\u00f6n kertomusta tuki j\u00e4lkiehk\u00e4isypillerin ostaminen.<\/p>\n<p class=\"paragraph\">K\u00e4r\u00e4j\u00e4oikeudelle j\u00e4i kuitenkin varteenotettava ep\u00e4ily miehen syyllisyydest\u00e4. Se hylk\u00e4si syytteen t\u00f6rke\u00e4st\u00e4 raiskauksesta.<\/p>\n<p>Hovioikeus passitti vankilaan<\/p>\n<p class=\"paragraph\">Syytt\u00e4j\u00e4 ja uhri valittivat lokakuussa 2024 annetusta ratkaisusta Helsingin hovioikeuteen.<\/p>\n<p class=\"paragraph\">Toisin kuin k\u00e4r\u00e4j\u00e4oikeus, hovioikeus katsoi, etteiv\u00e4t miehen verkkohaut selity yksinomaan tiedonjanolla. Miehell\u00e4 ei ole ollut j\u00e4rkev\u00e4\u00e4 syyt\u00e4 googlata \u201dseksin harrastaminen alaik\u00e4isen kanssa\u201d, jos h\u00e4nen ja uhrin v\u00e4lill\u00e4 ei ollut tapahtunut mit\u00e4\u00e4n seksuaalista.<\/p>\n<p class=\"paragraph\">Hovioikeus arvioi miehen version sis\u00e4lt\u00e4v\u00e4n ep\u00e4uskottavia ja ristiriitaisia seikkoja ja olevan my\u00f6s kokonaisuutena arvostellen ep\u00e4todenn\u00e4k\u00f6inen.<\/p>\n<p class=\"paragraph\">Miehen syyllisyydest\u00e4 ei j\u00e4\u00e4nyt hovioikeudelle varteenotettavaa ep\u00e4ily\u00e4.<\/p>\n<p class=\"paragraph\">Helsingin hovioikeus arvioi raiskauksen t\u00f6rke\u00e4ksi, koska mies oli tyt\u00f6lle l\u00e4heinen ja t\u00e4t\u00e4 huomattavasti vanhempi. Mies raiskasi tyt\u00f6n kotirauhan suojaamassa paikassa, monin eri tavoin.<\/p>\n<p class=\"paragraph\">Hovioikeus tuomitsi nyky\u00e4\u00e4n 32-vuotiaan miehen t\u00f6rke\u00e4st\u00e4 raiskauksesta kolmeksi vuodeksi vankeuteen. Mies m\u00e4\u00e4r\u00e4ttiin heti vangittavaksi ja passitettiin vankilaan.<\/p>\n<p class=\"paragraph\">Miehen tulee hovioikeuden p\u00e4\u00e4t\u00f6ksell\u00e4 maksaa uhrille yhteens\u00e4 12\u00a0500 euroa vahingonkorvauksia.<\/p>\n<p class=\"paragraph\">Iltalehti ei julkaise tuomitun nime\u00e4 uhrin suojelemiseksi.<\/p>\n","protected":false},"excerpt":{"rendered":"Teinitytt\u00f6 piti 30-vuotiasta miest\u00e4 veljen\u00e4\u00e4n. Mies k\u00e4ytti luottamussuhdetta hirve\u00e4ll\u00e4 tavalla hyv\u00e4kseen. Helsingin hovioikeus passitti teinityt\u00f6n raiskanneen miehen vankilaan.&hellip;\n","protected":false},"author":2,"featured_media":116461,"comment_status":"","ping_status":"","sticky":false,"template":"","format":"standard","meta":{"footnotes":""},"categories":[12],"tags":[35,22,23,26,27,33,31,30,17,53,24,25,28,29,15,18,21,978,38,875,32,19,20,16,37],"class_list":{"0":"post-116460","1":"post","2":"type-post","3":"status-publish","4":"format-standard","5":"has-post-thumbnail","7":"category-suomi","8":"tag-24h","9":"tag-breaking-news","10":"tag-breakingnews","11":"tag-featured-news","12":"tag-featurednews","13":"tag-fi","14":"tag-finland","15":"tag-finnish","16":"tag-headlines","17":"tag-laki-oikeus-ja-rikos","18":"tag-latest-news","19":"tag-latestnews","20":"tag-main-news","21":"tag-mainnews","22":"tag-news","23":"tag-otsikot","24":"tag-paauutiset","25":"tag-rikoksen-teko","26":"tag-rikos","27":"tag-seksi","28":"tag-suomi","29":"tag-top-stories","30":"tag-topstories","31":"tag-uutiset","32":"tag-vakivaltarikokset"},"share_on_mastodon":{"url":"https:\/\/pubeurope.com\/@fi\/115720060135239163","error":""},"_links":{"self":[{"href":"https:\/\/www.europesays.com\/fi\/wp-json\/wp\/v2\/posts\/116460","targetHints":{"allow":["GET"]}}],"collection":[{"href":"https:\/\/www.europesays.com\/fi\/wp-json\/wp\/v2\/posts"}],"about":[{"href":"https:\/\/www.europesays.com\/fi\/wp-json\/wp\/v2\/types\/post"}],"author":[{"embeddable":true,"href":"https:\/\/www.europesays.com\/fi\/wp-json\/wp\/v2\/users\/2"}],"replies":[{"embeddable":true,"href":"https:\/\/www.europesays.com\/fi\/wp-json\/wp\/v2\/comments?post=116460"}],"version-history":[{"count":0,"href":"https:\/\/www.europesays.com\/fi\/wp-json\/wp\/v2\/posts\/116460\/revisions"}],"wp:featuredmedia":[{"embeddable":true,"href":"https:\/\/www.europesays.com\/fi\/wp-json\/wp\/v2\/media\/116461"}],"wp:attachment":[{"href":"https:\/\/www.europesays.com\/fi\/wp-json\/wp\/v2\/media?parent=116460"}],"wp:term":[{"taxonomy":"category","embeddable":true,"href":"https:\/\/www.europesays.com\/fi\/wp-json\/wp\/v2\/categories?post=116460"},{"taxonomy":"post_tag","embeddable":true,"href":"https:\/\/www.europesays.com\/fi\/wp-json\/wp\/v2\/tags?post=116460"}],"curies":[{"name":"wp","href":"https:\/\/api.w.org\/{rel}","templated":true}]}}