{"id":116464,"date":"2025-12-14T21:44:09","date_gmt":"2025-12-14T21:44:09","guid":{"rendered":"https:\/\/www.europesays.com\/fi\/116464\/"},"modified":"2025-12-14T21:44:09","modified_gmt":"2025-12-14T21:44:09","slug":"ricky-evans-housut-repesivat-suorassa-lahetyksessa","status":"publish","type":"post","link":"https:\/\/www.europesays.com\/fi\/116464\/","title":{"rendered":"Ricky Evans: housut repesiv\u00e4t suorassa l\u00e4hetyksess\u00e4"},"content":{"rendered":"<p>Tilanne tallentui tv-kuviin.<\/p>\n<p>Luke Littler yll\u00e4ttyi dartsin suosiosta Suomessa. IS haastatteli Littleri\u00e4 joulukuun alussa Tampereella.<\/p>\n<p class=\"article-body mb-nof-24 px-nof-16\">Darts-t\u00e4hti <a class=\"article-personlink\" href=\"https:\/\/www.is.fi\/haku\/?query=Ricky%20Evans\" rel=\"nofollow noopener\" target=\"_blank\">Ricky Evans<\/a> joutui perjantaina odottamattomaan tilanteeseen, kun h\u00e4nen housunsa repesiv\u00e4t MM-kisoissa Lontoossa.<\/p>\n<p class=\"article-body mb-nof-24 px-nof-16\">Evans oli juuri voittanut ensimm\u00e4isen kierroksen ottelussa <a class=\"article-personlink\" href=\"https:\/\/www.is.fi\/haku\/?query=Man%20Lok%20Leungin\" rel=\"nofollow noopener\" target=\"_blank\">Man Lok Leungin<\/a> lukemin 3\u20130, kun h\u00e4n meni irrottamaan tikkojaan taulusta. Yksi tikka tipahti lattialle, ja kumartuessaan nostamaan sit\u00e4 englantilaisen jouluteemaiseen asuun kuuluvat, sinivalkoiset lumihiutalehousut repesiv\u00e4t takapuolen kohdalta.<\/p>\n<p class=\"article-body mb-nof-24 px-nof-16\">Tv-kamera oli sopivasti Evansin takana, joten housujen repe\u00e4m\u00e4 n\u00e4kyi selv\u00e4sti l\u00e4hetyksess\u00e4. Pelaajan onneksi repe\u00e4m\u00e4 oli sen verran kapea, ett\u00e4 katsojat n\u00e4kiv\u00e4t vain nopean vilahduksen h\u00e4nen alushousuistaan.<\/p>\n<p class=\"article-body mb-nof-24 px-nof-16\">Noustuaan kumarasta pystyyn Evans k\u00e4\u00e4ntyi ottelun tuomareiden puoleen, ilmeisesti varmistaakseen, repesiv\u00e4tk\u00f6 h\u00e4nen housunsa.<\/p>\n<p class=\"article-body mb-nof-24 px-nof-16\">Tuomareiden kanssa keskustelemisen j\u00e4lkeen Evans k\u00e4\u00e4ntyi kohti kameraa. Ilmeen perusteella h\u00e4n oli tapahtuneesta kauhistunut ja h\u00e4mm\u00e4stynyt.<\/p>\n<p><img decoding=\"async\" src=\"https:\/\/www.europesays.com\/fi\/wp-content\/uploads\/2025\/12\/1765748649_768_468.jpg\" alt=\"Ricky Evans oli pukeutunut jouluiseen asuun. Kuvan housut liittyv\u00e4t tapaukseen.\" class=\"_Img_1rerz_1\" style=\"aspect-ratio:1.5\" loading=\"eager\"\/><\/p>\n<p class=\"article-picture-caption\">Ricky Evans oli pukeutunut jouluiseen asuun. Kuvan housut liittyv\u00e4t tapaukseen. Kuva:\u00a0Henning Von Jagow<\/p>\n<p class=\"article-body mb-nof-24 px-nof-16\">Viimeist\u00e4\u00e4n ottelun j\u00e4lkeiseen lehdist\u00f6tilaisuuteen menness\u00e4 Evans oli toipunut mahdollisesta j\u00e4rkytyksest\u00e4.<\/p>\n<p class=\"article-body mb-nof-24 px-nof-16\">\u2013\u2009Ne housut eiv\u00e4t viime vuonna ja ne mahtuivat t\u00e4n\u00e4 vuonna. Ehk\u00e4 marraskuu on iskenyt minuun v\u00e4h\u00e4n kovaa, Evans veisteli.<\/p>\n<p class=\"article-body mb-nof-24 px-nof-16\">Evansin turnaus jatkuu toisella kierroksella <a class=\"article-personlink\" href=\"https:\/\/www.is.fi\/haku\/?query=James%20Waden\" rel=\"nofollow noopener\" target=\"_blank\">James Waden<\/a> ja <a class=\"article-personlink\" href=\"https:\/\/www.is.fi\/haku\/?query=Ryusei%20Azemoton\" rel=\"nofollow noopener\" target=\"_blank\">Ryusei Azemoton<\/a> v\u00e4lisen ottelun voittajaa vastaan.<\/p>\n<p class=\"article-body mb-nof-24 px-nof-16\">Evans on dartsin maailmanlistalla sijalla 40.<\/p>\n","protected":false},"excerpt":{"rendered":"Tilanne tallentui tv-kuviin. Luke Littler yll\u00e4ttyi dartsin suosiosta Suomessa. IS haastatteli Littleri\u00e4 joulukuun alussa Tampereella. Darts-t\u00e4hti Ricky Evans&hellip;\n","protected":false},"author":2,"featured_media":116465,"comment_status":"","ping_status":"","sticky":false,"template":"","format":"standard","meta":{"footnotes":""},"categories":[136],"tags":[407,137,33,31,30,34,408,32,109],"class_list":{"0":"post-116464","1":"post","2":"type-post","3":"status-publish","4":"format-standard","5":"has-post-thumbnail","7":"category-julkkikset","8":"tag-celebrities","9":"tag-entertainment","10":"tag-fi","11":"tag-finland","12":"tag-finnish","13":"tag-ilta-sanomat","14":"tag-julkkikset","15":"tag-suomi","16":"tag-viihde"},"share_on_mastodon":{"url":"https:\/\/pubeurope.com\/@fi\/115720111173957390","error":""},"_links":{"self":[{"href":"https:\/\/www.europesays.com\/fi\/wp-json\/wp\/v2\/posts\/116464","targetHints":{"allow":["GET"]}}],"collection":[{"href":"https:\/\/www.europesays.com\/fi\/wp-json\/wp\/v2\/posts"}],"about":[{"href":"https:\/\/www.europesays.com\/fi\/wp-json\/wp\/v2\/types\/post"}],"author":[{"embeddable":true,"href":"https:\/\/www.europesays.com\/fi\/wp-json\/wp\/v2\/users\/2"}],"replies":[{"embeddable":true,"href":"https:\/\/www.europesays.com\/fi\/wp-json\/wp\/v2\/comments?post=116464"}],"version-history":[{"count":0,"href":"https:\/\/www.europesays.com\/fi\/wp-json\/wp\/v2\/posts\/116464\/revisions"}],"wp:featuredmedia":[{"embeddable":true,"href":"https:\/\/www.europesays.com\/fi\/wp-json\/wp\/v2\/media\/116465"}],"wp:attachment":[{"href":"https:\/\/www.europesays.com\/fi\/wp-json\/wp\/v2\/media?parent=116464"}],"wp:term":[{"taxonomy":"category","embeddable":true,"href":"https:\/\/www.europesays.com\/fi\/wp-json\/wp\/v2\/categories?post=116464"},{"taxonomy":"post_tag","embeddable":true,"href":"https:\/\/www.europesays.com\/fi\/wp-json\/wp\/v2\/tags?post=116464"}],"curies":[{"name":"wp","href":"https:\/\/api.w.org\/{rel}","templated":true}]}}