{"id":116470,"date":"2025-12-14T21:55:18","date_gmt":"2025-12-14T21:55:18","guid":{"rendered":"https:\/\/www.europesays.com\/fi\/116470\/"},"modified":"2025-12-14T21:55:18","modified_gmt":"2025-12-14T21:55:18","slug":"kauppa-arahti-omien-tuotemerkkien-saantelysta-nostaisi-hintoja-kaventaisi-valikoimia-lisaisi-ulkomaisia-tuotteita-uutiset-kotimaasta-ja-maailmalta","status":"publish","type":"post","link":"https:\/\/www.europesays.com\/fi\/116470\/","title":{"rendered":"Kauppa \u00e4r\u00e4hti omien tuotemerkkien s\u00e4\u00e4ntelyst\u00e4: Nostaisi hintoja, kaventaisi valikoimia, lis\u00e4isi ulkomaisia tuotteita &#8211; Uutiset kotimaasta ja maailmalta"},"content":{"rendered":"<p>P\u00e4ivitt\u00e4istavarakauppa korostaa, ett\u00e4 vuonna 2019 voimaan tullutta elintarvikemarkkinalakia on muutettu jo kuusi kertaa, mutta muutosten toimivuutta ei ole seurattu eik\u00e4 arvioitu. <\/p>\n<p><a class=\"ArticleImage_imageContainer__e0EST\" href=\"https:\/\/www.europesays.com\/fi\/wp-content\/uploads\/2025\/12\/7dBO2rxv35U6V9JXFegteTK96Kc.jpg\"><img decoding=\"async\" src=\"https:\/\/www.europesays.com\/fi\/wp-content\/uploads\/2025\/12\/7dBO2rxv35U6V9JXFegteTK96Kc.jpg\" alt=\"Coop-merkkisi\u00e4 tuotteita kaupan hyllyss\u00e4. \" loading=\"lazy\"\/><\/a><\/p>\n<p>Coop-merkkisi\u00e4 tuotteita kaupan hyllyss\u00e4. \u00a0Kuva: Carolina Husu<\/p>\n<p class=\"RichTextParagraph_richTextParagraph__Wxs3t undefined\">P\u00e4ivitt\u00e4istavarakauppa ry:n (PTY) mielest\u00e4 maa- ja mets\u00e4talousministeri\u00f6n esitys elintarvikemarkkinalain muutokseksi on puutteellisesti valmisteltu ja vaarantaa ruokaketjun toimivuuden.<\/p>\n<p class=\"RichTextParagraph_richTextParagraph__Wxs3t undefined\">PTY ei n\u00e4e, ett\u00e4 esitetyt keinot parantaisivat heikomman osapuolen asemaa, vaan voisi k\u00e4yd\u00e4 jopa p\u00e4invastoin.<\/p>\n<p class=\"RichTextParagraph_richTextParagraph__Wxs3t undefined\">Kaupan edustajat vetoavat odottamaan EU:sta tulevia vaatimuksia ennen kansallisen lain muuttamista. EU valmistelee p\u00e4ivityst\u00e4 hyv\u00e4n kauppatavan vastaisia k\u00e4yt\u00e4nt\u00f6j\u00e4 koskevaan UTP-direktiiviin.<\/p>\n<p class=\"RichTextParagraph_richTextParagraph__Wxs3t undefined\">\u201dHallitusohjelman mukaan EU-s\u00e4\u00e4ntelyn ylitt\u00e4vi\u00e4 tiukennuksia ei tulisi tehd\u00e4. Uuden s\u00e4\u00e4ntelyn sijaan nyt pit\u00e4isi tehd\u00e4 vaikutusarviointeja, tehostaa valvontaa ja odottaa direktiivin p\u00e4ivityst\u00e4 seuraavan lakimuutoksen pohjaksi, kuten Ruotsissa on p\u00e4\u00e4tetty tehd\u00e4\u201d, P\u00e4ivitt\u00e4istavarakauppa ry:n toimitusjohtaja <strong id=\"strong-33f588fcef408ad8c7c75462bef0711d\">Tuula Loikkanen<\/strong> sanoo tiedotteessa. <\/p>\n<p class=\"RichTextParagraph_richTextParagraph__Wxs3t undefined\">Suomessa vuonna 2019 voimaan tullutta elintarvikemarkkinalakia on muutettu jo kuusi kertaa, mutta muutosten toimivuutta ei ole seurattu eik\u00e4 arvioitu. <\/p>\n<p class=\"Blockquote_text___ueE4\">\u201dKauppa on valmis auttamaan elintarvikemarkkinavaltuutettua l\u00f6yt\u00e4m\u00e4\u00e4n ruokaketjun kipupisteet ja ratkaisemaan niist\u00e4 aiheutuvat haasteet.\u201d<\/p>\n<p>Tuula Loikkanen<\/p>\n<p class=\"RichTextParagraph_richTextParagraph__Wxs3t undefined\">P\u00e4ivitt\u00e4istavarakaupan mukaan esitetyt lakimuutokset lis\u00e4isiv\u00e4t ruokaketjun toimijoiden kustannuksia merkitt\u00e4v\u00e4sti, mik\u00e4 nostaisi kuluttajahintoja. <\/p>\n<p class=\"RichTextParagraph_richTextParagraph__Wxs3t undefined\">Kaupan omia merkkej\u00e4 koskevat rajoitukset est\u00e4isiv\u00e4t markkinoille tuloa, vahvistaisivat kansainv\u00e4listen br\u00e4ndien neuvotteluvoimaa, supistaisivat valikoimaa ja nostaisivat hintoja.<\/p>\n<p class=\"RichTextParagraph_richTextParagraph__Wxs3t undefined\">P\u00e4ivitt\u00e4istavarakauppa painottaa, ett\u00e4 kansalliset tiukennukset kirist\u00e4isiv\u00e4t s\u00e4\u00e4ntely\u00e4 vain Suomessa toimivissa yrityksiss\u00e4. Kansainv\u00e4liset toimijat voisivat jatkaa toimintaansa ilman vastaavia velvoitteita. T\u00e4m\u00e4 heikent\u00e4isi kotimaisen alkutuotannon, elintarviketeollisuuden ja kaupan asemaa suhteessa ulkomaisiin kilpailijoihin.<\/p>\n<p class=\"RichTextParagraph_richTextParagraph__Wxs3t undefined\">Kauppa kannustaa k\u00e4ytt\u00e4m\u00e4\u00e4n ensisijaisesti jo olemassa olevia valvonnan keinoja. Elintarvikemarkkinavaltuutetulla on laajat toimivaltuudet valvoa ep\u00e4reiluja k\u00e4yt\u00e4nt\u00f6j\u00e4, sopimusehtoja ja liikesalaisuuksien v\u00e4\u00e4rink\u00e4ytt\u00f6\u00e4. <\/p>\n<p class=\"RichTextParagraph_richTextParagraph__Wxs3t undefined\">Keinovalikoimaan kuuluvat muun muassa anonyymit ilmoitukset, valtuutetun oma-aloitteinen tutkinta sek\u00e4 mahdollisuus puuttua v\u00e4itettyihin kostotoimiin ja liikesalaisuuksien loukkauksiin. <\/p>\n<p class=\"RichTextParagraph_richTextParagraph__Wxs3t undefined\">\u201dKauppa on valmis auttamaan elintarvikemarkkinavaltuutettua l\u00f6yt\u00e4m\u00e4\u00e4n ruokaketjun kipupisteet ja ratkaisemaan niist\u00e4 aiheutuvat haasteet\u201d, Loikkanen t\u00e4hdent\u00e4\u00e4.<\/p>\n","protected":false},"excerpt":{"rendered":"P\u00e4ivitt\u00e4istavarakauppa korostaa, ett\u00e4 vuonna 2019 voimaan tullutta elintarvikemarkkinalakia on muutettu jo kuusi kertaa, mutta muutosten toimivuutta ei ole&hellip;\n","protected":false},"author":2,"featured_media":116471,"comment_status":"","ping_status":"","sticky":false,"template":"","format":"standard","meta":{"footnotes":""},"categories":[76],"tags":[79,77,33,31,30,32,78],"class_list":{"0":"post-116470","1":"post","2":"type-post","3":"status-publish","4":"format-standard","5":"has-post-thumbnail","7":"category-talous","8":"tag-business","9":"tag-economy","10":"tag-fi","11":"tag-finland","12":"tag-finnish","13":"tag-suomi","14":"tag-talous"},"share_on_mastodon":{"url":"https:\/\/pubeurope.com\/@fi\/115720154538197506","error":""},"_links":{"self":[{"href":"https:\/\/www.europesays.com\/fi\/wp-json\/wp\/v2\/posts\/116470","targetHints":{"allow":["GET"]}}],"collection":[{"href":"https:\/\/www.europesays.com\/fi\/wp-json\/wp\/v2\/posts"}],"about":[{"href":"https:\/\/www.europesays.com\/fi\/wp-json\/wp\/v2\/types\/post"}],"author":[{"embeddable":true,"href":"https:\/\/www.europesays.com\/fi\/wp-json\/wp\/v2\/users\/2"}],"replies":[{"embeddable":true,"href":"https:\/\/www.europesays.com\/fi\/wp-json\/wp\/v2\/comments?post=116470"}],"version-history":[{"count":0,"href":"https:\/\/www.europesays.com\/fi\/wp-json\/wp\/v2\/posts\/116470\/revisions"}],"wp:featuredmedia":[{"embeddable":true,"href":"https:\/\/www.europesays.com\/fi\/wp-json\/wp\/v2\/media\/116471"}],"wp:attachment":[{"href":"https:\/\/www.europesays.com\/fi\/wp-json\/wp\/v2\/media?parent=116470"}],"wp:term":[{"taxonomy":"category","embeddable":true,"href":"https:\/\/www.europesays.com\/fi\/wp-json\/wp\/v2\/categories?post=116470"},{"taxonomy":"post_tag","embeddable":true,"href":"https:\/\/www.europesays.com\/fi\/wp-json\/wp\/v2\/tags?post=116470"}],"curies":[{"name":"wp","href":"https:\/\/api.w.org\/{rel}","templated":true}]}}