{"id":116472,"date":"2025-12-14T21:56:12","date_gmt":"2025-12-14T21:56:12","guid":{"rendered":"https:\/\/www.europesays.com\/fi\/116472\/"},"modified":"2025-12-14T21:56:12","modified_gmt":"2025-12-14T21:56:12","slug":"trumpin-hallinto-kiristaa-viisumia-hakevien-huippuosaajien-taustatarkastuksia-uutisia-lyhyesti","status":"publish","type":"post","link":"https:\/\/www.europesays.com\/fi\/116472\/","title":{"rendered":"Trumpin hallinto kirist\u00e4\u00e4 viisumia hakevien huippuosaajien taustatarkastuksia | Uutisia lyhyesti"},"content":{"rendered":"<p class=\"aw-1gybjub aw-1p7kakr kEtdKx cEmitX yle__article__paragraph\">Yhdysvalloissa presidentti <strong class=\"aw-ak79eh KyCXm yle__article__strong\">Donald Trumpin<\/strong> hallinto tiukentaa maanantaista alkaen taustatarkastuksia H-1B-viisumin hakijoilta ja mukana matkustavilta perheenj\u00e4senilt\u00e4. Kyseess\u00e4 on erityisviisumi, jonka avulla yhdysvaltalaiset yritykset voivat palkata korkeasti koulutettuja ulkomaalaisia ty\u00f6ntekij\u00f6it\u00e4.<\/p>\n<p class=\"aw-1gybjub aw-1p7kakr kEtdKx cEmitX yle__article__paragraph\">Yhdysvaltain ulkoministeri\u00f6 ilmoitti taustatarkastusten tiukennuksista kuun alussa.<\/p>\n<p class=\"aw-1gybjub aw-1p7kakr kEtdKx cEmitX yle__article__paragraph\">Tarkastusten helpottamiseksi H-1B-viisumin hakijoita ja heid\u00e4n perheenj\u00e4seni\u00e4\u00e4n on pyydetty muuttamaan kaikki sosiaalisen median profiiliensa yksityisyysasetukset julkisiksi. Vastaava k\u00e4yt\u00e4nt\u00f6 on kes\u00e4st\u00e4 alkaen ollut jo voimassa Yhdysvalloista opiskeluviisumia hakeville.<\/p>\n","protected":false},"excerpt":{"rendered":"Yhdysvalloissa presidentti Donald Trumpin hallinto tiukentaa maanantaista alkaen taustatarkastuksia H-1B-viisumin hakijoilta ja mukana matkustavilta perheenj\u00e4senilt\u00e4. Kyseess\u00e4 on erityisviisumi,&hellip;\n","protected":false},"author":2,"featured_media":74,"comment_status":"","ping_status":"","sticky":false,"template":"","format":"standard","meta":{"footnotes":""},"categories":[14],"tags":[22,23,585,26,27,33,31,30,17,24,25,28,29,15,18,21,32,19,20,56,16,4271,59,60,61,619],"class_list":{"0":"post-116472","1":"post","2":"type-post","3":"status-publish","4":"format-standard","5":"has-post-thumbnail","7":"category-ulkomaat","8":"tag-breaking-news","9":"tag-breakingnews","10":"tag-donald-trump","11":"tag-featured-news","12":"tag-featurednews","13":"tag-fi","14":"tag-finland","15":"tag-finnish","16":"tag-headlines","17":"tag-latest-news","18":"tag-latestnews","19":"tag-main-news","20":"tag-mainnews","21":"tag-news","22":"tag-otsikot","23":"tag-paauutiset","24":"tag-suomi","25":"tag-top-stories","26":"tag-topstories","27":"tag-ulkomaat","28":"tag-uutiset","29":"tag-viisumit","30":"tag-world","31":"tag-world-news","32":"tag-worldnews","33":"tag-yhdysvallat"},"share_on_mastodon":{"url":"https:\/\/pubeurope.com\/@fi\/115720158235500421","error":""},"_links":{"self":[{"href":"https:\/\/www.europesays.com\/fi\/wp-json\/wp\/v2\/posts\/116472","targetHints":{"allow":["GET"]}}],"collection":[{"href":"https:\/\/www.europesays.com\/fi\/wp-json\/wp\/v2\/posts"}],"about":[{"href":"https:\/\/www.europesays.com\/fi\/wp-json\/wp\/v2\/types\/post"}],"author":[{"embeddable":true,"href":"https:\/\/www.europesays.com\/fi\/wp-json\/wp\/v2\/users\/2"}],"replies":[{"embeddable":true,"href":"https:\/\/www.europesays.com\/fi\/wp-json\/wp\/v2\/comments?post=116472"}],"version-history":[{"count":0,"href":"https:\/\/www.europesays.com\/fi\/wp-json\/wp\/v2\/posts\/116472\/revisions"}],"wp:featuredmedia":[{"embeddable":true,"href":"https:\/\/www.europesays.com\/fi\/wp-json\/wp\/v2\/media\/74"}],"wp:attachment":[{"href":"https:\/\/www.europesays.com\/fi\/wp-json\/wp\/v2\/media?parent=116472"}],"wp:term":[{"taxonomy":"category","embeddable":true,"href":"https:\/\/www.europesays.com\/fi\/wp-json\/wp\/v2\/categories?post=116472"},{"taxonomy":"post_tag","embeddable":true,"href":"https:\/\/www.europesays.com\/fi\/wp-json\/wp\/v2\/tags?post=116472"}],"curies":[{"name":"wp","href":"https:\/\/api.w.org\/{rel}","templated":true}]}}