{"id":116477,"date":"2025-12-14T22:10:08","date_gmt":"2025-12-14T22:10:08","guid":{"rendered":"https:\/\/www.europesays.com\/fi\/116477\/"},"modified":"2025-12-14T22:10:08","modified_gmt":"2025-12-14T22:10:08","slug":"suosikkilaulu-katosi-vihkosesta-laulettiin-silti","status":"publish","type":"post","link":"https:\/\/www.europesays.com\/fi\/116477\/","title":{"rendered":"Suosikkilaulu katosi vihkosesta \u2013 laulettiin silti"},"content":{"rendered":"<p>Kirkkokansa on puhunut.<\/p>\n<p>14.12. 23:21<\/p>\n<p class=\"article-body mb-nof-24 px-nof-16\">Helsingin Lauttasaaren kirkon sunnuntai-illan Kauneimmat joululaulut -tilaisuudessa laulettiin Sylvian joululaulu.<\/p>\n<p class=\"article-body mb-nof-24 px-nof-16\">Lauttasaaren seurakunnan kanttori <a class=\"article-personlink\" href=\"https:\/\/www.is.fi\/haku\/?query=Hiski%20Wallenius\" rel=\"nofollow noopener\" target=\"_blank\">Hiski Wallenius<\/a> kertoo, ett\u00e4 seurakuntalaiset olivat sosiaalisessa mediassa toivoneet, ett\u00e4 Sylvian joululaulu laulettaisiin.<\/p>\n<p class=\"article-body mb-nof-24 px-nof-16\">\u2013 Olimme siihen kommentoineet, ett\u00e4 laitamme toiveen korvan taakse. T\u00e4n\u00e4\u00e4n sitten p\u00e4\u00e4tin, ett\u00e4 ei siit\u00e4 laulamisesta ainakaan mit\u00e4\u00e4n haittaa ole, kun se on monille ihmisille rakas laulu.<\/p>\n<p class=\"article-body mb-nof-24 px-nof-16\">Wallenius pyysi, ett\u00e4 seurakunta etsisi laulun sanat netist\u00e4, sill\u00e4 niit\u00e4 ei ole t\u00e4m\u00e4n vuoden Kauneimmat joululaulut -lauluvihkosessa. Ihmiset l\u00e4htiv\u00e4t h\u00e4nen mukaansa hyvin mukaan lauluun.<\/p>\n<p class=\"article-body mb-nof-24 px-nof-16\">Sylvian joululaulun poistaminen lauluvihkosesta on her\u00e4tt\u00e4nyt kohua, runsaasti keskustelua ja my\u00f6s vastustusta.<\/p>\n<p class=\"article-body mb-nof-24 px-nof-16\">Wallenius kertoo, ett\u00e4 Sylvian joululaulu on yksi h\u00e4nen suosikkijoululauluistaan, mutta h\u00e4nell\u00e4 ei ole voimakasta mielipidett\u00e4 poistamisen puolesta tai vastaan.<\/p>\n<p class=\"article-body mb-nof-24 px-nof-16\">Lue lis\u00e4\u00e4: <a class=\"article-genericlink\" href=\"https:\/\/www.is.fi\/musiikki\/art-2000011591662.html\" rel=\"nofollow noopener\" target=\"_blank\">\u201dTulkoon ____ kansoille maan\u201d \u2013 Testaa, miten hyvin muistat joulu\u00adlaulut: Parhaat saavat helposti 12\/12<\/a><\/p>\n<p class=\"article-body mb-nof-24 px-nof-16\">Helsingin Sanomat <a class=\"article-genericlink\" href=\"https:\/\/www.hs.fi\/pkseutu\/art-2000011690534.html\" rel=\"nofollow noopener\" target=\"_blank\">uutisoi <\/a>lauantaina, ett\u00e4 my\u00f6s Helsingin Munkkivuoren seurakunnan Kauneimmat joululaulut -tilaisuudessa laulettiin Sylvian joululaulu. Kun pastori kertoi, ett\u00e4 laulu lauletaan, yleis\u00f6 puhkesi HS:n mukaan aplodeihin.<\/p>\n<p class=\"article-body mb-nof-24 px-nof-16\">Kauneimmat joululaulut -vihossa on t\u00e4n\u00e4 vuonna 28 laulua, joista yhdeks\u00e4n vaihtui viime vuodesta.<\/p>\n<p class=\"article-body mb-nof-24 px-nof-16\">Sylvian joululaulun poiston taustalla on se, ett\u00e4 vihkoon on haluttu enemm\u00e4n uudempia joululauluja, lauluvihkoja julkaisevan Suomen L\u00e4hetysseuran varainhankinnan p\u00e4\u00e4llikk\u00f6 <a class=\"article-personlink\" href=\"https:\/\/www.is.fi\/haku\/?query=Hanna%20Kalanne\" rel=\"nofollow noopener\" target=\"_blank\">Hanna Kalanne<\/a> kertoi <a class=\"article-genericlink\" href=\"https:\/\/www.hs.fi\/kulttuuri\/art-2000011683492.html\" rel=\"nofollow noopener\" target=\"_blank\">HS:lle<\/a> aiemmin.<\/p>\n","protected":false},"excerpt":{"rendered":"Kirkkokansa on puhunut. 14.12. 23:21 Helsingin Lauttasaaren kirkon sunnuntai-illan Kauneimmat joululaulut -tilaisuudessa laulettiin Sylvian joululaulu. Lauttasaaren seurakunnan kanttori&hellip;\n","protected":false},"author":2,"featured_media":116478,"comment_status":"","ping_status":"","sticky":false,"template":"","format":"standard","meta":{"footnotes":""},"categories":[136],"tags":[407,137,33,31,30,34,408,32,109],"class_list":{"0":"post-116477","1":"post","2":"type-post","3":"status-publish","4":"format-standard","5":"has-post-thumbnail","7":"category-julkkikset","8":"tag-celebrities","9":"tag-entertainment","10":"tag-fi","11":"tag-finland","12":"tag-finnish","13":"tag-ilta-sanomat","14":"tag-julkkikset","15":"tag-suomi","16":"tag-viihde"},"share_on_mastodon":{"url":"https:\/\/pubeurope.com\/@fi\/115720213221142832","error":""},"_links":{"self":[{"href":"https:\/\/www.europesays.com\/fi\/wp-json\/wp\/v2\/posts\/116477","targetHints":{"allow":["GET"]}}],"collection":[{"href":"https:\/\/www.europesays.com\/fi\/wp-json\/wp\/v2\/posts"}],"about":[{"href":"https:\/\/www.europesays.com\/fi\/wp-json\/wp\/v2\/types\/post"}],"author":[{"embeddable":true,"href":"https:\/\/www.europesays.com\/fi\/wp-json\/wp\/v2\/users\/2"}],"replies":[{"embeddable":true,"href":"https:\/\/www.europesays.com\/fi\/wp-json\/wp\/v2\/comments?post=116477"}],"version-history":[{"count":0,"href":"https:\/\/www.europesays.com\/fi\/wp-json\/wp\/v2\/posts\/116477\/revisions"}],"wp:featuredmedia":[{"embeddable":true,"href":"https:\/\/www.europesays.com\/fi\/wp-json\/wp\/v2\/media\/116478"}],"wp:attachment":[{"href":"https:\/\/www.europesays.com\/fi\/wp-json\/wp\/v2\/media?parent=116477"}],"wp:term":[{"taxonomy":"category","embeddable":true,"href":"https:\/\/www.europesays.com\/fi\/wp-json\/wp\/v2\/categories?post=116477"},{"taxonomy":"post_tag","embeddable":true,"href":"https:\/\/www.europesays.com\/fi\/wp-json\/wp\/v2\/tags?post=116477"}],"curies":[{"name":"wp","href":"https:\/\/api.w.org\/{rel}","templated":true}]}}