{"id":116479,"date":"2025-12-14T22:17:10","date_gmt":"2025-12-14T22:17:10","guid":{"rendered":"https:\/\/www.europesays.com\/fi\/116479\/"},"modified":"2025-12-14T22:17:10","modified_gmt":"2025-12-14T22:17:10","slug":"17-vuotias-iida-karhunen-syttyi-senioritahdeksi-lahden-sm-kisoissa-urheilu","status":"publish","type":"post","link":"https:\/\/www.europesays.com\/fi\/116479\/","title":{"rendered":"17-vuotias Iida Karhunen syttyi seniorit\u00e4hdeksi Lahden SM-kisoissa | Urheilu"},"content":{"rendered":"<p>Suomen mestarit ja EM-kisoihin l\u00e4htij\u00e4t vaihtuivat sek\u00e4 naisissa ett\u00e4 miehiss\u00e4.<\/p>\n<p>17-vuotias <strong>Iida Karhunen<\/strong>, kolminkertainen juniorien Suomen mestari, debytoi Lahdessa aikuisten SM-kilpailuissa ja luisteli sunnuntaina vapaaohjelmansa virheitt\u00e4. T\u00e4ydellisen onnistumisen j\u00e4lkeenk\u00e4\u00e4n Karhunen ei uskaltanut uskoa taitoluistelun EM-edustuspaikkaansa, josta k\u00e4ytiin viel\u00e4 tiukempaa taistelua kuin SM-mitaleista. Ei edes silloin kun SM-kisaa lyhytohjelman j\u00e4lkeen johtanut <strong>Olivia Lisko <\/strong>oli suorittanut vapaaohjelmansa. Vasta pisteiden kuulutus vakuutti Karhusen siit\u00e4, ett\u00e4 tammikuussa EM-kilpailuissa Englannissa kilpailee todellakin h\u00e4n.<\/p>\n","protected":false},"excerpt":{"rendered":"Suomen mestarit ja EM-kisoihin l\u00e4htij\u00e4t vaihtuivat sek\u00e4 naisissa ett\u00e4 miehiss\u00e4. 17-vuotias Iida Karhunen, kolminkertainen juniorien Suomen mestari, debytoi&hellip;\n","protected":false},"author":2,"featured_media":116480,"comment_status":"","ping_status":"","sticky":false,"template":"","format":"standard","meta":{"footnotes":""},"categories":[158],"tags":[33,31,30,12008,21265,1801,11967,159,32,4993,1145,1667,160],"class_list":{"0":"post-116479","1":"post","2":"type-post","3":"status-publish","4":"format-standard","5":"has-post-thumbnail","7":"category-urheilu","8":"tag-fi","9":"tag-finland","10":"tag-finnish","11":"tag-isku-areena","12":"tag-lahden-taitoluistelijat","13":"tag-lahti","14":"tag-sm-kilpailut","15":"tag-sports","16":"tag-suomi","17":"tag-taitoluistelu","18":"tag-talviurheilu","19":"tag-tapahtumat","20":"tag-urheilu"},"share_on_mastodon":{"url":"https:\/\/pubeurope.com\/@fi\/115720240858683355","error":""},"_links":{"self":[{"href":"https:\/\/www.europesays.com\/fi\/wp-json\/wp\/v2\/posts\/116479","targetHints":{"allow":["GET"]}}],"collection":[{"href":"https:\/\/www.europesays.com\/fi\/wp-json\/wp\/v2\/posts"}],"about":[{"href":"https:\/\/www.europesays.com\/fi\/wp-json\/wp\/v2\/types\/post"}],"author":[{"embeddable":true,"href":"https:\/\/www.europesays.com\/fi\/wp-json\/wp\/v2\/users\/2"}],"replies":[{"embeddable":true,"href":"https:\/\/www.europesays.com\/fi\/wp-json\/wp\/v2\/comments?post=116479"}],"version-history":[{"count":0,"href":"https:\/\/www.europesays.com\/fi\/wp-json\/wp\/v2\/posts\/116479\/revisions"}],"wp:featuredmedia":[{"embeddable":true,"href":"https:\/\/www.europesays.com\/fi\/wp-json\/wp\/v2\/media\/116480"}],"wp:attachment":[{"href":"https:\/\/www.europesays.com\/fi\/wp-json\/wp\/v2\/media?parent=116479"}],"wp:term":[{"taxonomy":"category","embeddable":true,"href":"https:\/\/www.europesays.com\/fi\/wp-json\/wp\/v2\/categories?post=116479"},{"taxonomy":"post_tag","embeddable":true,"href":"https:\/\/www.europesays.com\/fi\/wp-json\/wp\/v2\/tags?post=116479"}],"curies":[{"name":"wp","href":"https:\/\/api.w.org\/{rel}","templated":true}]}}