{"id":116481,"date":"2025-12-14T22:18:08","date_gmt":"2025-12-14T22:18:08","guid":{"rendered":"https:\/\/www.europesays.com\/fi\/116481\/"},"modified":"2025-12-14T22:18:08","modified_gmt":"2025-12-14T22:18:08","slug":"pulp-fiction-nayttelija-loydettiin-verilammikosta-poliiseja-odotti-kryptinen-viesti","status":"publish","type":"post","link":"https:\/\/www.europesays.com\/fi\/116481\/","title":{"rendered":"Pulp Fiction -n\u00e4yttelij\u00e4 l\u00f6ydettiin verilammikosta \u2013 poliiseja odotti kryptinen viesti"},"content":{"rendered":"<p>Muun muassa Pulp Fictionista tuttu pahisn\u00e4yttelij\u00e4 <strong>Peter Greene<\/strong> l\u00f6ydettiin perjantaina kuolleena kodistaan. Greene oli kuollessaan 60-vuotias.<\/p>\n<p>N\u00e4yttelij\u00e4 oli soittanut agentilleen <strong>Gregg Edwardsille<\/strong> juuri ennen kuolemaansa torstaina, ja kaikki vaikutti olevan kunnossa.<\/p>\n<p>Lue my\u00f6s: <a href=\"https:\/\/www.episodi.fi\/uutiset\/pulp-fiction-stara-peter-greene-on-kuollut\/\" title=\"Pulp Fiction -stara Peter Greene on kuollut\" class=\"underline-custom !font-montserrat !font-bold !underline-offset-4 !decoration-4 !decoration-episodi-blue !text-md\" rel=\"nofollow noopener\" target=\"_blank\">Pulp Fiction -stara Peter Greene on kuollut<\/a><\/p>\n<p>Lue my\u00f6s: <a href=\"https:\/\/www.episodi.fi\/uutiset\/bafta-palkittu-kaksinkertainen-oscar-ehdokas-jeff-wexler-on-kuollut-78-vuotiaana\/\" title=\"BAFTA-palkittu, kaksinkertainen Oscar-ehdokas Jeff Wexler on kuollut 78-vuotiaana\" class=\"underline-custom !font-montserrat !font-bold !underline-offset-4 !decoration-4 !decoration-episodi-blue !text-md\" rel=\"nofollow noopener\" target=\"_blank\">BAFTA-palkittu, kaksinkertainen Oscar-ehdokas Jeff Wexler on kuollut 78-vuotiaana<\/a><\/p>\n<p>Edwards oli my\u00f6s n\u00e4yttelij\u00e4n hyv\u00e4 yst\u00e4v\u00e4 ja he lohduttivat toisiaan, koska my\u00f6s Edwards oli joutumassa leikkaukseen.<\/p>\n<p>Greenelt\u00e4 piti poistaa hyv\u00e4nlaatuinen kasvain l\u00e4helt\u00e4 keuhkoja samana p\u00e4iv\u00e4n\u00e4, kun h\u00e4net l\u00f6ydettiin kuolleena.<\/p>\n<p>Greenen naapuri joutui soittamaan poliisit, koska Greenen asunnosta oli kuulunut jo vuorokauden ajan kova\u00e4\u00e4nist\u00e4 joulumusiikkia.<\/p>\n<p>Lukkosepp\u00e4 saapui Greenen asunnolle kello 15.25, ovi avattiin, ja naapuri l\u00f6ysi n\u00e4yttelij\u00e4n makaamasta verilammikosta. H\u00e4nen vieress\u00e4\u00e4n oli kryptinen viesti. Naapuri kertoi n\u00e4hneens\u00e4 Greenell\u00e4 vammoja kasvoissa, ja verta oli kaikkialla.<\/p>\n<p>Viestiss\u00e4 luki: \u201dI\u2019m still a Westie\u201d.<\/p>\n<p>Westie oli 1970-luvulla Hell\u2019s Kitcheniss\u00e4 operoinut irlantilais-amerikkalainen rikollisjengi.<\/p>\n<p>Greenell\u00e4 oli vaikea lapsuus. H\u00e4n karkasi kotoa 15-vuotiaana ja eksyi rikosten maailmaan. Greene taisteli heroiini- ja kokaiiniaddiktion kanssa 1990-luvulla. Mies pid\u00e4tettiin crackin hallussapidosta vuonna 2007.<\/p>\n<p>Greenell\u00e4 oli 16-vuotias poika.<\/p>\n<p>L\u00e4hde: <a href=\"https:\/\/pagesix.com\/2025\/12\/13\/celebrity-news\/actor-peter-greene-was-lying-face-down-on-the-floor-with-blood-everywhere-when-police-found-him-dead-report\/\" target=\"_blank\" rel=\"noreferrer noopener nofollow\">Page Six<\/a><\/p>\n<p>Lue my\u00f6s: <a href=\"https:\/\/www.episodi.fi\/uutiskirje\/?uutiskirjemainos=tekstilinkkimainos\" title=\"Tilaa Episodin uutiskirje ja voit voittaa leffalippuja! Nappaa tv-vinkit suoraan s\u00e4hk\u00f6postiin t\u00e4st\u00e4.\" class=\"underline-custom !font-montserrat !font-bold !underline-offset-4 !decoration-4 !decoration-episodi-blue !text-md\" rel=\"nofollow noopener\" target=\"_blank\">Tilaa Episodin uutiskirje ja voit voittaa leffalippuja! Nappaa katseluvinkit suoraan s\u00e4hk\u00f6postiin t\u00e4st\u00e4.<\/a><\/p>\n","protected":false},"excerpt":{"rendered":"Muun muassa Pulp Fictionista tuttu pahisn\u00e4yttelij\u00e4 Peter Greene l\u00f6ydettiin perjantaina kuolleena kodistaan. Greene oli kuollessaan 60-vuotias. N\u00e4yttelij\u00e4 oli&hellip;\n","protected":false},"author":2,"featured_media":115306,"comment_status":"","ping_status":"","sticky":false,"template":"","format":"standard","meta":{"footnotes":""},"categories":[130],"tags":[137,33,31,30,4244,21104,32,109],"class_list":{"0":"post-116481","1":"post","2":"type-post","3":"status-publish","4":"format-standard","5":"has-post-thumbnail","7":"category-viihde","8":"tag-entertainment","9":"tag-fi","10":"tag-finland","11":"tag-finnish","12":"tag-in-memoriam","13":"tag-peter-greene","14":"tag-suomi","15":"tag-viihde"},"share_on_mastodon":{"url":"https:\/\/pubeurope.com\/@fi\/115720244633150123","error":""},"_links":{"self":[{"href":"https:\/\/www.europesays.com\/fi\/wp-json\/wp\/v2\/posts\/116481","targetHints":{"allow":["GET"]}}],"collection":[{"href":"https:\/\/www.europesays.com\/fi\/wp-json\/wp\/v2\/posts"}],"about":[{"href":"https:\/\/www.europesays.com\/fi\/wp-json\/wp\/v2\/types\/post"}],"author":[{"embeddable":true,"href":"https:\/\/www.europesays.com\/fi\/wp-json\/wp\/v2\/users\/2"}],"replies":[{"embeddable":true,"href":"https:\/\/www.europesays.com\/fi\/wp-json\/wp\/v2\/comments?post=116481"}],"version-history":[{"count":0,"href":"https:\/\/www.europesays.com\/fi\/wp-json\/wp\/v2\/posts\/116481\/revisions"}],"wp:featuredmedia":[{"embeddable":true,"href":"https:\/\/www.europesays.com\/fi\/wp-json\/wp\/v2\/media\/115306"}],"wp:attachment":[{"href":"https:\/\/www.europesays.com\/fi\/wp-json\/wp\/v2\/media?parent=116481"}],"wp:term":[{"taxonomy":"category","embeddable":true,"href":"https:\/\/www.europesays.com\/fi\/wp-json\/wp\/v2\/categories?post=116481"},{"taxonomy":"post_tag","embeddable":true,"href":"https:\/\/www.europesays.com\/fi\/wp-json\/wp\/v2\/tags?post=116481"}],"curies":[{"name":"wp","href":"https:\/\/api.w.org\/{rel}","templated":true}]}}