{"id":116482,"date":"2025-12-14T22:21:31","date_gmt":"2025-12-14T22:21:31","guid":{"rendered":"https:\/\/www.europesays.com\/fi\/116482\/"},"modified":"2025-12-14T22:21:31","modified_gmt":"2025-12-14T22:21:31","slug":"salaoja-vahingoittui-viemaritoiden-yhteydessa-sastamalassa-kaupunki-maksamassa-korvauksia-alueviesti","status":"publish","type":"post","link":"https:\/\/www.europesays.com\/fi\/116482\/","title":{"rendered":"Salaoja vahingoittui viem\u00e4rit\u00f6iden yhteydess\u00e4 Sastamalassa, kaupunki maksamassa korvauksia &#8211; Alueviesti"},"content":{"rendered":"<p><img loading=\"lazy\" decoding=\"async\" src=\"https:\/\/www.europesays.com\/fi\/wp-content\/uploads\/2025\/12\/pelto-traktori-kynto-758x507.jpg\" alt=\"\" width=\"758\" height=\"507\" class=\"size-large wp-image-155768\"  \/>Traktori pellolla. Kuvituskuva. Kuva: Pixabay.<\/p>\n<p>Sastamalassa peltolohkon omistaja huomasi peltot\u00f6iden yhteydess\u00e4 pellon tulvivan. H\u00e4n ep\u00e4ili salaojien vaurioituneen siirtoviem\u00e4rilinjan rakennust\u00f6iden yhteydess\u00e4. <\/p>\n<p>Asiaa selvitettiin Sastamalan Veden, kaapeliyhti\u00f6iden ja ulkopuolisen urakoitsijan toimesta. Tutkimuksissa ilmeni, ett\u00e4 siirtoviem\u00e4rity\u00f6n yhteydess\u00e4 vaurioituneen salaojan korjattu kohta oli pett\u00e4nyt ja tukkeutunut. <\/p>\n<p>Pellon omistaja vaati siirtoviem\u00e4rin sijoitus- ja k\u00e4ytt\u00f6oikeussopimuksen mukaisesti t\u00e4ytt\u00e4 korvausta haitasta sek\u00e4 sadonmenetyskorvausta, tuenmenetyskorvausta ja viljelykorvausta. Sopimuksessa on maininta, ett\u00e4 maaseutuviranomainen arvioi edell\u00e4 mainitut korvaukset. Tekstin perusteella johdonomistajan vastuulle kuuluvat my\u00f6s my\u00f6hemmin ilmenev\u00e4t vauriot ja v\u00e4lilliset kustannukset, jotka aiheutuvat putkity\u00f6st\u00e4. <\/p>\n<p>Esityksen mukaan Sastamalan Vesi ottaa vastattavakseen vaurioituneen salaojan korjaamisesta aiheutuvan ty\u00f6n kustannukset. Edelleen liikelaitos maksaa peltolohkon omistajalle maaseutuviranomaisen m\u00e4\u00e4rittelem\u00e4n sadon-, tuenmenetys- ja viljelykorvauksen. <\/p>\n<p>Asia on Sastamalan Veden johtokunnan p\u00e4\u00e4tett\u00e4v\u00e4n\u00e4. <\/p>\n","protected":false},"excerpt":{"rendered":"Traktori pellolla. Kuvituskuva. Kuva: Pixabay. Sastamalassa peltolohkon omistaja huomasi peltot\u00f6iden yhteydess\u00e4 pellon tulvivan. H\u00e4n ep\u00e4ili salaojien vaurioituneen siirtoviem\u00e4rilinjan&hellip;\n","protected":false},"author":2,"featured_media":116483,"comment_status":"","ping_status":"","sticky":false,"template":"","format":"standard","meta":{"footnotes":""},"categories":[76],"tags":[79,77,33,31,30,32,78],"class_list":{"0":"post-116482","1":"post","2":"type-post","3":"status-publish","4":"format-standard","5":"has-post-thumbnail","7":"category-talous","8":"tag-business","9":"tag-economy","10":"tag-fi","11":"tag-finland","12":"tag-finnish","13":"tag-suomi","14":"tag-talous"},"share_on_mastodon":{"url":"https:\/\/pubeurope.com\/@fi\/115720256768262591","error":""},"_links":{"self":[{"href":"https:\/\/www.europesays.com\/fi\/wp-json\/wp\/v2\/posts\/116482","targetHints":{"allow":["GET"]}}],"collection":[{"href":"https:\/\/www.europesays.com\/fi\/wp-json\/wp\/v2\/posts"}],"about":[{"href":"https:\/\/www.europesays.com\/fi\/wp-json\/wp\/v2\/types\/post"}],"author":[{"embeddable":true,"href":"https:\/\/www.europesays.com\/fi\/wp-json\/wp\/v2\/users\/2"}],"replies":[{"embeddable":true,"href":"https:\/\/www.europesays.com\/fi\/wp-json\/wp\/v2\/comments?post=116482"}],"version-history":[{"count":0,"href":"https:\/\/www.europesays.com\/fi\/wp-json\/wp\/v2\/posts\/116482\/revisions"}],"wp:featuredmedia":[{"embeddable":true,"href":"https:\/\/www.europesays.com\/fi\/wp-json\/wp\/v2\/media\/116483"}],"wp:attachment":[{"href":"https:\/\/www.europesays.com\/fi\/wp-json\/wp\/v2\/media?parent=116482"}],"wp:term":[{"taxonomy":"category","embeddable":true,"href":"https:\/\/www.europesays.com\/fi\/wp-json\/wp\/v2\/categories?post=116482"},{"taxonomy":"post_tag","embeddable":true,"href":"https:\/\/www.europesays.com\/fi\/wp-json\/wp\/v2\/tags?post=116482"}],"curies":[{"name":"wp","href":"https:\/\/api.w.org\/{rel}","templated":true}]}}