{"id":116489,"date":"2025-12-14T22:36:10","date_gmt":"2025-12-14T22:36:10","guid":{"rendered":"https:\/\/www.europesays.com\/fi\/116489\/"},"modified":"2025-12-14T22:36:10","modified_gmt":"2025-12-14T22:36:10","slug":"ruotsin-hovi-jakoi-harvinaisen-kuvan-kuninkaasta","status":"publish","type":"post","link":"https:\/\/www.europesays.com\/fi\/116489\/","title":{"rendered":"Ruotsin hovi jakoi harvinaisen kuvan kuninkaasta"},"content":{"rendered":"<p>            AOP\n        <\/p>\n<p class=\"subtitle \">Ruotsissa p\u00e4iv\u00e4 on suuri, ja kuningashuonekin on julkaissut juhlan kunniaksi oman kuvan sosiaalisessa mediassa.<\/p>\n<p class=\"article-content article-content-width !bg-background\">Lauantaina vietettiin j\u00e4lleen perinteist\u00e4 Lucian p\u00e4iv\u00e4\u00e4, kuten aina 13. joulukuuta.<\/p>\n<p class=\"font-weight-bold m-font-weight-bold article-content article-content-width !bg-background\">Video: Ruotsin kunkut k\u00e4viv\u00e4t kes\u00e4kuussa Suomessa ja sitten tapahtui hassu tilanne.<\/p>\n<p class=\"article-content article-content-width !bg-background\">P\u00e4iv\u00e4 juontaa juurensa  ja h\u00e4nen kuolinp\u00e4iv\u00e4st\u00e4\u00e4n, ja ajankohta kuuluukin alkujaan katoliseen pyhimyskalenteriin.<\/p>\n<p class=\"article-content article-content-width !bg-background\">Helsingin tuomiokirkossa Suomen Luciaksi kruunattiin .<\/p>\n<p>        <a itemprop=\"url\" href=\"https:\/\/www.seiska.fi\/kuninkaalliset\/huh-mika-hauis-kruununprinsessa-victorian-ulkomuoto-puhuttaa\/2018366\" rel=\"nofollow noopener\" target=\"_blank\"><\/p>\n<p>\nHuh, mik\u00e4 hauis!\n<\/p>\n<p class=\"section-date\">\n        <strong class=\"article-section\" data-section=\"kuninkaalliset\"><br \/>\n            kuninkaalliset<br \/>\n        <\/strong><br \/>\n        11.12. 11:38\n    <\/p>\n<p>Huh, mik\u00e4 hauis! Kruununprinsessa Victorian ulkomuoto puhuttaa\n    <\/p>\n<p itemprop=\"description\" class=\"subtitle \">\n    Kruununprinsessan asuvalinta her\u00e4tt\u00e4\u00e4 ristiriitaisia tunteita.\n<\/p>\n<p>        <\/a><\/p>\n<p class=\"article-content article-content-width !bg-background\">Kirkkonummelainen opiskelija on nyt Lucia, joka \u201dtuo valon talven pimeyteen\u201d.<\/p>\n<p>                <img decoding=\"async\" src=\"https:\/\/www.europesays.com\/fi\/wp-content\/uploads\/2025\/12\/1823263.webp\" width=\"576\" height=\"322\" alt=\"Ruotsin kuningas Kaarle XVI Kustaa sek\u00e4 Ruotsin kuningatar Silvia tulivat juhlistamaan kes\u00e4ll\u00e4 Suomeen 50-vuotista Hanasaaren kulttuurikeskusta.\" loading=\"lazy\" \/>            <\/p>\n<p>\n            Ruotsin kuningas Kaarle XVI Kustaa sek\u00e4 Ruotsin kuningatar Silvia tulivat juhlistamaan kes\u00e4ll\u00e4 Suomeen 50-vuotista Hanasaaren kulttuurikeskusta.<br \/>\n            Atte Kajova\n        <\/p>\n<p>Barbro oli ensimm\u00e4inen<\/p>\n<p class=\"article-content article-content-width !bg-background\">Lucian p\u00e4iv\u00e4 onkin iso juttu erityisesti ruotsinkielisess\u00e4 kulttuurissa.<\/p>\n<p class=\"article-content article-content-width !bg-background\">Suomessa Lucia-neito valitaan ruotsinkielisten Folkh\u00e4lsanin ja sanomalehti Hufvudstadsbladetin yhteisty\u00f6ll\u00e4.<\/p>\n<p class=\"article-content article-content-width !bg-background\">Kun edell\u00e4 mainitut ovat valinneet ehdokkaat, kansa p\u00e4\u00e4tt\u00e4\u00e4 valtakunnallisessa yleis\u00f6\u00e4\u00e4nestyksess\u00e4, kuka valitaan lopulta Lucia-neidoksi.<\/p>\n<p>        <a itemprop=\"url\" href=\"https:\/\/www.seiska.fi\/kuninkaalliset\/kruununprinsessa-victoria-jattiuutinen\/2015395\" rel=\"nofollow noopener\" target=\"_blank\"><\/p>\n<p>\nKruununprinsessa Victoria\n<\/p>\n<p class=\"section-date\">\n        <strong class=\"article-section\" data-section=\"kuninkaalliset\"><br \/>\n            kuninkaalliset<br \/>\n        <\/strong><br \/>\n        8.12. 18:30\n    <\/p>\n<p>Kruununprinsessa Victoria: J\u00e4ttiuutinen\n    <\/p>\n<p itemprop=\"description\" class=\"subtitle \">\n    Kruununprinsessa on saanut uuden, t\u00e4rke\u00e4n teht\u00e4v\u00e4n.\n<\/p>\n<p>        <\/a><\/p>\n<p class=\"article-content article-content-width !bg-background\">P\u00e4iv\u00e4ll\u00e4 on Suomessakin pitk\u00e4t perinteet, sill\u00e4 ensimm\u00e4inen Suomen Lucia -juhla j\u00e4rjestettiin Helsingiss\u00e4 vuonna 1949, mutta ensimm\u00e4iseksi Lucia-neidoksi valittiin vuonna 1950  -niminen daami.<\/p>\n<p>                <img decoding=\"async\" src=\"https:\/\/www.europesays.com\/fi\/wp-content\/uploads\/2025\/12\/1730741.webp\" width=\"576\" height=\"308\" alt=\"Kaarlesta tuli kuningas, vaikka h\u00e4nell\u00e4 on per\u00e4ti nelj\u00e4 vanhempaa siskoa. Sittemmin lakia on muutettu ja nyt kruununprinsessa Victoria on ensimm\u00e4isen\u00e4 kruununperimysj\u00e4rjestyksess\u00e4.\" loading=\"lazy\" \/>            <\/p>\n<p>\n            Kaarlesta tuli kuningas, vaikka h\u00e4nell\u00e4 on per\u00e4ti nelj\u00e4 vanhempaa siskoa. Sittemmin lakia on muutettu ja nyt kruununprinsessa Victoria on ensimm\u00e4isen\u00e4 kruununperimysj\u00e4rjestyksess\u00e4.<br \/>\n            AOP\n        <\/p>\n<p>Iso juttu Ruotsissa<\/p>\n<p class=\"article-content article-content-width !bg-background\">Ruotsissa p\u00e4iv\u00e4 on suuri, ja kuningashuonekin on julkaissut juhlan kunniaksi oman kuvan sosiaalisessa mediassa.<\/p>\n<p class=\"article-content article-content-width !bg-background\">Viime vuonna hovi julkaisi kuvan , joka oli pukeutunut Luciaksi.<\/p>\n<p>        <a itemprop=\"url\" href=\"https:\/\/www.seiska.fi\/kuninkaalliset\/victoria-ja-daniel-saivat-maailmantahdet-sekaisin\/1964899\" rel=\"nofollow noopener\" target=\"_blank\"><\/p>\n<p>\nL\u00e4sn\u00e4olo loksautti leuat!\n<\/p>\n<p class=\"section-date\">\n        <strong class=\"article-section\" data-section=\"kuninkaalliset\"><br \/>\n            kuninkaalliset<br \/>\n        <\/strong><br \/>\n        16.10. 20:30\n    <\/p>\n<p>Victoria ja Daniel saivat maailmant\u00e4hdet sekaisin\n    <\/p>\n<p itemprop=\"description\" class=\"subtitle \">\n    Victoria ja Daniel ovat parhaillaan vierailulla Etel\u00e4-Koreassa.\n<\/p>\n<p>        <\/a><\/p>\n<p class=\"article-content article-content-width !bg-background\">T\u00e4n\u00e4 vuonna mentiin puolestaan historian takamaille, sill\u00e4 kuningashuone jakoi mustavalkoisen kuvan, joka juontaa ilmeisesti aina 1940-luvulle.<\/p>\n<p class=\"article-content article-content-width !bg-background\">Kuvassa on nimitt\u00e4in tuleva  nelj\u00e4n isosiskonsa kanssa.<\/p>\n<p class=\"article-content article-content-width !bg-background\">Kuvassa \u201dKallen\u201d vieress\u00e4 ovat , ,  ja .<\/p>\n<p>Lakia muutettiin<\/p>\n<p class=\"article-content article-content-width !bg-background\">He kaikki syntyiv\u00e4t ennen kruununperimyslain muutosta, joka antoi my\u00f6s naisille oikeuden valtaistuimeen. T\u00e4m\u00e4n vuoksi Kaarle Kustaasta tuli kuningas is\u00e4ns\u00e4 j\u00e4lkeen.<\/p>\n<p class=\"article-content article-content-width !bg-background\">Sittemmin lakia on muutettu, ja Kaarle Kustaan ja kuningatar Silvian esikoinen  on kruununprinsessa eli perimysj\u00e4rjestyksess\u00e4 ensimm\u00e4inen.<\/p>\n<p>        <a itemprop=\"url\" href=\"https:\/\/www.seiska.fi\/kuninkaalliset\/oho-prinsessa-madeleinen-eva-anopilla-romanssi-kuninkaan-kanssa\/1937345\" rel=\"nofollow noopener\" target=\"_blank\"><\/p>\n<p>\nMadeleinen anopilla\n<\/p>\n<p class=\"section-date\">\n        <strong class=\"article-section\" data-section=\"kuninkaalliset\"><br \/>\n            kuninkaalliset<br \/>\n        <\/strong><br \/>\n        20.9. 14:30\n    <\/p>\n<p>Oho! Prinsessa Madeleinen Eva-anopilla romanssi kuninkaan kanssa\n    <\/p>\n<p itemprop=\"description\" class=\"subtitle \">\n    Chris on ollut taustastaan vaitonainen. Eva-\u00e4idin el\u00e4m\u00e4st\u00e4 ei kuitenkaan k\u00e4\u00e4nteit\u00e4 ole puuttunut.\n<\/p>\n<p>        <\/a><\/p>\n<p class=\"article-content article-content-width !bg-background\">\u2013 Iloista Lucian p\u00e4iv\u00e4n aamua, julkaisussa kirjoitetaan.<\/p>\n<p class=\"article-content article-content-width !bg-background\">Kuvatekstiss\u00e4 kerrotaan, ett\u00e4 siin\u00e4 \u201dkuningas ja h\u00e4nen siskonsa rentoutumassa Hagan linnassa\u201d.<\/p>\n<p>&#8221;S\u00f6p\u00f6 ja suloinen t\u00e4n\u00e4\u00e4nkin&#8221;<\/p>\n<p class=\"article-content article-content-width !bg-background\">Kommentoijat ovat haltioissaan.<\/p>\n<p class=\"article-content article-content-width !bg-background\">\u2013 Kuningas oli silloin todella suloinen poika, ihastelee yksi.<\/p>\n<p class=\"article-content article-content-width !bg-background\">\u2013 Kuningas on s\u00f6p\u00f6 ja suloinen t\u00e4n\u00e4\u00e4nkin \u2764\ufe0f\u2764\ufe0f hyv\u00e4\u00e4 Lucia, toteaa toinen.<\/p>\n<p class=\"article-content article-content-width !bg-background\">\u2013 Prinsessa Birgitta on Lucia t\u00e4\u00e4ll\u00e4, ihastelee kolmas.<\/p>\n<p>        <a itemprop=\"url\" href=\"https:\/\/www.seiska.fi\/kuninkaalliset\/ruotsin-hovilta-poikkeuksellinen-ulostulo\/1931661\" rel=\"nofollow noopener\" target=\"_blank\"><\/p>\n<p>\nMik\u00e4 tyyli!\n<\/p>\n<p class=\"section-date\">\n        <strong class=\"article-section\" data-section=\"kuninkaalliset\"><br \/>\n            kuninkaalliset<br \/>\n        <\/strong><br \/>\n        15.9. 11:23\n    <\/p>\n<p>Ruotsin hovilta poikkeuksellinen ulostulo\n    <\/p>\n<p itemprop=\"description\" class=\"subtitle \">\n    Ruotsin hovin julkaisema syntt\u00e4rikuva eroaa perinteisist\u00e4 potreteista.\n<\/p>\n<p>        <\/a><\/p>\n<p class=\"article-content article-content-width !bg-background\">Toden totta, kuvassa Lucia-neitona on prinsessa Birgitta, joka kuoli 87 vuoden i\u00e4ss\u00e4 viime vuoden joulukuun alussa.<\/p>\n<p class=\"article-content article-content-width !bg-background\">Ehk\u00e4 juuri h\u00e4nen muistoaan haluttiin kunnioittaa hovin puolesta t\u00e4m\u00e4n vuoden Lucian p\u00e4iv\u00e4n\u00e4 Ruotsissa.<\/p>\n","protected":false},"excerpt":{"rendered":"AOP Ruotsissa p\u00e4iv\u00e4 on suuri, ja kuningashuonekin on julkaissut juhlan kunniaksi oman kuvan sosiaalisessa mediassa. Lauantaina vietettiin j\u00e4lleen&hellip;\n","protected":false},"author":2,"featured_media":116490,"comment_status":"","ping_status":"","sticky":false,"template":"","format":"standard","meta":{"footnotes":""},"categories":[136],"tags":[21082,407,137,33,31,30,408,21266,212,21267,20403,21268,32,109],"class_list":{"0":"post-116489","1":"post","2":"type-post","3":"status-publish","4":"format-standard","5":"has-post-thumbnail","7":"category-julkkikset","8":"tag-alexandra-lindqvist","9":"tag-celebrities","10":"tag-entertainment","11":"tag-fi","12":"tag-finland","13":"tag-finnish","14":"tag-julkkikset","15":"tag-kaarle-xvi-kustaa","16":"tag-lifestyle","17":"tag-lucian-paiva","18":"tag-prinsessa-birgitta","19":"tag-ruotsin-kuningashuone","20":"tag-suomi","21":"tag-viihde"},"share_on_mastodon":{"url":"https:\/\/pubeurope.com\/@fi\/115720315598528791","error":""},"_links":{"self":[{"href":"https:\/\/www.europesays.com\/fi\/wp-json\/wp\/v2\/posts\/116489","targetHints":{"allow":["GET"]}}],"collection":[{"href":"https:\/\/www.europesays.com\/fi\/wp-json\/wp\/v2\/posts"}],"about":[{"href":"https:\/\/www.europesays.com\/fi\/wp-json\/wp\/v2\/types\/post"}],"author":[{"embeddable":true,"href":"https:\/\/www.europesays.com\/fi\/wp-json\/wp\/v2\/users\/2"}],"replies":[{"embeddable":true,"href":"https:\/\/www.europesays.com\/fi\/wp-json\/wp\/v2\/comments?post=116489"}],"version-history":[{"count":0,"href":"https:\/\/www.europesays.com\/fi\/wp-json\/wp\/v2\/posts\/116489\/revisions"}],"wp:featuredmedia":[{"embeddable":true,"href":"https:\/\/www.europesays.com\/fi\/wp-json\/wp\/v2\/media\/116490"}],"wp:attachment":[{"href":"https:\/\/www.europesays.com\/fi\/wp-json\/wp\/v2\/media?parent=116489"}],"wp:term":[{"taxonomy":"category","embeddable":true,"href":"https:\/\/www.europesays.com\/fi\/wp-json\/wp\/v2\/categories?post=116489"},{"taxonomy":"post_tag","embeddable":true,"href":"https:\/\/www.europesays.com\/fi\/wp-json\/wp\/v2\/tags?post=116489"}],"curies":[{"name":"wp","href":"https:\/\/api.w.org\/{rel}","templated":true}]}}