{"id":116495,"date":"2025-12-14T22:47:08","date_gmt":"2025-12-14T22:47:08","guid":{"rendered":"https:\/\/www.europesays.com\/fi\/116495\/"},"modified":"2025-12-14T22:47:08","modified_gmt":"2025-12-14T22:47:08","slug":"tama-saattaa-kaataa-trumpin-uusi-suomi-puheenvuoro","status":"publish","type":"post","link":"https:\/\/www.europesays.com\/fi\/116495\/","title":{"rendered":"T\u00e4m\u00e4 saattaa kaataa Trumpin | Uusi Suomi Puheenvuoro"},"content":{"rendered":"<p>Maailmassa vallitsee nyt oikeistossa ja talousel\u00e4m\u00e4ss\u00e4 todellisuudentajuton massapsykoosi.<\/p>\n<p>Kuvitellaan ett\u00e4 torjumalla tietoisuudesta ilmastonmuutoksen syyt ja seuraukset saadaan torjuttua koko ilmastonmuutos.<\/p>\n<p>Ja kun niiden joukko kasvaa joilta ilmastonmuutos vei kaiken \u2013 ja kun he tajuaa ett\u00e4 vallanpit\u00e4j\u00e4t ei aio tehd\u00e4 mit\u00e4\u00e4n \u2013 niin nuo ihmiset saattaa siirty\u00e4 suoraan aktivismiin ilmastonmuutoksen aiheuttajia kohtaan.<\/p>\n<p>Ja se tulee todella kalliiksi talousel\u00e4m\u00e4lle koska se vie bisneksen kannattavuutta.<\/p>\n<p>Ja se voi olla nimenomaan asia joka kaataa Trumpin.<\/p>\n<p class=\"italic font-radio-canada\">\n        Uuden Suomen blogipalvelussa bloggaajat julkaisevat tekstins\u00e4 itse ja niiss\u00e4 esitetyt n\u00e4kemykset ovat kirjoittajien omia.\n        <\/p>\n","protected":false},"excerpt":{"rendered":"Maailmassa vallitsee nyt oikeistossa ja talousel\u00e4m\u00e4ss\u00e4 todellisuudentajuton massapsykoosi. Kuvitellaan ett\u00e4 torjumalla tietoisuudesta ilmastonmuutoksen syyt ja seuraukset saadaan torjuttua&hellip;\n","protected":false},"author":2,"featured_media":87590,"comment_status":"","ping_status":"","sticky":false,"template":"","format":"standard","meta":{"footnotes":""},"categories":[76],"tags":[79,77,33,31,30,32,78],"class_list":{"0":"post-116495","1":"post","2":"type-post","3":"status-publish","4":"format-standard","5":"has-post-thumbnail","7":"category-talous","8":"tag-business","9":"tag-economy","10":"tag-fi","11":"tag-finland","12":"tag-finnish","13":"tag-suomi","14":"tag-talous"},"share_on_mastodon":{"url":"https:\/\/pubeurope.com\/@fi\/115720358725416859","error":""},"_links":{"self":[{"href":"https:\/\/www.europesays.com\/fi\/wp-json\/wp\/v2\/posts\/116495","targetHints":{"allow":["GET"]}}],"collection":[{"href":"https:\/\/www.europesays.com\/fi\/wp-json\/wp\/v2\/posts"}],"about":[{"href":"https:\/\/www.europesays.com\/fi\/wp-json\/wp\/v2\/types\/post"}],"author":[{"embeddable":true,"href":"https:\/\/www.europesays.com\/fi\/wp-json\/wp\/v2\/users\/2"}],"replies":[{"embeddable":true,"href":"https:\/\/www.europesays.com\/fi\/wp-json\/wp\/v2\/comments?post=116495"}],"version-history":[{"count":0,"href":"https:\/\/www.europesays.com\/fi\/wp-json\/wp\/v2\/posts\/116495\/revisions"}],"wp:featuredmedia":[{"embeddable":true,"href":"https:\/\/www.europesays.com\/fi\/wp-json\/wp\/v2\/media\/87590"}],"wp:attachment":[{"href":"https:\/\/www.europesays.com\/fi\/wp-json\/wp\/v2\/media?parent=116495"}],"wp:term":[{"taxonomy":"category","embeddable":true,"href":"https:\/\/www.europesays.com\/fi\/wp-json\/wp\/v2\/categories?post=116495"},{"taxonomy":"post_tag","embeddable":true,"href":"https:\/\/www.europesays.com\/fi\/wp-json\/wp\/v2\/tags?post=116495"}],"curies":[{"name":"wp","href":"https:\/\/api.w.org\/{rel}","templated":true}]}}