{"id":116498,"date":"2025-12-14T22:49:10","date_gmt":"2025-12-14T22:49:10","guid":{"rendered":"https:\/\/www.europesays.com\/fi\/116498\/"},"modified":"2025-12-14T22:49:10","modified_gmt":"2025-12-14T22:49:10","slug":"auto-suistui-tielta-katon-kautta-ympari-heinolassa-paijat-hame","status":"publish","type":"post","link":"https:\/\/www.europesays.com\/fi\/116498\/","title":{"rendered":"Auto suistui tielt\u00e4 katon kautta ymp\u00e4ri Heinolassa | P\u00e4ij\u00e4t-H\u00e4me"},"content":{"rendered":"<p><img decoding=\"async\" src=\"https:\/\/a.ess.fi\/styles\/8c188af7\/images\/logos\/ess.svg\" class=\"diks-logo diks-logo--default diks-footer__main-logo--wide\" alt=\"Etel\u00e4-Suomen Sanomat\"\/><img decoding=\"async\" src=\"https:\/\/a.ess.fi\/styles\/8c188af7\/images\/logos\/ess-white.svg\" class=\"diks-logo diks-logo--darkmode diks-footer__main-logo--wide\" alt=\"Etel\u00e4-Suomen Sanomat\"\/><\/p>\n<p><strong>Postiosoite:<\/strong> Ilmarisentie 9, 15200 Lahti<br \/><strong>K\u00e4yntiosoite:<\/strong> Ilmarisentie 9, Lahti<br \/><strong>Vastaava p\u00e4\u00e4toimittaja:<\/strong> Markus Pirttijoki<\/p>\n<p>\t\t\t\t\t\tSovellus<\/p>\n<p>Sovellus sis\u00e4lt\u00e4\u00e4 tuoreet juttumme, joita ilmestyy ymp\u00e4ri vuorokauden vuoden jokaisena p\u00e4iv\u00e4n\u00e4 sek\u00e4 n\u00e4k\u00f6islehtemme liitteineen sek\u00e4 n\u00e4k\u00f6islehtien arkiston. Asenna sovellus laitteesi sovelluskaupasta.<\/p>\n<p>\t\t\t\t\t<a class=\"diks-apps__app-link diks-hide-on-android\" href=\"https:\/\/apps.apple.com\/fi\/app\/etel%C3%A4-suomen-sanomat\/id6450002727\" rel=\"nofollow noopener\" target=\"_blank\"><img decoding=\"async\" class=\"diks-apps__app-image\" src=\"https:\/\/a.ess.fi\/styles\/8c188af7\/images\/default\/appstore-badge.svg\" alt=\"Lataa sovellus App Storesta\"\/><\/a><br \/>\n\t\t\t\t\t<a class=\"diks-apps__app-link diks-hide-on-ios\" href=\"https:\/\/play.google.com\/store\/apps\/details?id=fi.media.ess\" rel=\"nofollow noopener\" target=\"_blank\"><img decoding=\"async\" class=\"diks-apps__app-image\" src=\"https:\/\/a.ess.fi\/styles\/8c188af7\/images\/default\/google-play-badge.svg\" alt=\"Lataa sovellus Google Play -kaupasta\"\/><\/a><\/p>\n","protected":false},"excerpt":{"rendered":"Postiosoite: Ilmarisentie 9, 15200 LahtiK\u00e4yntiosoite: Ilmarisentie 9, LahtiVastaava p\u00e4\u00e4toimittaja: Markus Pirttijoki Sovellus Sovellus sis\u00e4lt\u00e4\u00e4 tuoreet juttumme, joita ilmestyy&hellip;\n","protected":false},"author":2,"featured_media":13376,"comment_status":"","ping_status":"","sticky":false,"template":"","format":"standard","meta":{"footnotes":""},"categories":[12],"tags":[22,23,26,27,33,31,30,17,3894,3355,2187,24,25,121,1048,28,29,82,15,18,21,32,128,19,20,16],"class_list":{"0":"post-116498","1":"post","2":"type-post","3":"status-publish","4":"format-standard","5":"has-post-thumbnail","7":"category-suomi","8":"tag-breaking-news","9":"tag-breakingnews","10":"tag-featured-news","11":"tag-featurednews","12":"tag-fi","13":"tag-finland","14":"tag-finnish","15":"tag-headlines","16":"tag-heinola","17":"tag-heinolan-seutukunta","18":"tag-kulkuneuvot","19":"tag-latest-news","20":"tag-latestnews","21":"tag-liikenne-ja-kuljetus","22":"tag-maakulkuneuvot","23":"tag-main-news","24":"tag-mainnews","25":"tag-moottoriajoneuvot","26":"tag-news","27":"tag-otsikot","28":"tag-paauutiset","29":"tag-suomi","30":"tag-tieliikenne","31":"tag-top-stories","32":"tag-topstories","33":"tag-uutiset"},"share_on_mastodon":{"url":"https:\/\/pubeurope.com\/@fi\/115720367068930055","error":""},"_links":{"self":[{"href":"https:\/\/www.europesays.com\/fi\/wp-json\/wp\/v2\/posts\/116498","targetHints":{"allow":["GET"]}}],"collection":[{"href":"https:\/\/www.europesays.com\/fi\/wp-json\/wp\/v2\/posts"}],"about":[{"href":"https:\/\/www.europesays.com\/fi\/wp-json\/wp\/v2\/types\/post"}],"author":[{"embeddable":true,"href":"https:\/\/www.europesays.com\/fi\/wp-json\/wp\/v2\/users\/2"}],"replies":[{"embeddable":true,"href":"https:\/\/www.europesays.com\/fi\/wp-json\/wp\/v2\/comments?post=116498"}],"version-history":[{"count":0,"href":"https:\/\/www.europesays.com\/fi\/wp-json\/wp\/v2\/posts\/116498\/revisions"}],"wp:featuredmedia":[{"embeddable":true,"href":"https:\/\/www.europesays.com\/fi\/wp-json\/wp\/v2\/media\/13376"}],"wp:attachment":[{"href":"https:\/\/www.europesays.com\/fi\/wp-json\/wp\/v2\/media?parent=116498"}],"wp:term":[{"taxonomy":"category","embeddable":true,"href":"https:\/\/www.europesays.com\/fi\/wp-json\/wp\/v2\/categories?post=116498"},{"taxonomy":"post_tag","embeddable":true,"href":"https:\/\/www.europesays.com\/fi\/wp-json\/wp\/v2\/tags?post=116498"}],"curies":[{"name":"wp","href":"https:\/\/api.w.org\/{rel}","templated":true}]}}