{"id":116501,"date":"2025-12-14T23:02:09","date_gmt":"2025-12-14T23:02:09","guid":{"rendered":"https:\/\/www.europesays.com\/fi\/116501\/"},"modified":"2025-12-14T23:02:09","modified_gmt":"2025-12-14T23:02:09","slug":"is-anne-ramsay-avautui-parisuhteestaan-antti-luusuaniemeen","status":"publish","type":"post","link":"https:\/\/www.europesays.com\/fi\/116501\/","title":{"rendered":"IS: Anne Ramsay avautui parisuhteestaan Antti Luusuaniemeen"},"content":{"rendered":"<p>Remppa vai muutto -ohjelmasta tutuksi tullut kiinteist\u00f6v\u00e4litt\u00e4j\u00e4 Anne Ramsay asuu nykyisin Aurinkorannikolla. H\u00e4net tunnetaan nykyisin my\u00f6s suhteestaan n\u00e4yttelij\u00e4 Antti Luusuaniemeen.<\/p>\n<p>Anne kertoo el\u00e4m\u00e4st\u00e4\u00e4n <a href=\"https:\/\/www.is.fi\/viihde\/art-2000011682365.html\" rel=\"nofollow noopener\" target=\"_blank\">Ilta-Sanomien<\/a> viikonlopun lehdess\u00e4.<\/p>\n<p>Antti on tuttu n\u00e4ky Marbellassa Annen kotona, sill\u00e4 h\u00e4n k\u00e4y siell\u00e4 usein, ja kuvasi tuoreimman Luottomies-leffansakin siell\u00e4.<\/p>\n<p>\u2013 Et\u00e4suhde-el\u00e4m\u00e4 on sujunut kohdallamme ihan t\u00e4ydellisesti. Teemme molemmat tosi paljon t\u00f6it\u00e4, niin se on hyv\u00e4, ett\u00e4 pystymme jaksottamaan omaa tekemist\u00e4. Yleens\u00e4 teen enemm\u00e4n t\u00f6it\u00e4, kun Antti ei ole t\u00e4\u00e4ll\u00e4 ja kun h\u00e4n tulee t\u00e4nne, niin otan rennommin, Anne avautuu suhteen kiemuroista.<\/p>\n<p>H\u00e4n toteaa olevan hyv\u00e4 asia, ett\u00e4 heill\u00e4 on omat el\u00e4m\u00e4t ja yhteinen el\u00e4m\u00e4.<\/p>\n<p>\u2013 Olen onnekas, ett\u00e4 Antti on matkustanut luokseni tosi usein. H\u00e4n k\u00e4y enemm\u00e4n t\u00e4\u00e4ll\u00e4 kuin min\u00e4 Suomessa.<\/p>\n<p>Anne ei ainakaan ole muuttamassa Suomeen.<\/p>\n<p>\u2013 Tuskin tulen koko el\u00e4m\u00e4\u00e4ni asumaan Espanjassa, mutta en n\u00e4e, ett\u00e4 haluaisin asua talvia Suomessa. Kun kerran olen myynyt kaikki tavarani sek\u00e4 opiskellut uuden kielen ja bisneksen, olen tiedostanut koko ajan, ett\u00e4 t\u00e4m\u00e4 on aika pysyv\u00e4 ratkaisu, Ramsay toteaa IS:ss\u00e4.<\/p>\n<p>Luusuaniemi on puhellut tulevista suunnitelmista ja muutoksista julkisuudessa, joten ainakaan Anne ei siis ole se, joka muuttaa.<\/p>\n<p>Lue my\u00f6s: <a href=\"https:\/\/www.como.fi\/tilaa-comon-uutiskirje\/\" title=\"Tilaa Comon uutiskirje ja tied\u00e4t mist\u00e4 kahvitauolla puhutaan! Nappaa kotimaan tv-vinkit ja puheenaiheet suoraan s\u00e4hk\u00f6postiin t\u00e4st\u00e4.\" class=\"underline-custom !font-montserrat !font-bold !underline-offset-4 !decoration-4 !decoration-red-600 !text-md\" rel=\"nofollow noopener\" target=\"_blank\">Tilaa Comon uutiskirje ja tied\u00e4t mist\u00e4 kahvitauolla puhutaan! Nappaa kotimaan tv-vinkit ja puheenaiheet suoraan s\u00e4hk\u00f6postiin t\u00e4st\u00e4.<\/a><\/p>\n","protected":false},"excerpt":{"rendered":"Remppa vai muutto -ohjelmasta tutuksi tullut kiinteist\u00f6v\u00e4litt\u00e4j\u00e4 Anne Ramsay asuu nykyisin Aurinkorannikolla. H\u00e4net tunnetaan nykyisin my\u00f6s suhteestaan n\u00e4yttelij\u00e4&hellip;\n","protected":false},"author":2,"featured_media":116502,"comment_status":"","ping_status":"","sticky":false,"template":"","format":"standard","meta":{"footnotes":""},"categories":[136],"tags":[15853,2562,407,137,33,31,30,408,32,109],"class_list":{"0":"post-116501","1":"post","2":"type-post","3":"status-publish","4":"format-standard","5":"has-post-thumbnail","7":"category-julkkikset","8":"tag-anne-ramsay","9":"tag-antti-luusuaniemi","10":"tag-celebrities","11":"tag-entertainment","12":"tag-fi","13":"tag-finland","14":"tag-finnish","15":"tag-julkkikset","16":"tag-suomi","17":"tag-viihde"},"share_on_mastodon":{"url":"https:\/\/pubeurope.com\/@fi\/115720417607969579","error":""},"_links":{"self":[{"href":"https:\/\/www.europesays.com\/fi\/wp-json\/wp\/v2\/posts\/116501","targetHints":{"allow":["GET"]}}],"collection":[{"href":"https:\/\/www.europesays.com\/fi\/wp-json\/wp\/v2\/posts"}],"about":[{"href":"https:\/\/www.europesays.com\/fi\/wp-json\/wp\/v2\/types\/post"}],"author":[{"embeddable":true,"href":"https:\/\/www.europesays.com\/fi\/wp-json\/wp\/v2\/users\/2"}],"replies":[{"embeddable":true,"href":"https:\/\/www.europesays.com\/fi\/wp-json\/wp\/v2\/comments?post=116501"}],"version-history":[{"count":0,"href":"https:\/\/www.europesays.com\/fi\/wp-json\/wp\/v2\/posts\/116501\/revisions"}],"wp:featuredmedia":[{"embeddable":true,"href":"https:\/\/www.europesays.com\/fi\/wp-json\/wp\/v2\/media\/116502"}],"wp:attachment":[{"href":"https:\/\/www.europesays.com\/fi\/wp-json\/wp\/v2\/media?parent=116501"}],"wp:term":[{"taxonomy":"category","embeddable":true,"href":"https:\/\/www.europesays.com\/fi\/wp-json\/wp\/v2\/categories?post=116501"},{"taxonomy":"post_tag","embeddable":true,"href":"https:\/\/www.europesays.com\/fi\/wp-json\/wp\/v2\/tags?post=116501"}],"curies":[{"name":"wp","href":"https:\/\/api.w.org\/{rel}","templated":true}]}}