{"id":116515,"date":"2025-12-14T23:28:12","date_gmt":"2025-12-14T23:28:12","guid":{"rendered":"https:\/\/www.europesays.com\/fi\/116515\/"},"modified":"2025-12-14T23:28:12","modified_gmt":"2025-12-14T23:28:12","slug":"suora-tv-lahetys-jai-vaivaamaan-dimitri-keiski-ja-pasi-rissanen-harmittelevat-yhta-unohdusta","status":"publish","type":"post","link":"https:\/\/www.europesays.com\/fi\/116515\/","title":{"rendered":"Suora tv-l\u00e4hetys j\u00e4i vaivaamaan \u2013 Dimitri Keiski ja Pasi Rissanen harmittelevat yht\u00e4 unohdusta"},"content":{"rendered":"<p class=\"has-drop-cap\">ENO-yhtyeen <strong><a href=\"https:\/\/www.tanssiin.fi\/tag\/dimitri-keiski\/\" title=\"dimitri keiski\" rel=\"nofollow noopener\" target=\"_blank\">Dimitri Keiski<\/a> <\/strong>ja rumpali <strong><a href=\"https:\/\/www.tanssiin.fi\/tag\/pasi-rissanen\/\" title=\"pasi rissanen\" rel=\"nofollow noopener\" target=\"_blank\">Pasi Rissanen<\/a><\/strong> olivat sunnuntaiaamuna (14.12.) MTV3-kanavalla Huomenta Suomi -ohjelman vieraina.<\/p>\n<p>Huomenta Suomessa yhtyett\u00e4 kuvattiin t\u00e4m\u00e4n vuoden \u201dsensaatioksi\u201d ja \u201dilmi\u00f6ksi\u201d.<\/p>\n<p>Pasi kertoi, ett\u00e4 yhtyeen muutos PNP:st\u00e4 ENO:ksi tapahtui nopeasti ja muutti koko orkesterin luonnetta. Dimitri aloitti orkesterin laulajana ja kitaristana vajaa vuosi sitten, tammikuussa 2025, kuten <a href=\"https:\/\/www.tanssiin.fi\/tassa-on-pnpn-uusi-solisti-dimitri-on-ruotsinsuomalainen-romanitahti\/\" title=\"T\u00e4ss\u00e4 on PNP:n uusi solisti \u2013 Dimitri on ruotsinsuomalainen romanit\u00e4hti\" rel=\"nofollow noopener\" target=\"_blank\">Tanssiin.fi on kertonut<\/a>.<\/p>\n<p>\u201dAika nopeasti alkoi tapahtua totaalinen muutos. Sanat eiv\u00e4t riit\u00e4 kertomaan, millaisesta persoonasta ja ihmisest\u00e4 on kyse\u201d, Pasi kehui Dimitri\u00e4.<\/p>\n<p>\u201dIhmiset aistivat tuollaisen luonnollisuuden\u2026 miss\u00e4 ei ole mit\u00e4\u00e4n p\u00e4\u00e4lleliimattua. Se on asian ydin.\u201d<\/p>\n<p>Dimitri valittiin jo vuoden 2025 miesartistiksi Suomessa.<\/p>\n<p><strong>Lue my\u00f6s:<\/strong> <a href=\"https:\/\/www.tanssiin.fi\/dimitri-keiski-on-vuoden-miesartisti\/\" title=\"Dimitri Keiski on vuoden miesartisti\" rel=\"nofollow noopener\" target=\"_blank\">Dimitri Keiski on vuoden miesartisti<\/a><\/p>\n<p>\u201dEn voi tarpeeksi kehua Dimitri\u00e4\u201d<\/p>\n<p>Pasi Rissanen puhui tv:ss\u00e4 kauniisti Dimitrist\u00e4.<\/p>\n<p>\u201dEn voi tarpeeksi kehua Dimitri\u00e4. H\u00e4n on karismaattinen henkil\u00f6 ja pukeutuminen on t\u00e4t\u00e4, ei ole vain esiintymisvaatteita. H\u00e4n on supertalentti melkein miss\u00e4 vaan ja ottaa ihmiset huomion. On hemmetin kivaa saada jakaa meid\u00e4n tavallamme t\u00e4t\u00e4 tanssikulttuuria. Ei tunnu yht\u00e4\u00e4n ty\u00f6lt\u00e4\u201d, Pasi iloitsi.<\/p>\n<p>\u201dJaksaminen tulee siit\u00e4, kun n\u00e4kee, kuinka kappaleet koskettaa ja her\u00e4tt\u00e4\u00e4 yleis\u00f6ss\u00e4 muistoja. Musiikissa on hirve\u00e4 voima.\u201d<\/p>\n<p>Pasi ja Dimitri tapasivat vuonna 2018. Yhteisty\u00f6t\u00e4 alettiin viritell\u00e4 tosissaan vasta 2024.<\/p>\n<p>\u201dPasi soitti minulle viime vuonna ja kysyi, ett\u00e4 olisi t\u00e4llainen juttu. Kertoi, ket\u00e4 muita muusikoita on mukana\u2026 ei tarvinnut kauan mietti\u00e4\u201d, Dimitri muisteli televisiossa.<\/p>\n<p>\u201dT\u00e4m\u00e4 musiikki on niin l\u00e4hell\u00e4 minun syd\u00e4nt\u00e4ni ja kappaleet ovat sellaisia, joita on lapsuudenkodissani aina kuunneltu.\u201d<\/p>\n<p>Dimitri: \u201dEn itse tied\u00e4, mit\u00e4 teen lavalla\u201d<\/p>\n<p>Pasi ja Dimitri avautuivat Huomenta Suomessa my\u00f6s yhtyeen nimenvaihdoksesta, josta Tanssiin.fi uutisoi <a href=\"https:\/\/www.tanssiin.fi\/salattu-yllatys-keiski-pnp-vaihtaa-nimea\/\" title=\"Salattu yll\u00e4tys: Keiski &amp; PNP vaihtaa nime\u00e4\" rel=\"nofollow noopener\" target=\"_blank\">tuoreeltaan t\u00e4n\u00e4 syksyn\u00e4<\/a>.<\/p>\n<p>\u201dENO eli entisten nuorten orkesteri kuvaa paremmin meid\u00e4n orkesteria. Ja sit\u00e4 musiikkia, mit\u00e4 halutaan esitt\u00e4\u00e4, 60-70-luvun ikivihreit\u00e4.\u201d<\/p>\n<p>Dimitri on iso<a href=\"https:\/\/www.tanssiin.fi\/talta-nayttaa-dimitri-keiskin-poika-kuva-julki\/\" title=\"T\u00e4lt\u00e4 n\u00e4ytt\u00e4\u00e4 Dimitri Keiskin poika \u2013 kuva julki\" rel=\"nofollow noopener\" target=\"_blank\"> Elvis-fani<\/a>, ollut jo pikkupojasta asti. Elvism\u00e4iset lantioliikkeet ja el\u00e4ytyminen eleiden kautta ovat osa h\u00e4nen olemustaan, ja tanssikansa on sit\u00e4 lavoilla saanut ihastella.<\/p>\n<p>\u201dOlen lapsesta asti tehnyt sit\u00e4, mik\u00e4 minusta tuntuu luonnolliselta. En itse koe ja tied\u00e4, mit\u00e4 teen lavalla\u201d. Dimitri nauroi tv:ss\u00e4.<\/p>\n<p><strong>Lue my\u00f6s: <\/strong><a href=\"https:\/\/www.tanssiin.fi\/tiesitko-dimitri-keiskin-nimi-vaihtui-ristiaisissa-olin-ihan-rikki\/\" title=\"Tiesitk\u00f6? Dimitri Keiskin nimi vaihtui risti\u00e4isiss\u00e4: \u201dOlin ihan rikki\u201d\" rel=\"nofollow noopener\" target=\"_blank\">Tiesitk\u00f6? Dimitri Keiskin nimi vaihtui risti\u00e4isiss\u00e4: \u201dOlin ihan rikki\u201d<\/a><\/p>\n<p>Tammikuussa 2026 ilmestyy Keiski &amp; ENO:n odotettu albumi<\/p>\n<p>Ilouutinen ENO:n faneille: uutta musiikkia on tulossa. Tammikuussa ilmestyy kokonainen albumi ikivihreit\u00e4 kappaleita.<\/p>\n<p>\u201dSe on sit\u00e4 musaa, mit\u00e4 me teemme. 60-70-lukujen hittej\u00e4, joita me rakastamme. Ja toivottavasti my\u00f6s yleis\u00f6 tykk\u00e4\u00e4 niist\u00e4\u201d, Dimitri ja Pasi toivovat.<\/p>\n<p>\u201dEnsi vuodesta on tulossa v\u00e4hint\u00e4\u00e4n samanlainen kuin t\u00e4st\u00e4kin. Ehk\u00e4 viel\u00e4 enemm\u00e4nkin keikkoja!\u201d<\/p>\n<p>Voit katsoa koko haastattelun <a href=\"https:\/\/www.mtv.fi\/lyhyet\/4e539df379cb4b2af451\/video-keiski-and-pnp-yhtyeesta-tuli-vuodessa-ilmio-nimi-muuttui-mutta-miksi\" title=\"\" rel=\"nofollow noopener\" target=\"_blank\">t\u00e4st\u00e4 linkist\u00e4<\/a>.<\/p>\n<p>\u201dMeit\u00e4 j\u00e4nnitti tv:ss\u00e4 niin paljon\u2026\u201d<\/p>\n<p>Suoran tv-l\u00e4hetyksen j\u00e4lkeen yksi asia j\u00e4i kuitenkin harmittamaan Pasia ja Dimitri\u00e4.<\/p>\n<p>He julkaisivat somessa asiasta videon.<\/p>\n<blockquote>\n<p>\u201dUnohdettiin kiitt\u00e4\u00e4 teit\u00e4, fanit ja yleis\u00f6\u201d<\/p>\n<p>dimitri keiski ja pasi rissanen<\/p><\/blockquote>\n<p>\u201dJ\u00e4i harmittamaan yksi juttu\u2026 Meit\u00e4 j\u00e4nnitti niin paljon, ett\u00e4 unohdettiin se t\u00e4rkein juttu: kiitt\u00e4\u00e4 teit\u00e4, fanit ja yleis\u00f6. Ja erityisesti Keiski &amp; ENO -faniryhm\u00e4 Facebookissa: iso kiitos teille. Olette mieless\u00e4 aina\u201d, muusikot alleviivasivat n\u00f6yr\u00e4sti.<\/p>\n<p>\u201dOllaan amat\u00f6\u00f6rej\u00e4\u2026 tuollaisessa tv-tilanteessa\u2026\u201d<\/p>\n<p><strong>KATSO <\/strong>videolta Dimitrin ja Pasin harmittelu 14.12.2025:<\/p>\n<p>Katso Keiski &amp; ENO:n <a href=\"https:\/\/www.tanssiin.fi\/artistit\/orkesterit\/pnp\/\" title=\"\" rel=\"nofollow noopener\" target=\"_blank\">keikat t\u00e4st\u00e4<\/a>.<\/p>\n<p>Kirjoittanut:<br \/>\n<img loading=\"lazy\" data-lazyloaded=\"1\" width=\"512\" height=\"512\" decoding=\"async\" class=\"aioseo-author-image\" src=\"https:\/\/www.europesays.com\/fi\/wp-content\/uploads\/2025\/10\/cropped-tanssiin-logo.jpg\" alt=\"author avatar\"\/><\/p>\n<p>Tanssiin.fi<\/p>\n<p>\nTanssi- ja iskelm\u00e4musiikin uutiset asiantuntevasti.<\/p>\n<p><img loading=\"lazy\" decoding=\"async\" data-lazyloaded=\"1\" width=\"512\" height=\"512\" class=\"aioseo-author-bio-compact-image\" src=\"https:\/\/www.europesays.com\/fi\/wp-content\/uploads\/2025\/10\/cropped-tanssiin-logo.jpg\" alt=\"author avatar\"\/><br \/>\nTanssi- ja iskelm\u00e4musiikin uutiset asiantuntevasti.<\/p>\n<p>78%<br \/>\nIhana<\/p>\n<p>0%<br \/>\nHauska<\/p>\n<p>0%<br \/>\nVau<\/p>\n<p>22%<br \/>\nSurullinen<\/p>\n<p>0%<br \/>\nVihainen\n<\/p>\n<p>Post navigation<\/p>\n","protected":false},"excerpt":{"rendered":"ENO-yhtyeen Dimitri Keiski ja rumpali Pasi Rissanen olivat sunnuntaiaamuna (14.12.) MTV3-kanavalla Huomenta Suomi -ohjelman vieraina. Huomenta Suomessa yhtyett\u00e4&hellip;\n","protected":false},"author":2,"featured_media":116516,"comment_status":"","ping_status":"","sticky":false,"template":"","format":"standard","meta":{"footnotes":""},"categories":[136],"tags":[407,16806,137,33,31,30,2382,7828,408,21273,1077,6799,21274,32,4049,156,16,193,109],"class_list":{"0":"post-116515","1":"post","2":"type-post","3":"status-publish","4":"format-standard","5":"has-post-thumbnail","7":"category-julkkikset","8":"tag-celebrities","9":"tag-dimitri-keiski","10":"tag-entertainment","11":"tag-fi","12":"tag-finland","13":"tag-finnish","14":"tag-haastattelu","15":"tag-huomenta-suomi","16":"tag-julkkikset","17":"tag-keiski-eno","18":"tag-media","19":"tag-orkesterit","20":"tag-pasi-rissanen","21":"tag-suomi","22":"tag-tanssitahdet","23":"tag-tv","24":"tag-uutiset","25":"tag-video","26":"tag-viihde"},"share_on_mastodon":{"url":"https:\/\/pubeurope.com\/@fi\/115720520188661504","error":""},"_links":{"self":[{"href":"https:\/\/www.europesays.com\/fi\/wp-json\/wp\/v2\/posts\/116515","targetHints":{"allow":["GET"]}}],"collection":[{"href":"https:\/\/www.europesays.com\/fi\/wp-json\/wp\/v2\/posts"}],"about":[{"href":"https:\/\/www.europesays.com\/fi\/wp-json\/wp\/v2\/types\/post"}],"author":[{"embeddable":true,"href":"https:\/\/www.europesays.com\/fi\/wp-json\/wp\/v2\/users\/2"}],"replies":[{"embeddable":true,"href":"https:\/\/www.europesays.com\/fi\/wp-json\/wp\/v2\/comments?post=116515"}],"version-history":[{"count":0,"href":"https:\/\/www.europesays.com\/fi\/wp-json\/wp\/v2\/posts\/116515\/revisions"}],"wp:featuredmedia":[{"embeddable":true,"href":"https:\/\/www.europesays.com\/fi\/wp-json\/wp\/v2\/media\/116516"}],"wp:attachment":[{"href":"https:\/\/www.europesays.com\/fi\/wp-json\/wp\/v2\/media?parent=116515"}],"wp:term":[{"taxonomy":"category","embeddable":true,"href":"https:\/\/www.europesays.com\/fi\/wp-json\/wp\/v2\/categories?post=116515"},{"taxonomy":"post_tag","embeddable":true,"href":"https:\/\/www.europesays.com\/fi\/wp-json\/wp\/v2\/tags?post=116515"}],"curies":[{"name":"wp","href":"https:\/\/api.w.org\/{rel}","templated":true}]}}