{"id":116521,"date":"2025-12-14T23:39:10","date_gmt":"2025-12-14T23:39:10","guid":{"rendered":"https:\/\/www.europesays.com\/fi\/116521\/"},"modified":"2025-12-14T23:39:10","modified_gmt":"2025-12-14T23:39:10","slug":"papasin-positiivinen-syyskausi-paattyi-kahteen-tiukkaan-tappioon-oli-aika-vaikea-viikonloppu-meille","status":"publish","type":"post","link":"https:\/\/www.europesays.com\/fi\/116521\/","title":{"rendered":"Papasin positiivinen syyskausi p\u00e4\u00e4ttyi kahteen tiukkaan tappioon \u2013 \u201dOli aika vaikea viikonloppu meille\u201d"},"content":{"rendered":"<p>                                  Urheilu<\/p>\n<p>                <img loading=\"lazy\" decoding=\"async\" itemprop=\"contentUrl\" class=\"figure-img img-fluid\"  src=\"https:\/\/www.europesays.com\/fi\/wp-content\/uploads\/2025\/12\/1765755549_813_imengine.public.prod.hil.infomaker.io\" width=\"2598\" height=\"1461\"  alt=\"\"\/><\/p>\n<p>                                    Kajaanin Papasin pelaajavalmentaja Mikael M\u00e4h\u00f6nen teki viikonlopun kahdessa ottelussa tehot 3+2.<br \/>\n                                                    Kuva:<br \/>\n                    Pekka Pajala<\/p>\n<p class=\"ew-preamble\" itemprop=\"description\">Papasin miehet ovat Suomisarjassa viidenten\u00e4 joulutauolle menness\u00e4. P19 SM-sarjassa pelaava Papasin nuorten joukkue aloitti jatkosarjan sunnuntaina vierastappiolla.<\/p>\n<p>      MAINOS &#8211; juttu jatkuu mainoksen j\u00e4lkeen<\/p>\n<p>      MAINOS &#8211; mainos p\u00e4\u00e4ttyy<\/p>\n<p class=\"ew-body\">Kajaanin Papasin salibandyn miesten Suomisarjassa pelaavan joukkueen vuoden viimeiset ottelut sujuivat mollivoittoisesti.<\/p>\n<p class=\"ew-body\">Lauantaina Kuopiossa Welhoja vastaan k\u00e4rsityn 8\u20135-vierastappion j\u00e4lkeen Papas is\u00e4nn\u00f6i sunnuntaina espoolaista Oilers Akatemiaa sunnuntaina. Vieraat olivat Kajaanihallissa parempia<\/p>\n<p>  <a class=\"btn btn-secondary btn-icon-left\" href=\"#coral_thread\"><br \/>\n    <img decoding=\"async\" src=\"https:\/\/www.kainuunsanomat.fi\/wp-content\/themes\/hilla-theme\/assets\/img\/icon_comments.svg\" alt=\"\"\/><br \/>\n    Kommentoi<br \/>\n    \u00a0(0)<br \/>\n  <\/a><\/p>\n<p>  <a class=\"btn btn-secondary btn-icon-left mailto_web\" href=\"mailto:toimitus@kainuunsanomat.fi?subject=Ilmoita%20asiavirheest%C3%A4&amp;body=Otsikko%3A%20Papasin%20positiivinen%20syyskausi%20p%C3%A4%C3%A4ttyi%20kahteen%20tiukkaan%20tappioon%20%E2%80%93%20%E2%80%9DOli%20aika%20vaikea%20viikonloppu%20meille%E2%80%9D%0AUuid%3A%20865b4042-a6f7-4d9c-bd30-cea4bad7a1c0%0AUrl%3A%20https%3A%2F%2Fwww.kainuunsanomat.fi%2Fartikkeli%2Fpapasin-positiivinen-syyskausi-paattyi-kahteen-tiukkaan-tappioon-oli-aika-vaikea-viikonloppu-meil\"><br \/>\n    <img decoding=\"async\" src=\"https:\/\/www.kainuunsanomat.fi\/wp-content\/themes\/hilla-theme\/assets\/img\/icon_feedback.svg\" alt=\"\"\/><br \/>\n    Ilmoita asiavirheest\u00e4<br \/>\n  <\/a><\/p>\n","protected":false},"excerpt":{"rendered":"Urheilu Kajaanin Papasin pelaajavalmentaja Mikael M\u00e4h\u00f6nen teki viikonlopun kahdessa ottelussa tehot 3+2. Kuva: Pekka Pajala Papasin miehet ovat&hellip;\n","protected":false},"author":2,"featured_media":116522,"comment_status":"","ping_status":"","sticky":false,"template":"","format":"standard","meta":{"footnotes":""},"categories":[76],"tags":[79,77,33,31,30,32,78],"class_list":{"0":"post-116521","1":"post","2":"type-post","3":"status-publish","4":"format-standard","5":"has-post-thumbnail","7":"category-talous","8":"tag-business","9":"tag-economy","10":"tag-fi","11":"tag-finland","12":"tag-finnish","13":"tag-suomi","14":"tag-talous"},"share_on_mastodon":{"url":"https:\/\/pubeurope.com\/@fi\/115720563523972717","error":""},"_links":{"self":[{"href":"https:\/\/www.europesays.com\/fi\/wp-json\/wp\/v2\/posts\/116521","targetHints":{"allow":["GET"]}}],"collection":[{"href":"https:\/\/www.europesays.com\/fi\/wp-json\/wp\/v2\/posts"}],"about":[{"href":"https:\/\/www.europesays.com\/fi\/wp-json\/wp\/v2\/types\/post"}],"author":[{"embeddable":true,"href":"https:\/\/www.europesays.com\/fi\/wp-json\/wp\/v2\/users\/2"}],"replies":[{"embeddable":true,"href":"https:\/\/www.europesays.com\/fi\/wp-json\/wp\/v2\/comments?post=116521"}],"version-history":[{"count":0,"href":"https:\/\/www.europesays.com\/fi\/wp-json\/wp\/v2\/posts\/116521\/revisions"}],"wp:featuredmedia":[{"embeddable":true,"href":"https:\/\/www.europesays.com\/fi\/wp-json\/wp\/v2\/media\/116522"}],"wp:attachment":[{"href":"https:\/\/www.europesays.com\/fi\/wp-json\/wp\/v2\/media?parent=116521"}],"wp:term":[{"taxonomy":"category","embeddable":true,"href":"https:\/\/www.europesays.com\/fi\/wp-json\/wp\/v2\/categories?post=116521"},{"taxonomy":"post_tag","embeddable":true,"href":"https:\/\/www.europesays.com\/fi\/wp-json\/wp\/v2\/tags?post=116521"}],"curies":[{"name":"wp","href":"https:\/\/api.w.org\/{rel}","templated":true}]}}