{"id":116525,"date":"2025-12-14T23:41:10","date_gmt":"2025-12-14T23:41:10","guid":{"rendered":"https:\/\/www.europesays.com\/fi\/116525\/"},"modified":"2025-12-14T23:41:10","modified_gmt":"2025-12-14T23:41:10","slug":"selvitimme-millaisia-ovat-norsk-e-fuelin-ja-freijan-muualle-suomeen-suunnittelemat-laitokset-jollaisia-yhtiot-visioivat-imatrallekin-paikalliset","status":"publish","type":"post","link":"https:\/\/www.europesays.com\/fi\/116525\/","title":{"rendered":"Selvitimme, millaisia ovat Norsk-e-Fuelin ja Freijan muualle Suomeen suunnittelemat laitokset, jollaisia yhti\u00f6t visioivat Imatrallekin | Paikalliset"},"content":{"rendered":"<p>Synteettisten e-polttoaineiden tuotannon ymp\u00e4rist\u00f6vaikutuksia on jo arvioitu Raumalla ja Nokialla. Imatralla asemakaavamuutoksen luonnos tuli juuri n\u00e4ht\u00e4ville.<\/p>\n<p>Siit\u00e4 on melko tarkkaan vuosi, kun Imatran kaupunki tiedotti solmineensa varaussopimuksen norjalaisen Norsk-e-Fuel AS:n kanssa noin 20 hehtaarin maa-alueesta Pelkolassa.<\/p>\n<p>T\u00e4m\u00e4n vuoden maaliskuussa Imatralla kuultiin lis\u00e4\u00e4 toivoa her\u00e4tt\u00e4vi\u00e4 uutisia, kun kaupunki kertoi sopineensa niin ik\u00e4\u00e4n norjalaisen Freija AS:n kanssa noin 13 hehtaarin aluevarauksesta Pelkolassa.<\/p>\n<p>Yhti\u00f6it\u00e4 yhdist\u00e4\u00e4 pyrkimys valmistaa teollisessa mittakaavassa synteettist\u00e4 e-polttoainetta. Etuliite \u201de\u201d tarkoittaa, ett\u00e4 valmistusprosessissa k\u00e4ytet\u00e4\u00e4n uusiutuvaa s\u00e4hk\u00f6energiaa.<\/p>\n<p>Norsk-e-Fuel pyrkii valmistamaan synteettist\u00e4 lentopolttoainetta (eSAF), kun taas Freijan tavoitteena on tuottaa synteettist\u00e4 maakaasua eli e-metaania ja mahdollisesti my\u00f6s sen nesteytetty\u00e4 muotoa eLNG:t\u00e4.<\/p>\n","protected":false},"excerpt":{"rendered":"Synteettisten e-polttoaineiden tuotannon ymp\u00e4rist\u00f6vaikutuksia on jo arvioitu Raumalla ja Nokialla. Imatralla asemakaavamuutoksen luonnos tuli juuri n\u00e4ht\u00e4ville. Siit\u00e4 on&hellip;\n","protected":false},"author":2,"featured_media":116526,"comment_status":"","ping_status":"","sticky":false,"template":"","format":"standard","meta":{"footnotes":""},"categories":[12],"tags":[22,23,124,1628,26,27,33,31,30,17,736,781,24,25,28,29,15,18,21,402,3642,32,551,19,20,16],"class_list":{"0":"post-116525","1":"post","2":"type-post","3":"status-publish","4":"format-standard","5":"has-post-thumbnail","7":"category-suomi","8":"tag-breaking-news","9":"tag-breakingnews","10":"tag-energia-sektori","11":"tag-energia-ja-energiavarat","12":"tag-featured-news","13":"tag-featurednews","14":"tag-fi","15":"tag-finland","16":"tag-finnish","17":"tag-headlines","18":"tag-imatra","19":"tag-imatran-kaupunki","20":"tag-latest-news","21":"tag-latestnews","22":"tag-main-news","23":"tag-mainnews","24":"tag-news","25":"tag-otsikot","26":"tag-paauutiset","27":"tag-rakentaminen-kiinteistot","28":"tag-rauma","29":"tag-suomi","30":"tag-tampere","31":"tag-top-stories","32":"tag-topstories","33":"tag-uutiset"},"share_on_mastodon":{"url":"https:\/\/pubeurope.com\/@fi\/115720571086432430","error":""},"_links":{"self":[{"href":"https:\/\/www.europesays.com\/fi\/wp-json\/wp\/v2\/posts\/116525","targetHints":{"allow":["GET"]}}],"collection":[{"href":"https:\/\/www.europesays.com\/fi\/wp-json\/wp\/v2\/posts"}],"about":[{"href":"https:\/\/www.europesays.com\/fi\/wp-json\/wp\/v2\/types\/post"}],"author":[{"embeddable":true,"href":"https:\/\/www.europesays.com\/fi\/wp-json\/wp\/v2\/users\/2"}],"replies":[{"embeddable":true,"href":"https:\/\/www.europesays.com\/fi\/wp-json\/wp\/v2\/comments?post=116525"}],"version-history":[{"count":0,"href":"https:\/\/www.europesays.com\/fi\/wp-json\/wp\/v2\/posts\/116525\/revisions"}],"wp:featuredmedia":[{"embeddable":true,"href":"https:\/\/www.europesays.com\/fi\/wp-json\/wp\/v2\/media\/116526"}],"wp:attachment":[{"href":"https:\/\/www.europesays.com\/fi\/wp-json\/wp\/v2\/media?parent=116525"}],"wp:term":[{"taxonomy":"category","embeddable":true,"href":"https:\/\/www.europesays.com\/fi\/wp-json\/wp\/v2\/categories?post=116525"},{"taxonomy":"post_tag","embeddable":true,"href":"https:\/\/www.europesays.com\/fi\/wp-json\/wp\/v2\/tags?post=116525"}],"curies":[{"name":"wp","href":"https:\/\/api.w.org\/{rel}","templated":true}]}}