{"id":116527,"date":"2025-12-14T23:42:10","date_gmt":"2025-12-14T23:42:10","guid":{"rendered":"https:\/\/www.europesays.com\/fi\/116527\/"},"modified":"2025-12-14T23:42:10","modified_gmt":"2025-12-14T23:42:10","slug":"aura-auto-ja-henkiloauto-kolaroivat-kittilantiella-lappi","status":"publish","type":"post","link":"https:\/\/www.europesays.com\/fi\/116527\/","title":{"rendered":"Aura-auto ja henkil\u00f6auto kolaroivat Kittil\u00e4ntiell\u00e4 | Lappi"},"content":{"rendered":"<p class=\"aw-1gybjub aw-5vja16 kEtdKx kmuxyA yle__article__paragraph\">Kolme henkil\u00f6auton kyydiss\u00e4 ollutta ihmist\u00e4 on viety sairaalaan jatko\u00adtutkimuksiin.<\/p>\n<p><img decoding=\"async\" alt=\"Lapin pelastuslaitoksen vaakuna punaisen h\u00e4lytysajoneuvon ovessa.\" src=\"https:\/\/www.europesays.com\/fi\/wp-content\/uploads\/2025\/12\/39-1463368682078e3802f8.jpeg\" class=\"aw-1l9m598 hKVVvP\"\/><\/p>\n<p>Avaa kuvien katselu<\/p>\n<p>Pelastuslaitos ohjaa liikennett\u00e4 onnettomuuspaikan ohi toista kaistaa pitkin. Kuvituskuva. Kuva: Annu Passoja \/ Yle<\/p>\n<p class=\"aw-1gybjub aw-1p7kakr kEtdKx cEmitX yle__article__paragraph\">Aura-auto ja henkil\u00f6auto kolaroivat t\u00e4n\u00e4\u00e4n sunnuntaina Rovaniemell\u00e4 Kittil\u00e4ntiell\u00e4, tiedottaa Lapin pelastuslaitos. Kyseess\u00e4 oli kylkikolari.<\/p>\n<p class=\"aw-1gybjub aw-1p7kakr kEtdKx cEmitX yle__article__paragraph\">Kolme henkil\u00f6auton kyydiss\u00e4 ollutta ihmist\u00e4 on viety sairaalaan jatkotutkimuksiin.<\/p>\n<p class=\"aw-1gybjub aw-1p7kakr kEtdKx cEmitX yle__article__paragraph\">Pelastuslaitos ohjaa liikennett\u00e4 onnettomuuspaikan ohi toista kaistaa pitkin. H\u00e4lytys onnettomuudesta tuli seitsem\u00e4n j\u00e4lkeen illalla.<\/p>\n<p class=\"aw-1gybjub aw-1p7kakr kEtdKx cEmitX yle__article__paragraph\">Poliisi tutkii tapahtunutta.<\/p>\n","protected":false},"excerpt":{"rendered":"Kolme henkil\u00f6auton kyydiss\u00e4 ollutta ihmist\u00e4 on viety sairaalaan jatko\u00adtutkimuksiin. Avaa kuvien katselu Pelastuslaitos ohjaa liikennett\u00e4 onnettomuuspaikan ohi toista&hellip;\n","protected":false},"author":2,"featured_media":116528,"comment_status":"","ping_status":"","sticky":false,"template":"","format":"standard","meta":{"footnotes":""},"categories":[5],"tags":[22,23,26,27,33,31,30,17,667,24,25,990,28,29,15,837,18,21,2263,1057,32,128,19,20,16],"class_list":{"0":"post-116527","1":"post","2":"type-post","3":"status-publish","4":"format-standard","5":"has-post-thumbnail","7":"category-otsikot","8":"tag-breaking-news","9":"tag-breakingnews","10":"tag-featured-news","11":"tag-featurednews","12":"tag-fi","13":"tag-finland","14":"tag-finnish","15":"tag-headlines","16":"tag-lappi","17":"tag-latest-news","18":"tag-latestnews","19":"tag-liikenneonnettomuudet","20":"tag-main-news","21":"tag-mainnews","22":"tag-news","23":"tag-onnettomuudet","24":"tag-otsikot","25":"tag-paauutiset","26":"tag-pelastustoimi","27":"tag-rovaniemi","28":"tag-suomi","29":"tag-tieliikenne","30":"tag-top-stories","31":"tag-topstories","32":"tag-uutiset"},"share_on_mastodon":{"url":"https:\/\/pubeurope.com\/@fi\/115720575107553456","error":""},"_links":{"self":[{"href":"https:\/\/www.europesays.com\/fi\/wp-json\/wp\/v2\/posts\/116527","targetHints":{"allow":["GET"]}}],"collection":[{"href":"https:\/\/www.europesays.com\/fi\/wp-json\/wp\/v2\/posts"}],"about":[{"href":"https:\/\/www.europesays.com\/fi\/wp-json\/wp\/v2\/types\/post"}],"author":[{"embeddable":true,"href":"https:\/\/www.europesays.com\/fi\/wp-json\/wp\/v2\/users\/2"}],"replies":[{"embeddable":true,"href":"https:\/\/www.europesays.com\/fi\/wp-json\/wp\/v2\/comments?post=116527"}],"version-history":[{"count":0,"href":"https:\/\/www.europesays.com\/fi\/wp-json\/wp\/v2\/posts\/116527\/revisions"}],"wp:featuredmedia":[{"embeddable":true,"href":"https:\/\/www.europesays.com\/fi\/wp-json\/wp\/v2\/media\/116528"}],"wp:attachment":[{"href":"https:\/\/www.europesays.com\/fi\/wp-json\/wp\/v2\/media?parent=116527"}],"wp:term":[{"taxonomy":"category","embeddable":true,"href":"https:\/\/www.europesays.com\/fi\/wp-json\/wp\/v2\/categories?post=116527"},{"taxonomy":"post_tag","embeddable":true,"href":"https:\/\/www.europesays.com\/fi\/wp-json\/wp\/v2\/tags?post=116527"}],"curies":[{"name":"wp","href":"https:\/\/api.w.org\/{rel}","templated":true}]}}