{"id":116538,"date":"2025-12-15T00:07:10","date_gmt":"2025-12-15T00:07:10","guid":{"rendered":"https:\/\/www.europesays.com\/fi\/116538\/"},"modified":"2025-12-15T00:07:10","modified_gmt":"2025-12-15T00:07:10","slug":"shirly-karvinen-ottaa-kantaa-viime-paivien-keskusteluun-rasismista-mulle-on-myos-venytetty-silmia-pilkkana-kotimaa","status":"publish","type":"post","link":"https:\/\/www.europesays.com\/fi\/116538\/","title":{"rendered":"Shirly Karvinen ottaa kantaa viime p\u00e4ivien keskusteluun rasismista: \u201dMulle on my\u00f6s venytetty silmi\u00e4 pilkkana\u201d | Kotimaa"},"content":{"rendered":"<p class=\"aw-1gybjub aw-5vja16 kEtdKx kmuxyA yle__article__paragraph\">Karvinen kirjoittaa Instagramissa, ett\u00e4 kenenk\u00e4\u00e4n ulkoiset piirteet eiv\u00e4t ole toisten vitsailun aihe.<\/p>\n<p><img decoding=\"async\" alt=\"Shirly Karvinen Ravintola Manalan stand-up-lavalla.\" src=\"https:\/\/www.europesays.com\/fi\/wp-content\/uploads\/2025\/12\/39-125066565df42e5b6f68.jpeg\" class=\"aw-1l9m598 hKVVvP\"\/><\/p>\n<p>Avaa kuvien katselu<\/p>\n<p>Juontaja ja vuoden 2016 Miss Suomi Shirly Karvinen suree, ett\u00e4 silmien venytt\u00e4mist\u00e4 on normalisoitu kansanedustajia my\u00f6ten. Kuva: Bouari Mohamed Sharif El \/ Yle<\/p>\n<p class=\"aw-1gybjub aw-1p7kakr kEtdKx cEmitX yle__article__paragraph\">Vuoden 2016 Miss Suomi <strong class=\"aw-ak79eh KyCXm yle__article__strong\">Shirly Karvinen<\/strong> ottaa kantaa viime p\u00e4ivien keskusteluun rasismista.<\/p>\n<p class=\"aw-1gybjub aw-1p7kakr kEtdKx cEmitX yle__article__paragraph\">\u2013 Mulle on my\u00f6s venytetty silmi\u00e4 pilkkana, mua on haukuttu ja alennettu mun kiinalaisen taustan takia, Karvinen kirjoittaa pitk\u00e4ss\u00e4 viestiss\u00e4\u00e4n Instagramissa.<\/p>\n<p class=\"aw-1gybjub aw-1p7kakr kEtdKx cEmitX yle__article__paragraph\">Karvisen \u00e4iti on kiinalainen ja is\u00e4 suomalainen.<\/p>\n<p class=\"aw-1gybjub aw-1p7kakr kEtdKx cEmitX yle__article__paragraph\">T\u00e4n\u00e4\u00e4n sunnuntaina p\u00e4\u00e4ministeri <strong class=\"aw-ak79eh KyCXm yle__article__strong\">Petteri Orpo<\/strong> (kok.) <a class=\"aw-iao6s4 iHOxEa yle__article__link\" href=\"https:\/\/yle.fi\/a\/74-20199683\" role=\"link\" rel=\"nofollow noopener\" target=\"_blank\">tuomitsi perus\u00adsuomalaisten kansanedustajien silmien venyttelyn<\/a>.<\/p>\n<p class=\"aw-1gybjub aw-1p7kakr kEtdKx cEmitX yle__article__paragraph\">Torstaina kaksi perussuomalaisten kansanedustajaa julkaisi sosiaalisessa mediassa kuvat, joissa he venytt\u00e4v\u00e4t silmi\u00e4\u00e4n samaan tapaan kuin Miss Suomen kruunusta luopumaan joutunut <strong class=\"aw-ak79eh KyCXm yle__article__strong\">Sarah Dzafce<\/strong>.<\/p>\n<p class=\"aw-1gybjub aw-1p7kakr kEtdKx cEmitX yle__article__paragraph\">Karvinen kirjoittaa Instagramissa, ett\u00e4 kenenk\u00e4\u00e4n ulkoiset piirteet eiv\u00e4t ole toisten vitsailun aihe.<\/p>\n<p class=\"aw-1gybjub aw-1p7kakr kEtdKx cEmitX yle__article__paragraph\">\u2013 Harmillisesti koko juttu on k\u00e4\u00e4ntynyt sirkukseksi ja ihmisten v\u00e4liseksi l\u00e4ll\u00e4tykseksi, jossa aikuiset ihmiset kansanedustajia my\u00f6ten normalisoivat silmien venytt\u00e4mist\u00e4, Karvinen kirjoittaa.<\/p>\n<p class=\"aw-1gybjub aw-1p7kakr kEtdKx cEmitX yle__article__paragraph\">Miss Suomeksi valinnan j\u00e4lkeen ihmiset sanoivat h\u00e4nelle usein kasvotusten, ett\u00e4 oikean missin kuuluisi olla suomalainen, Karvinen muistelee. H\u00e4n kertoo saavansa edelleen rasistisia viestej\u00e4.<\/p>\n<p class=\"aw-1gybjub aw-1p7kakr kEtdKx cEmitX yle__article__paragraph\">Karvinen uskoo, ett\u00e4 moni aasialaisnuori saa nyt k\u00e4yt\u00e4v\u00e4st\u00e4 keskustelusta my\u00f6s voimaa.<\/p>\n<p class=\"aw-1gybjub aw-1p7kakr kEtdKx cEmitX yle__article__paragraph\">\u2013 Erilaisuus on kaunista, Karvinen p\u00e4\u00e4tt\u00e4\u00e4 viestins\u00e4.<\/p>\n","protected":false},"excerpt":{"rendered":"Karvinen kirjoittaa Instagramissa, ett\u00e4 kenenk\u00e4\u00e4n ulkoiset piirteet eiv\u00e4t ole toisten vitsailun aihe. Avaa kuvien katselu Juontaja ja vuoden&hellip;\n","protected":false},"author":2,"featured_media":116539,"comment_status":"","ping_status":"","sticky":false,"template":"","format":"standard","meta":{"footnotes":""},"categories":[12],"tags":[22,23,26,27,33,31,30,17,71,24,25,28,29,15,18,21,637,4839,21277,5457,32,19,20,16],"class_list":{"0":"post-116538","1":"post","2":"type-post","3":"status-publish","4":"format-standard","5":"has-post-thumbnail","7":"category-suomi","8":"tag-breaking-news","9":"tag-breakingnews","10":"tag-featured-news","11":"tag-featurednews","12":"tag-fi","13":"tag-finland","14":"tag-finnish","15":"tag-headlines","16":"tag-kotimaa","17":"tag-latest-news","18":"tag-latestnews","19":"tag-main-news","20":"tag-mainnews","21":"tag-news","22":"tag-otsikot","23":"tag-paauutiset","24":"tag-politiikka","25":"tag-rasismi","26":"tag-rasismi-suomessa","27":"tag-shirly-karvinen","28":"tag-suomi","29":"tag-top-stories","30":"tag-topstories","31":"tag-uutiset"},"share_on_mastodon":{"url":"https:\/\/pubeurope.com\/@fi\/115720673355274489","error":""},"_links":{"self":[{"href":"https:\/\/www.europesays.com\/fi\/wp-json\/wp\/v2\/posts\/116538","targetHints":{"allow":["GET"]}}],"collection":[{"href":"https:\/\/www.europesays.com\/fi\/wp-json\/wp\/v2\/posts"}],"about":[{"href":"https:\/\/www.europesays.com\/fi\/wp-json\/wp\/v2\/types\/post"}],"author":[{"embeddable":true,"href":"https:\/\/www.europesays.com\/fi\/wp-json\/wp\/v2\/users\/2"}],"replies":[{"embeddable":true,"href":"https:\/\/www.europesays.com\/fi\/wp-json\/wp\/v2\/comments?post=116538"}],"version-history":[{"count":0,"href":"https:\/\/www.europesays.com\/fi\/wp-json\/wp\/v2\/posts\/116538\/revisions"}],"wp:featuredmedia":[{"embeddable":true,"href":"https:\/\/www.europesays.com\/fi\/wp-json\/wp\/v2\/media\/116539"}],"wp:attachment":[{"href":"https:\/\/www.europesays.com\/fi\/wp-json\/wp\/v2\/media?parent=116538"}],"wp:term":[{"taxonomy":"category","embeddable":true,"href":"https:\/\/www.europesays.com\/fi\/wp-json\/wp\/v2\/categories?post=116538"},{"taxonomy":"post_tag","embeddable":true,"href":"https:\/\/www.europesays.com\/fi\/wp-json\/wp\/v2\/tags?post=116538"}],"curies":[{"name":"wp","href":"https:\/\/api.w.org\/{rel}","templated":true}]}}