{"id":116542,"date":"2025-12-15T00:20:14","date_gmt":"2025-12-15T00:20:14","guid":{"rendered":"https:\/\/www.europesays.com\/fi\/116542\/"},"modified":"2025-12-15T00:20:14","modified_gmt":"2025-12-15T00:20:14","slug":"tama-yllattava-kaksikko-juontaa-venla-gaalan-aanestys-alkaa-tiistaina-como-fi","status":"publish","type":"post","link":"https:\/\/www.europesays.com\/fi\/116542\/","title":{"rendered":"T\u00e4m\u00e4 yll\u00e4tt\u00e4v\u00e4 kaksikko juontaa Venla-gaalan \u2013 \u00e4\u00e4nestys alkaa tiistaina &#8211; Como.fi"},"content":{"rendered":"<ol>\n<li><a href=\"https:\/\/news.google.com\/rss\/articles\/CBMinwFBVV95cUxOM0d0MXZOaFdXR3V0dENiaXlSWlJ1eGplLWctNV91RWFDWTdqSlN5b18yMVVPckljWUVxXzh1TWVsUVJRMTgteHBkN0Rld1VzZEQ0bTRySjRKNWJPWWE5YlRESFVyT0F0Z0xyTUNIbUVDTk5yRExoeEhnN0hNYnVKelgzRzdHaGo3VFB5bG8wcFRZcGtCMXZzbnFGTWtoWVE?oc=5\" target=\"_blank\" rel=\"nofollow noopener\">T\u00e4m\u00e4 yll\u00e4tt\u00e4v\u00e4 kaksikko juontaa Venla-gaalan \u2013 \u00e4\u00e4nestys alkaa tiistaina<\/a>&nbsp;&nbsp;Como.fi<\/li>\n<li><a href=\"https:\/\/news.google.com\/rss\/articles\/CBMigwFBVV95cUxPN2ZxTDI5NU9UNmJQSHRWZEpqMlo4TFhjMkRSU1JHeWdlM0ZGX05PTm9qcTF5VjlDYTN6U19NcHh1VzRsNlA5Tl85MmM2S2ZkUGVIRDV2SEIzUHo1SS0teGJaM2JPeVRER2U5OFVTVHJtT3hDQ2ZxdVRka1N1Z0tpa18yOA?oc=5\" target=\"_blank\" rel=\"nofollow noopener\">Kultainen Venla -gaalan juontajat julki<\/a>&nbsp;&nbsp;Iltalehti<\/li>\n<li><a href=\"https:\/\/news.google.com\/rss\/articles\/CBMiwAFBVV95cUxNRktJRXBOX1hKd0x0RjE0NjFic09tV3NsNW5wTndCM3R0VjhTWkFndG5fZjkwdHJVNDRiaVgxWlpHdGFsa08xRjdobmhMRWNhMGpReXk2RmxqYU4xa2hQM19fb09yaS1nNWlld2dPVG02S1ktREZlRi15U2doNWExNDBRZ1VtMmNaOVM2bndOcGJMUVNaYkdhaTRGa1lIM0dCNFpJTDdfdG5BSEJGc01nSEpjM1VqT1VJQTNLd3c5VTk?oc=5\" target=\"_blank\" rel=\"nofollow noopener\">El\u00e4m\u00e4ni biisi -shokki: Katja St\u00e5hl j\u00e4i nuolemaan n\u00e4ppej\u00e4\u00e4n &#8211; T\u00e4m\u00e4 kunnia voi menn\u00e4 Vappu Pimi\u00e4lle!<\/a>&nbsp;&nbsp;Suomi24.fi<\/li>\n<li><a href=\"https:\/\/news.google.com\/rss\/articles\/CBMiX0FVX3lxTE15aFhwRm9zblZ1MEFMZjNHVWhSeDRfMmJjdi1PT3Jway1iUHdSVFEwZjczbzNySkNsSlJ4aWlaaFFaWnduT1NpbDI2a0VqMS02UDB5OFh4QTljbm5BSlBn?oc=5\" target=\"_blank\" rel=\"nofollow noopener\">Televisio | Televisiovuosi oli kahden draamakomedian juhlaa<\/a>&nbsp;&nbsp;HS.fi<\/li>\n<li><a href=\"https:\/\/news.google.com\/rss\/articles\/CBMiZkFVX3lxTE1TLTZ3bm5ZbElPZHZhaWZiMXVLenZoYU5KWUNoaFA2VjY4Y2xWZzVlZVVHRmVieFlfbEpMYm0xaDB5UW9FVjR1dEpvRUsxVWhlS2V5V1k3SG9JWWMwOGZ5VVdsLTBEQQ?oc=5\" target=\"_blank\" rel=\"nofollow noopener\">He ovat Kultainen Venla -gaalan juontajat<\/a>&nbsp;&nbsp;Ilta-Sanomat<\/li>\n<\/ol>\n","protected":false},"excerpt":{"rendered":"T\u00e4m\u00e4 yll\u00e4tt\u00e4v\u00e4 kaksikko juontaa Venla-gaalan \u2013 \u00e4\u00e4nestys alkaa tiistaina&nbsp;&nbsp;Como.fi Kultainen Venla -gaalan juontajat julki&nbsp;&nbsp;Iltalehti El\u00e4m\u00e4ni biisi -shokki: Katja&hellip;\n","protected":false},"author":2,"featured_media":116543,"comment_status":"","ping_status":"","sticky":false,"template":"","format":"standard","meta":{"footnotes":""},"categories":[136],"tags":[407,137,33,31,30,408,32,139,109],"class_list":{"0":"post-116542","1":"post","2":"type-post","3":"status-publish","4":"format-standard","5":"has-post-thumbnail","7":"category-julkkikset","8":"tag-celebrities","9":"tag-entertainment","10":"tag-fi","11":"tag-finland","12":"tag-finnish","13":"tag-julkkikset","14":"tag-suomi","15":"tag-tv-ohjelmat","16":"tag-viihde"},"share_on_mastodon":{"url":"https:\/\/pubeurope.com\/@fi\/115720724369223946","error":""},"_links":{"self":[{"href":"https:\/\/www.europesays.com\/fi\/wp-json\/wp\/v2\/posts\/116542","targetHints":{"allow":["GET"]}}],"collection":[{"href":"https:\/\/www.europesays.com\/fi\/wp-json\/wp\/v2\/posts"}],"about":[{"href":"https:\/\/www.europesays.com\/fi\/wp-json\/wp\/v2\/types\/post"}],"author":[{"embeddable":true,"href":"https:\/\/www.europesays.com\/fi\/wp-json\/wp\/v2\/users\/2"}],"replies":[{"embeddable":true,"href":"https:\/\/www.europesays.com\/fi\/wp-json\/wp\/v2\/comments?post=116542"}],"version-history":[{"count":0,"href":"https:\/\/www.europesays.com\/fi\/wp-json\/wp\/v2\/posts\/116542\/revisions"}],"wp:featuredmedia":[{"embeddable":true,"href":"https:\/\/www.europesays.com\/fi\/wp-json\/wp\/v2\/media\/116543"}],"wp:attachment":[{"href":"https:\/\/www.europesays.com\/fi\/wp-json\/wp\/v2\/media?parent=116542"}],"wp:term":[{"taxonomy":"category","embeddable":true,"href":"https:\/\/www.europesays.com\/fi\/wp-json\/wp\/v2\/categories?post=116542"},{"taxonomy":"post_tag","embeddable":true,"href":"https:\/\/www.europesays.com\/fi\/wp-json\/wp\/v2\/tags?post=116542"}],"curies":[{"name":"wp","href":"https:\/\/api.w.org\/{rel}","templated":true}]}}