{"id":116544,"date":"2025-12-15T00:23:09","date_gmt":"2025-12-15T00:23:09","guid":{"rendered":"https:\/\/www.europesays.com\/fi\/116544\/"},"modified":"2025-12-15T00:23:09","modified_gmt":"2025-12-15T00:23:09","slug":"kirjolla-ohjelman-suosikki-topi-borg-faneille-mahtava-uutispaukku","status":"publish","type":"post","link":"https:\/\/www.europesays.com\/fi\/116544\/","title":{"rendered":"Kirjolla-ohjelman suosikki Topi Borg &#8211; faneille mahtava uutispaukku"},"content":{"rendered":"<p>Topi Borgin esiintyminen Kirjolla-dokumenttisarjassa teki h\u00e4nest\u00e4 t\u00e4hden.<\/p>\n<p>Kansa on janonnut lis\u00e4\u00e4 Topin viisauksia, ja nyt niit\u00e4 tulee!<\/p>\n<p>Tammikuussa alkaa Topin ja h\u00e4nen Sointu-siskonsa t\u00e4hditt\u00e4m\u00e4 uusi sarja: Topi ja Sointu lomalla. Kaikki jaksot pamahtavat Yle Areenaan jo 2.1.2026. TV2:ssa n\u00e4hd\u00e4\u00e4n ensimm\u00e4inen jakso 13.1.<\/p>\n<p>Kanarialle k\u00e4y tie<\/p>\n<p>Topi ja Sointu lomalla on realityohjelma sisarusparin reissusta suomalaisille tyypillisimp\u00e4\u00e4n lomailun muotoon \u2013 aurinkomatka Gran Canarialle. <\/p>\n<p>Lue my\u00f6s: <a href=\"https:\/\/www.como.fi\/uutiset\/topi-borg-teki-suuren-ratkaisun-ei-enaa\/\" title=\"Topi Borg teki suuren ratkaisun: \u201dEi en\u00e4\u00e4\u2026\u201d\" class=\"underline-custom !font-montserrat !font-bold !underline-offset-4 !decoration-4 !decoration-red-600 !text-md\" rel=\"nofollow noopener\" target=\"_blank\">Topi Borg teki suuren ratkaisun: \u201dEi en\u00e4\u00e4\u2026\u201d<\/a><\/p>\n<p>Lue my\u00f6s: <a href=\"https:\/\/www.como.fi\/uutiset\/is-topi-borgin-varjelema-surullinen-salaisuus-paljastui-perheelle\/\" title=\"IS: Topi Borgin varjelema surullinen salaisuus paljastui perheelle\" class=\"underline-custom !font-montserrat !font-bold !underline-offset-4 !decoration-4 !decoration-red-600 !text-md\" rel=\"nofollow noopener\" target=\"_blank\">IS: Topi Borgin varjelema surullinen salaisuus paljastui perheelle<\/a><\/p>\n<p>Kaksikon havainnot ovat Borgin suvun tyyliin suoria, ja my\u00f6s sivulliset saavat kommenteista osansa. <\/p>\n<p>Kaksikon sisarusrakkaus on vahvaa, mutta kinastelultakaan ei v\u00e4ltyt\u00e4. <\/p>\n<p>Ohjelmassa pohditaan Topin suulla muun muassa, ett\u00e4 mitk\u00e4 ovat yksitt\u00e4isen d-vitamiinivajeisen ihmisen vaikutusmahdollisuudet kest\u00e4v\u00e4n matkailun eteen?<\/p>\n<p>Lue my\u00f6s: <a href=\"https:\/\/www.como.fi\/uutiset\/topi-kirjolla-borg-teki-mielenkiintoisen-yhteistyosopimuksen\/\" title=\"Topi \u201dKirjolla\u201d Borg teki mielenkiintoisen yhteisty\u00f6sopimuksen\" class=\"underline-custom !font-montserrat !font-bold !underline-offset-4 !decoration-4 !decoration-red-600 !text-md\" rel=\"nofollow noopener\" target=\"_blank\">Topi \u201dKirjolla\u201d Borg teki mielenkiintoisen yhteisty\u00f6sopimuksen<\/a><\/p>\n<p>Lue my\u00f6s: <a href=\"https:\/\/www.como.fi\/tilaa-comon-uutiskirje\/\" title=\"Tilaa Comon uutiskirje ja tied\u00e4t mist\u00e4 kahvitauolla puhutaan! Nappaa kotimaan tv-vinkit ja puheenaiheet suoraan s\u00e4hk\u00f6postiin t\u00e4st\u00e4.\" class=\"underline-custom !font-montserrat !font-bold !underline-offset-4 !decoration-4 !decoration-red-600 !text-md\" rel=\"nofollow noopener\" target=\"_blank\">Tilaa Comon uutiskirje ja tied\u00e4t mist\u00e4 kahvitauolla puhutaan! Nappaa kotimaan tv-vinkit ja puheenaiheet suoraan s\u00e4hk\u00f6postiin t\u00e4st\u00e4.<\/a><\/p>\n","protected":false},"excerpt":{"rendered":"Topi Borgin esiintyminen Kirjolla-dokumenttisarjassa teki h\u00e4nest\u00e4 t\u00e4hden. Kansa on janonnut lis\u00e4\u00e4 Topin viisauksia, ja nyt niit\u00e4 tulee! Tammikuussa&hellip;\n","protected":false},"author":2,"featured_media":116545,"comment_status":"","ping_status":"","sticky":false,"template":"","format":"standard","meta":{"footnotes":""},"categories":[133],"tags":[137,33,31,30,2680,32,206,8272,156,109],"class_list":{"0":"post-116544","1":"post","2":"type-post","3":"status-publish","4":"format-standard","5":"has-post-thumbnail","7":"category-televisiot","8":"tag-entertainment","9":"tag-fi","10":"tag-finland","11":"tag-finnish","12":"tag-sointu-borg","13":"tag-suomi","14":"tag-televisiot","15":"tag-topi-borg","16":"tag-tv","17":"tag-viihde"},"share_on_mastodon":{"url":"https:\/\/pubeurope.com\/@fi\/115720736177756303","error":""},"_links":{"self":[{"href":"https:\/\/www.europesays.com\/fi\/wp-json\/wp\/v2\/posts\/116544","targetHints":{"allow":["GET"]}}],"collection":[{"href":"https:\/\/www.europesays.com\/fi\/wp-json\/wp\/v2\/posts"}],"about":[{"href":"https:\/\/www.europesays.com\/fi\/wp-json\/wp\/v2\/types\/post"}],"author":[{"embeddable":true,"href":"https:\/\/www.europesays.com\/fi\/wp-json\/wp\/v2\/users\/2"}],"replies":[{"embeddable":true,"href":"https:\/\/www.europesays.com\/fi\/wp-json\/wp\/v2\/comments?post=116544"}],"version-history":[{"count":0,"href":"https:\/\/www.europesays.com\/fi\/wp-json\/wp\/v2\/posts\/116544\/revisions"}],"wp:featuredmedia":[{"embeddable":true,"href":"https:\/\/www.europesays.com\/fi\/wp-json\/wp\/v2\/media\/116545"}],"wp:attachment":[{"href":"https:\/\/www.europesays.com\/fi\/wp-json\/wp\/v2\/media?parent=116544"}],"wp:term":[{"taxonomy":"category","embeddable":true,"href":"https:\/\/www.europesays.com\/fi\/wp-json\/wp\/v2\/categories?post=116544"},{"taxonomy":"post_tag","embeddable":true,"href":"https:\/\/www.europesays.com\/fi\/wp-json\/wp\/v2\/tags?post=116544"}],"curies":[{"name":"wp","href":"https:\/\/api.w.org\/{rel}","templated":true}]}}