{"id":116562,"date":"2025-12-15T00:54:10","date_gmt":"2025-12-15T00:54:10","guid":{"rendered":"https:\/\/www.europesays.com\/fi\/116562\/"},"modified":"2025-12-15T00:54:10","modified_gmt":"2025-12-15T00:54:10","slug":"final-fantasy-7n-ikoninen-miekka-melkein-pienennettiin-uusioversioon-realistisuuden-nimissa","status":"publish","type":"post","link":"https:\/\/www.europesays.com\/fi\/116562\/","title":{"rendered":"Final Fantasy 7:n ikoninen miekka melkein pienennettiin uusioversioon realistisuuden nimiss\u00e4"},"content":{"rendered":"<p>Square Enixin Final Fantasy 7 -uusioversion realismi oli osua my\u00f6s p\u00e4\u00e4henkil\u00f6n miekkaan.<\/p>\n<p><a href=\"https:\/\/muropaketti.com\/avainsana\/final-fantasy-7\/\" rel=\"nofollow noopener\" target=\"_blank\">Final Fantasy 7 Remake<\/a> on s\u00e4ilytt\u00e4nyt lukuisia alkuper\u00e4iselle pelille ikimuistoisia asioita, mutta yksi ikonisimmista asioista oli v\u00e4h\u00e4ll\u00e4 olla toisin.<\/p>\n<p>Uusioversioiden ohjaaja Naoki Hamaguchi paljasti, ett\u00e4 kehitt\u00e4j\u00e4t harkitsivat aluksi muuttaa Cloudin valtavan Buster Sword -miekan realistisemmaksi ja pienemm\u00e4ksi, uutisoi <a href=\"https:\/\/www.ign.com\/articles\/final-fantasy-7-remake-director-issues-update-on-part-3-progress-and-reveals-clouds-iconic-buster-sword-was-almost-resized-to-make-it-more-realistic\" target=\"_blank\" rel=\"noreferrer noopener nofollow\">IGN<\/a>. H\u00e4n kuitenkin piti muotoilua lopulta \u201dliian ikonisena\u201d muuttaakseen sit\u00e4 laisinkaan.<\/p>\n<p>Toisekseen h\u00e4n ep\u00e4ili, etteiv\u00e4t pelaajat olisivat antaneet koskaan anteeksi, jos aseeseen olisi koskettu ja varsinkin pienennetty.<\/p>\n<p>\u201dP\u00e4\u00e4timme lopulta pysy\u00e4 uskollisena alkuper\u00e4iselle versiolle. Kokonainen uusi sukupolvi rakastui siihen miekkaan, joten uskon p\u00e4\u00e4t\u00f6ksen olleen oikea\u201d, Hamaguchi totesi.<\/p>\n<p><strong>Lue my\u00f6s<\/strong>: <a href=\"https:\/\/muropaketti.com\/pelit\/peliarvostelut\/arvostelu-final-fantasy-7-rebirthin-tarina-tokkii-mutta-on-vanhoille-faneille-silti-kelpo-peli\/\" rel=\"nofollow noopener\" target=\"_blank\">Arvostelu | Final Fantasy 7: Rebirthin tarina t\u00f6kkii, mutta jo hahmot pelastavat paljon<\/a><\/p>\n","protected":false},"excerpt":{"rendered":"Square Enixin Final Fantasy 7 -uusioversion realismi oli osua my\u00f6s p\u00e4\u00e4henkil\u00f6n miekkaan. Final Fantasy 7 Remake on s\u00e4ilytt\u00e4nyt&hellip;\n","protected":false},"author":2,"featured_media":116563,"comment_status":"","ping_status":"","sticky":false,"template":"","format":"standard","meta":{"footnotes":""},"categories":[130],"tags":[137,33,21282,21283,31,30,16788,32,109],"class_list":{"0":"post-116562","1":"post","2":"type-post","3":"status-publish","4":"format-standard","5":"has-post-thumbnail","7":"category-viihde","8":"tag-entertainment","9":"tag-fi","10":"tag-final-fantasy","11":"tag-final-fantasy-7","12":"tag-finland","13":"tag-finnish","14":"tag-square-enix","15":"tag-suomi","16":"tag-viihde"},"share_on_mastodon":{"url":"https:\/\/pubeurope.com\/@fi\/115720858010092697","error":""},"_links":{"self":[{"href":"https:\/\/www.europesays.com\/fi\/wp-json\/wp\/v2\/posts\/116562","targetHints":{"allow":["GET"]}}],"collection":[{"href":"https:\/\/www.europesays.com\/fi\/wp-json\/wp\/v2\/posts"}],"about":[{"href":"https:\/\/www.europesays.com\/fi\/wp-json\/wp\/v2\/types\/post"}],"author":[{"embeddable":true,"href":"https:\/\/www.europesays.com\/fi\/wp-json\/wp\/v2\/users\/2"}],"replies":[{"embeddable":true,"href":"https:\/\/www.europesays.com\/fi\/wp-json\/wp\/v2\/comments?post=116562"}],"version-history":[{"count":0,"href":"https:\/\/www.europesays.com\/fi\/wp-json\/wp\/v2\/posts\/116562\/revisions"}],"wp:featuredmedia":[{"embeddable":true,"href":"https:\/\/www.europesays.com\/fi\/wp-json\/wp\/v2\/media\/116563"}],"wp:attachment":[{"href":"https:\/\/www.europesays.com\/fi\/wp-json\/wp\/v2\/media?parent=116562"}],"wp:term":[{"taxonomy":"category","embeddable":true,"href":"https:\/\/www.europesays.com\/fi\/wp-json\/wp\/v2\/categories?post=116562"},{"taxonomy":"post_tag","embeddable":true,"href":"https:\/\/www.europesays.com\/fi\/wp-json\/wp\/v2\/tags?post=116562"}],"curies":[{"name":"wp","href":"https:\/\/api.w.org\/{rel}","templated":true}]}}