{"id":116566,"date":"2025-12-15T00:58:06","date_gmt":"2025-12-15T00:58:06","guid":{"rendered":"https:\/\/www.europesays.com\/fi\/116566\/"},"modified":"2025-12-15T00:58:06","modified_gmt":"2025-12-15T00:58:06","slug":"oikean-aarilaidan-ehdokas-kast-valtaan-chilessa-aanestajien-viesti-on-vahva-ja-selva-uutissuomalainen","status":"publish","type":"post","link":"https:\/\/www.europesays.com\/fi\/116566\/","title":{"rendered":"Oikean \u00e4\u00e4rilaidan ehdokas Kast valtaan Chiless\u00e4 \u2013 &#8221;\u00c4\u00e4nest\u00e4jien viesti on vahva ja selv\u00e4&#8221; | Uutissuomalainen"},"content":{"rendered":"<p>Chiless\u00e4 \u00e4\u00e4nest\u00e4j\u00e4t valitsivat sunnuntaina maan oikeistolaisimman presidentin sitten diktatuurin kukistumisen, kun oikeiston \u00e4\u00e4rilaidan ehdokas Jose Antonio Kast otti presidentinvaalien toisella kierroksella selv\u00e4n voiton.<\/p>\n<p>Kun \u00e4\u00e4nist\u00e4 oli laskettu yli 98 prosenttia, Kastilla oli l\u00e4hes 20 prosenttiyksik\u00f6n etumatka vastustajaansa, kommunisti Jeannette Jaraan. Kast sai vaaleissa liki 60 prosentin kannatuksen, kun Jaraa \u00e4\u00e4nesti hieman yli 40 prosenttia \u00e4\u00e4nioikeutetuista.<\/p>\n<p>\u00c4\u00e4nestyspaikat sulkeutuivat puolilta\u00f6in Suomen aikaa.<\/p>\n<p>Vasemmiston Jara <a href=\"https:\/\/x.com\/jeannette_jara\/status\/2000332465412661721\" rel=\"nofollow\">my\u00f6nsi<\/a> tappionsa viestipalvelu X:ss\u00e4 pian alustavien tulosten julkistamisen j\u00e4lkeen. H\u00e4n kertoi lis\u00e4ksi onnitelleensa vastaehdokastaan Kastia. <\/p>\n<p>\u2013\u2009\u00c4\u00e4nest\u00e4jien viesti on vahva ja selv\u00e4, Jara kirjoitti.<\/p>\n<p>Paikallisen <a href=\"https:\/\/www.lanacion.com.ar\/el-mundo\/resultados-en-vivo-de-las-elecciones-en-la-chile-como-va-el-balotaje-2025-nid14122025\/#liveblog_YC567J3D7NDUJEKQDEG3RAWXFU\" rel=\"nofollow noopener\" target=\"_blank\">La Nacion -lehden<\/a> mukaan Kastin on m\u00e4\u00e4r\u00e4 astua virkaan 11. maaliskuuta.<\/p>\n<p>\t\t\t\t&#8221;Voimme vapautua sosialismin ikeest\u00e4&#8221;<\/p>\n<p>Argentiinan presidentti, oikeistopopulisti Javier Milei <a href=\"https:\/\/x.com\/JMilei\/status\/2000336711511863505\" rel=\"nofollow\">hehkutti<\/a> Kastin voittoa X:ss\u00e4.<\/p>\n<p>\u2013\u2009Yksi uusi askel on otettu alueellamme el\u00e4m\u00e4n, vapauden ja yksityisomaisuuden puolustamisessa. <\/p>\n<p>\u2013\u2009Olen varma, ett\u00e4 tulemme ty\u00f6skentelem\u00e4\u00e4n yhdess\u00e4 sen eteen, ett\u00e4 Amerikka omaksuisi vapauden periaatteet ja voimme vapautua 2000-luvun sosialismin sortavasta ikeest\u00e4&#8230;!!!<\/p>\n<p>Yhdysvaltain ulkoministeri Marco Rubio niin ik\u00e4\u00e4n <a href=\"https:\/\/x.com\/SecRubio\/status\/2000347698726330735\" rel=\"nofollow\">onnitteli<\/a> Kastia X:ss\u00e4.<\/p>\n<p>\u2013\u2009Yhdysvallat odottaa innolla yhteisty\u00f6t\u00e4 h\u00e4nen hallintonsa kanssa alueellisen turvallisuuden vahvistamiseksi ja kauppasuhteidemme elvytt\u00e4miseksi, Rubio kirjoitti.<\/p>\n<p>Vasemmistokoalitiota johtava Jara sai ensimm\u00e4isell\u00e4 kierroksella hieman enemm\u00e4n \u00e4\u00e4ni\u00e4 kuin Kast, mutta Kast oli silti selv\u00e4 ennakkosuosikki toisella kierroksella.<\/p>\n<p>Kast ylsi toiselle kierrokselle my\u00f6s nelj\u00e4 vuotta sitten. Tuolloin h\u00e4n h\u00e4visi vasemmiston Gabriel Boricille. Chiless\u00e4 istuva presidentti ei perustuslain mukaan voi pyrki\u00e4 toiselle per\u00e4tt\u00e4iselle kaudelle.<\/p>\n<p>\t\t\t\tRikollisuus k\u00e4rkiteemana<\/p>\n<p>Vaalikampanjaa hallitsivat huolet turvallisuudesta ja maahanmuutosta. Chile on perinteisesti ollut Latinalaisen Amerikan vauraimpia ja turvallisimpia maita, mutta kymmenen viime vuoden aikana rikollisuus on lis\u00e4\u00e4ntynyt tuntuvasti.<\/p>\n<p>Oikeisto on vaatinut toimia maahanmuuton kitkemiseksi ja laittomasti maassa olevien siirtolaisten karkottamiseksi. Kast teki turvallisuudesta kampanjansa k\u00e4rkiteeman ja lupasi karkottaa paperittomia maahanmuuttajia, rakentaa muurin Bolivian rajalle, antaa poliisille lis\u00e4\u00e4 voimank\u00e4ytt\u00f6valtuuksia ja l\u00e4hett\u00e4\u00e4 armeijan rikollisuuden riivaamille alueille.<\/p>\n<p>Kast tunnetaan \u00e4\u00e4rikonservatiivina, joka muun muassa vastustaa aborttia raiskaustapauksissa, j\u00e4lkiehk\u00e4isypillerin k\u00e4ytt\u00f6\u00e4, avioeroa, samaa sukupuolta olevien avioliittoa ja eutanasiaa. <\/p>\n<p>Kast on puolustanut Chilen edesmennytt\u00e4 diktaattoria Augusto Pinochetia. Pinochetin ollessa vallassa vuosina 1973\u20131990 noin 3\u2009\u2009000 ihmist\u00e4 kuoli tai katosi poliittisista syist\u00e4.<\/p>\n","protected":false},"excerpt":{"rendered":"Chiless\u00e4 \u00e4\u00e4nest\u00e4j\u00e4t valitsivat sunnuntaina maan oikeistolaisimman presidentin sitten diktatuurin kukistumisen, kun oikeiston \u00e4\u00e4rilaidan ehdokas Jose Antonio Kast otti&hellip;\n","protected":false},"author":2,"featured_media":116567,"comment_status":"","ping_status":"","sticky":false,"template":"","format":"standard","meta":{"footnotes":""},"categories":[14],"tags":[4356,22,23,26,27,33,31,30,17,24,25,28,29,15,2452,18,21,2746,637,886,32,19,20,56,16,2196,59,60,61,2747],"class_list":{"0":"post-116566","1":"post","2":"type-post","3":"status-publish","4":"format-standard","5":"has-post-thumbnail","7":"category-ulkomaat","8":"tag-aanestykset","9":"tag-breaking-news","10":"tag-breakingnews","11":"tag-featured-news","12":"tag-featurednews","13":"tag-fi","14":"tag-finland","15":"tag-finnish","16":"tag-headlines","17":"tag-latest-news","18":"tag-latestnews","19":"tag-main-news","20":"tag-mainnews","21":"tag-news","22":"tag-osallistuminen-yhteiskunta","23":"tag-otsikot","24":"tag-paauutiset","25":"tag-poliittinen-osallistuminen","26":"tag-politiikka","27":"tag-puolueet","28":"tag-suomi","29":"tag-top-stories","30":"tag-topstories","31":"tag-ulkomaat","32":"tag-uutiset","33":"tag-vaalit","34":"tag-world","35":"tag-world-news","36":"tag-worldnews","37":"tag-yhteiskunnalliset-tapahtumat"},"share_on_mastodon":{"url":"https:\/\/pubeurope.com\/@fi\/115720873887184643","error":""},"_links":{"self":[{"href":"https:\/\/www.europesays.com\/fi\/wp-json\/wp\/v2\/posts\/116566","targetHints":{"allow":["GET"]}}],"collection":[{"href":"https:\/\/www.europesays.com\/fi\/wp-json\/wp\/v2\/posts"}],"about":[{"href":"https:\/\/www.europesays.com\/fi\/wp-json\/wp\/v2\/types\/post"}],"author":[{"embeddable":true,"href":"https:\/\/www.europesays.com\/fi\/wp-json\/wp\/v2\/users\/2"}],"replies":[{"embeddable":true,"href":"https:\/\/www.europesays.com\/fi\/wp-json\/wp\/v2\/comments?post=116566"}],"version-history":[{"count":0,"href":"https:\/\/www.europesays.com\/fi\/wp-json\/wp\/v2\/posts\/116566\/revisions"}],"wp:featuredmedia":[{"embeddable":true,"href":"https:\/\/www.europesays.com\/fi\/wp-json\/wp\/v2\/media\/116567"}],"wp:attachment":[{"href":"https:\/\/www.europesays.com\/fi\/wp-json\/wp\/v2\/media?parent=116566"}],"wp:term":[{"taxonomy":"category","embeddable":true,"href":"https:\/\/www.europesays.com\/fi\/wp-json\/wp\/v2\/categories?post=116566"},{"taxonomy":"post_tag","embeddable":true,"href":"https:\/\/www.europesays.com\/fi\/wp-json\/wp\/v2\/tags?post=116566"}],"curies":[{"name":"wp","href":"https:\/\/api.w.org\/{rel}","templated":true}]}}