{"id":116572,"date":"2025-12-15T01:12:16","date_gmt":"2025-12-15T01:12:16","guid":{"rendered":"https:\/\/www.europesays.com\/fi\/116572\/"},"modified":"2025-12-15T01:12:16","modified_gmt":"2025-12-15T01:12:16","slug":"komiat-yhtyelle-ropisi-emma-ehdokkuuksia-tama-on-heidan-suosionsa-salaisuus","status":"publish","type":"post","link":"https:\/\/www.europesays.com\/fi\/116572\/","title":{"rendered":"Komiat-yhtyelle ropisi Emma-ehdokkuuksia \u2013 t\u00e4m\u00e4 on heid\u00e4n suosionsa salaisuus"},"content":{"rendered":"<p>            Timo Korhonen\n        <\/p>\n<p class=\"subtitle \">Huippusuosioon singahtanut Komiat kertoo menestysvuodestaan Seiskalle.<\/p>\n<p class=\"article-content article-content-width !bg-background\">Ilmi\u00f6ksi muodostunut Komiat-yhtye sai ehdokkuuksia kaikkiaan nelj\u00e4ss\u00e4 eri kategoriassa Emma-palkinnon saajiksi.<\/p>\n<p class=\"font-weight-bold m-font-weight-bold article-content article-content-width !bg-background\">Video: Komiat todistivat kosintaa keikalla.<\/p>\n<p class=\"article-content article-content-width !bg-background\">Suosio ja moinen tunnustus yll\u00e4tti b\u00e4ndin.<\/p>\n<p class=\"article-content article-content-width !bg-background\">\u2013 Tuntuu ihan k\u00e4sitt\u00e4m\u00e4tt\u00f6m\u00e4lt\u00e4. Emme olisi ikin\u00e4 uskoneet t\u00e4t\u00e4, eiv\u00e4tk\u00e4 n\u00e4m\u00e4 ehdokkuudet ole mitenk\u00e4\u00e4n itsest\u00e4\u00e4nselvyys. Siisti\u00e4! yhtyeen solisti  kertoo Seiskalle.<\/p>\n<p class=\"article-content article-content-width !bg-background\">\u2013H\u00e4mmentyineit\u00e4 ollaan kyll\u00e4, harmonikkaa soittava  sanoo.<\/p>\n<p>Some nosti kuuluisuuteen<\/p>\n<p class=\"article-content article-content-width !bg-background\">Komiat on keikkaillut vuodesta 2017 saakka, mutta vasta viimeisten kahden vuoden sis\u00e4ll\u00e4 he tekiv\u00e4t lopullisen l\u00e4pimurtonsa. T\u00e4n\u00e4 vuonna julkaistu Kaihosielu ja viime vuonna ilmestynyt Min\u00e4h\u00e4n vien -biisit menestyiv\u00e4t valtavan hyvin, ja p\u00e4\u00e4syyn\u00e4 t\u00e4h\u00e4n on Tiktok.<\/p>\n<p class=\"article-content article-content-width !bg-background\">Lavatanssit ovat tulleet lyhyess\u00e4 ajassa huipputrendiksi nuortenkin keskuudessa somen ansiosta.<\/p>\n<p class=\"article-content article-content-width !bg-background\">\u2013 Ihmiset l\u00f6yt\u00e4v\u00e4t somesta paljon uutta musiikkia, ja se on ollut t\u00e4rke\u00e4 ponnahduslauta ja lis\u00e4nnyt tietoisuutta meid\u00e4n tekemisest\u00e4mme, Aleksi sanoo ja jatkaa:<\/p>\n<p class=\"article-content article-content-width !bg-background\">\u2013 Perinteisenkin median huomio on ollut tosi t\u00e4rke\u00e4\u00e4.<\/p>\n<p>        <a itemprop=\"url\" href=\"https:\/\/www.seiska.fi\/kotimaa\/nyt-tarahti-bessilta-vuoden-viettelevin-esitys\/2012236\" rel=\"nofollow noopener\" target=\"_blank\"><\/p>\n<p>\nBess loksautti leuat\n<\/p>\n<p class=\"section-date\">\n        <strong class=\"article-section\" data-section=\"kotimaa\"><br \/>\n            kotimaa<br \/>\n        <\/strong><br \/>\n        5.12. 17:00\n    <\/p>\n<p>Nyt t\u00e4r\u00e4hti! Bessilt\u00e4 vuoden viettelevin esitys?\n    <\/p>\n<p itemprop=\"description\" class=\"subtitle \">\n    Suosikkiartisti riemastui Seiskan reportterin havainnosta.\n<\/p>\n<p>        <\/a><\/p>\n<p>Kihlat keikalla!<\/p>\n<p class=\"article-content article-content-width !bg-background\">Aleksi sanoo, ett\u00e4 heid\u00e4n keikoillaan on tapahtunut monenlaisia kommelluksia ja jopa yksi kihlauskin.<\/p>\n<p class=\"article-content article-content-width !bg-background\">\u2013 Meill\u00e4 on ollut t\u00e4n\u00e4 vuonna melkein sata esiintymist\u00e4, joiden aikana on tapahtunut melkeinp\u00e4 pelk\u00e4st\u00e4\u00e4n positiivisia sattumuksia.\u00a0Se kihlaus oli hieno ja rohkea temppu, Aleksi kertoo.<\/p>\n<p class=\"article-content article-content-width !bg-background\">\u2013 Meille tuli tieto t\u00e4st\u00e4 kosinnasta juuri ennen viimeisen kappaleen loppua. Meid\u00e4n piti nopeasti b\u00e4ndin kesken olla tilanteen tasalla. Pitkitimme viimeisi\u00e4 tahteja, ja siell\u00e4 sitten polvistuttiin yleis\u00f6ss\u00e4, Antero paljastaa.<\/p>\n<p>                <img decoding=\"async\" src=\"https:\/\/www.europesays.com\/fi\/wp-content\/uploads\/2025\/12\/2019538.webp\" width=\"576\" height=\"322\" alt=\"Komiat pysyy laulajan Aleksin (keskell\u00e4 kuvassa) mukaan yhdess\u00e4 siksi, ett\u00e4 yhdess\u00e4 ty\u00f6skentely tuottaa heille iloa. \u2013 Meill\u00e4 on hauskaa ja tykk\u00e4\u00e4mme soittaa, h\u00e4n tokaisee.\" loading=\"lazy\" \/>            <\/p>\n<p>\n            Komiat pysyy laulajan Aleksin (keskell\u00e4 kuvassa) mukaan yhdess\u00e4 siksi, ett\u00e4 yhdess\u00e4 ty\u00f6skentely tuottaa heille iloa. \u2013 Meill\u00e4 on hauskaa ja tykk\u00e4\u00e4mme soittaa, h\u00e4n tokaisee.<br \/>\n            Timo Korhonen\n        <\/p>\n<p>Yleis\u00f6m\u00e4\u00e4r\u00e4t h\u00e4mm\u00e4stytt\u00e4v\u00e4t<\/p>\n<p class=\"article-content article-content-width !bg-background\">Konserttisalikiertueella Oulussa yleis\u00f6 nosti valkoiset syd\u00e4met ilmaan viimeisen kappaleen aikana.<\/p>\n<p class=\"article-content article-content-width !bg-background\">\u2013 Olimme ihan, ett\u00e4 mit\u00e4 t\u00e4\u00e4ll\u00e4 tapahtuu, Aleksi hehkuttaa.<\/p>\n<p class=\"article-content article-content-width !bg-background\">Yleis\u00f6n ja fanien m\u00e4\u00e4r\u00e4 h\u00e4mm\u00e4stytt\u00e4\u00e4 Eeroa.<\/p>\n<p class=\"article-content article-content-width !bg-background\">\u2013 Porukkaa on ollut tosi paljon ja se tuntuu kylm\u00e4\u00e4v\u00e4lt\u00e4, ett\u00e4 meille on sanottu esimerkiksi, ettei kahteenkymmeneen vuoteen ole ollut tanssilavalla yht\u00e4 paljon v\u00e4ke\u00e4.<\/p>\n<p>        <a itemprop=\"url\" href=\"https:\/\/www.seiska.fi\/kotimaa\/jare-tiihonen-rikkoi-hiljaisuuden-jattimainen-uutinen\/2010401\" rel=\"nofollow noopener\" target=\"_blank\"><\/p>\n<p>\nRikkoi hiljaisuuden\n<\/p>\n<p class=\"section-date\">\n        <strong class=\"article-section\" data-section=\"kotimaa\"><br \/>\n            kotimaa<br \/>\n        <\/strong><br \/>\n        3.12. 12:54\n    <\/p>\n<p>Jare Tiihonen rikkoi hiljaisuuden: J\u00e4ttim\u00e4inen uutinen\n    <\/p>\n<p itemprop=\"description\" class=\"subtitle \">\n    Jare kertoi uudesta musiikista poikkeuksellisen paljastuksen muodossa.\n<\/p>\n<p>        <\/a><\/p>\n<p>Stadionkeikka j\u00e4nnitti<\/p>\n<p class=\"article-content article-content-width !bg-background\">Yhtyeen vuosien ty\u00f6 on palkittiin elokuussa, kun he l\u00e4mmitteliv\u00e4t laulajalegenda  elokuussa Helsingin Olympistadionilla.<\/p>\n<p class=\"article-content article-content-width !bg-background\">\u2013 Se oli tosi upea ilta ja todella mieleenpainuva. Ja tietysti j\u00e4nnit\u00e4v\u00e4, rumpuja soittava  muistelee.<\/p>\n<p class=\"article-content article-content-width !bg-background\">Komiat kuitenkin tiesi, ett\u00e4 niin sanotusti normity\u00f6t jatkuvat tavalliseen tapaan j\u00e4ttikeikankin j\u00e4lkeen.<\/p>\n<p class=\"article-content article-content-width !bg-background\">\u2013 Olympiastadionin j\u00e4lkeen keikat jatkuivat ja meill\u00e4 oli oma konserttisalikiertue syksyll\u00e4. Ei meill\u00e4 ihan heti ole mieless\u00e4, ett\u00e4 koskas p\u00e4\u00e4semme taas stadionille esiintym\u00e4\u00e4n, Aleksi toteaa n\u00f6yr\u00e4sti.<\/p>\n","protected":false},"excerpt":{"rendered":"Timo Korhonen Huippusuosioon singahtanut Komiat kertoo menestysvuodestaan Seiskalle. Ilmi\u00f6ksi muodostunut Komiat-yhtye sai ehdokkuuksia kaikkiaan nelj\u00e4ss\u00e4 eri kategoriassa Emma-palkinnon&hellip;\n","protected":false},"author":2,"featured_media":116573,"comment_status":"","ping_status":"","sticky":false,"template":"","format":"standard","meta":{"footnotes":""},"categories":[136],"tags":[21286,407,11905,137,33,31,30,408,1005,16809,47,32,2696,109,5781],"class_list":{"0":"post-116572","1":"post","2":"type-post","3":"status-publish","4":"format-standard","5":"has-post-thumbnail","7":"category-julkkikset","8":"tag-aleksi-yli-sissala","9":"tag-celebrities","10":"tag-emma-palkinto","11":"tag-entertainment","12":"tag-fi","13":"tag-finland","14":"tag-finnish","15":"tag-julkkikset","16":"tag-katri-helena","17":"tag-komiat","18":"tag-musiikki","19":"tag-suomi","20":"tag-tiktok","21":"tag-viihde","22":"tag-yhtye"},"share_on_mastodon":{"url":"https:\/\/pubeurope.com\/@fi\/115720929015003840","error":""},"_links":{"self":[{"href":"https:\/\/www.europesays.com\/fi\/wp-json\/wp\/v2\/posts\/116572","targetHints":{"allow":["GET"]}}],"collection":[{"href":"https:\/\/www.europesays.com\/fi\/wp-json\/wp\/v2\/posts"}],"about":[{"href":"https:\/\/www.europesays.com\/fi\/wp-json\/wp\/v2\/types\/post"}],"author":[{"embeddable":true,"href":"https:\/\/www.europesays.com\/fi\/wp-json\/wp\/v2\/users\/2"}],"replies":[{"embeddable":true,"href":"https:\/\/www.europesays.com\/fi\/wp-json\/wp\/v2\/comments?post=116572"}],"version-history":[{"count":0,"href":"https:\/\/www.europesays.com\/fi\/wp-json\/wp\/v2\/posts\/116572\/revisions"}],"wp:featuredmedia":[{"embeddable":true,"href":"https:\/\/www.europesays.com\/fi\/wp-json\/wp\/v2\/media\/116573"}],"wp:attachment":[{"href":"https:\/\/www.europesays.com\/fi\/wp-json\/wp\/v2\/media?parent=116572"}],"wp:term":[{"taxonomy":"category","embeddable":true,"href":"https:\/\/www.europesays.com\/fi\/wp-json\/wp\/v2\/categories?post=116572"},{"taxonomy":"post_tag","embeddable":true,"href":"https:\/\/www.europesays.com\/fi\/wp-json\/wp\/v2\/tags?post=116572"}],"curies":[{"name":"wp","href":"https:\/\/api.w.org\/{rel}","templated":true}]}}