{"id":116584,"date":"2025-12-15T01:38:07","date_gmt":"2025-12-15T01:38:07","guid":{"rendered":"https:\/\/www.europesays.com\/fi\/116584\/"},"modified":"2025-12-15T01:38:07","modified_gmt":"2025-12-15T01:38:07","slug":"jasmin-mantyla-muistaa-vappu-pimian-ilkkuneen-hanelle-nykypaivan-kansankynttila","status":"publish","type":"post","link":"https:\/\/www.europesays.com\/fi\/116584\/","title":{"rendered":"Jasmin M\u00e4ntyl\u00e4 muistaa Vappu Pimi\u00e4n ilkkuneen h\u00e4nelle: &#8221;Nykyp\u00e4iv\u00e4n kansankynttil\u00e4&#8221;"},"content":{"rendered":"<p>Jasmin V\u00e4h\u00e4kangas muistetaan takavuosien mallikaunotar Jasmin M\u00e4ntyl\u00e4n\u00e4. On aivan selv\u00e4\u00e4, ett\u00e4 Jasminillakin on mielipide t\u00e4m\u00e4n p\u00e4iv\u00e4n missiskandaaliin.<\/p>\n<p>-Lyhyesti otan kantaa tuohon viime p\u00e4ivin\u00e4 velloneeseen Miss Suomi -kohuun. Rasismi ja kaikki muukin kiusaaminen on aina v\u00e4\u00e4rin, mutta mielest\u00e4ni tuossa ei ollut kyse siit\u00e4. Juttuhan l\u00e4hti kaverien v\u00e4lisest\u00e4 l\u00e4p\u00e4st\u00e4, joka paisui kuin pullataikina, Jasmin kirjoittaa somessa ja jatkaa:<\/p>\n<p>Lue my\u00f6s: <a href=\"https:\/\/www.como.fi\/uutiset\/jasmin-mantyla-oikaisee-eraan-hyvin-olennaisen-asian-julkkiksista-ja-lehtiin-soittelemisesta\/\" title=\"Jasmin M\u00e4ntyl\u00e4 oikaisee er\u00e4\u00e4n hyvin olennaisen asian julkkiksista ja \u201dlehtiin soittelemisesta\u201d\" class=\"underline-custom !font-montserrat !font-bold !underline-offset-4 !decoration-4 !decoration-red-600 !text-md\" rel=\"nofollow noopener\" target=\"_blank\">Jasmin M\u00e4ntyl\u00e4 oikaisee er\u00e4\u00e4n hyvin olennaisen asian julkkiksista ja \u201dlehtiin soittelemisesta\u201d<\/a><\/p>\n<p>\u2013 Suurimpana ongelmana n\u00e4en sen, miten alkuper\u00e4inen t\u00e4n vuoden Miss Suomi Sarah heitettiin susille ja j\u00e4tettiin yksin kantamaan h\u00e4nelle v\u00e4kisin asetettua rasistin viittaa. Oksettava tapaus kaikin puolin.<\/p>\n<p>Vappu pilkkasi, Jasmin muistelee<\/p>\n<p>Jasmin miettii my\u00f6s omia malliaikojaan. H\u00e4n kertoo esimerkin.<\/p>\n<p>-Ennen oli olemassa Maikkarin y\u00f6chatti ja joskus sit\u00e4 tuli katsottua. Yhten\u00e4 kertana yll\u00e4tyin sek\u00e4 huvituin, sill\u00e4 siell\u00e4 er\u00e4s juontajalupaus nimelt\u00e4 Vappu Pimi\u00e4 pilkkasi mua ihan olan takaa, matki uikkarikuvausposeerauksiani samalla h\u00e4nen tuttua nauruaan nauraen. Televisiossa! Ja min\u00e4 olin silloin teini-ik\u00e4inen! Ei se matkiminen\/pilkkaaminen mua haitannut, mutta se oli kiusallista katsottavaa, eik\u00e4 suinkaan minun itseni takia.<\/p>\n<p>Lue my\u00f6s: <a href=\"https:\/\/www.como.fi\/uutiset\/jasmin-mantyla-hoksasi-erikoisen-asian-suhteessaan-jarmoon-muiden-miesteni-kanssa-en-ole-tehnyt-nain\/\" title=\"Jasmin M\u00e4ntyl\u00e4 hoksasi erikoisen asian suhteessaan Jarmoon: Muiden miesteni kanssa en ole tehnyt n\u00e4in!\" class=\"underline-custom !font-montserrat !font-bold !underline-offset-4 !decoration-4 !decoration-red-600 !text-md\" rel=\"nofollow noopener\" target=\"_blank\">Jasmin M\u00e4ntyl\u00e4 hoksasi erikoisen asian suhteessaan Jarmoon: Muiden miesteni kanssa en ole tehnyt n\u00e4in!<\/a><\/p>\n<p> Jasmin kertoo esimerkin siksi, ett\u00e4 \u201dSarahin p\u00e4\u00e4t\u00e4 lankulle vaatineet toitottivat sit\u00e4, ett\u00e4 vaikka Sarah onkin nuori, h\u00e4n on silti aikuinen.\u201d<\/p>\n<p>-Samaa ik\u00e4luokkaa tuo chattijuontaja oli em. jutun aikoihin ja h\u00e4nest\u00e4 on tullut nykyp\u00e4iv\u00e4n kansankynttil\u00e4. Summa summarum: Sarahin case sai ihan liian isot mittasuhteet, h\u00e4net tuomittiin t\u00e4ysin ansaitsemattomasti, kaikilla on ihan taatusti v\u00e4lill\u00e4 tyhmi\u00e4 vitsej\u00e4 tai heittoja l\u00e4heistens\u00e4 kanssa (pit\u00e4isi olla ainakin, muuten el\u00e4m\u00e4 olisi tosi tyls\u00e4\u00e4) ja toivottavasti h\u00e4n irtaantuu t\u00e4ysin tuosta koko Miss Suomi -organisaatiosta, suoristaa henkisen kruununsa ja n\u00e4ytt\u00e4\u00e4 \u201dn\u00e4rhen munat\u201d ihan kaikille omalla upeudellaan.<\/p>\n<p>Lue my\u00f6s: <a href=\"https:\/\/www.como.fi\/tilaa-comon-uutiskirje\/\" title=\"Tilaa Comon uutiskirje ja tied\u00e4t mist\u00e4 kahvitauolla puhutaan! Nappaa kotimaan tv-vinkit ja puheenaiheet suoraan s\u00e4hk\u00f6postiin t\u00e4st\u00e4.\" class=\"underline-custom !font-montserrat !font-bold !underline-offset-4 !decoration-4 !decoration-red-600 !text-md\" rel=\"nofollow noopener\" target=\"_blank\">Tilaa Comon uutiskirje ja tied\u00e4t mist\u00e4 kahvitauolla puhutaan! Nappaa kotimaan tv-vinkit ja puheenaiheet suoraan s\u00e4hk\u00f6postiin t\u00e4st\u00e4.<\/a><\/p>\n","protected":false},"excerpt":{"rendered":"Jasmin V\u00e4h\u00e4kangas muistetaan takavuosien mallikaunotar Jasmin M\u00e4ntyl\u00e4n\u00e4. On aivan selv\u00e4\u00e4, ett\u00e4 Jasminillakin on mielipide t\u00e4m\u00e4n p\u00e4iv\u00e4n missiskandaaliin. -Lyhyesti&hellip;\n","protected":false},"author":2,"featured_media":116585,"comment_status":"","ping_status":"","sticky":false,"template":"","format":"standard","meta":{"footnotes":""},"categories":[136],"tags":[407,137,33,31,30,15826,408,32,109],"class_list":{"0":"post-116584","1":"post","2":"type-post","3":"status-publish","4":"format-standard","5":"has-post-thumbnail","7":"category-julkkikset","8":"tag-celebrities","9":"tag-entertainment","10":"tag-fi","11":"tag-finland","12":"tag-finnish","13":"tag-jasmin-vu00e4hu00e4kangas","14":"tag-julkkikset","15":"tag-suomi","16":"tag-viihde"},"share_on_mastodon":{"url":"https:\/\/pubeurope.com\/@fi\/115721031034851279","error":""},"_links":{"self":[{"href":"https:\/\/www.europesays.com\/fi\/wp-json\/wp\/v2\/posts\/116584","targetHints":{"allow":["GET"]}}],"collection":[{"href":"https:\/\/www.europesays.com\/fi\/wp-json\/wp\/v2\/posts"}],"about":[{"href":"https:\/\/www.europesays.com\/fi\/wp-json\/wp\/v2\/types\/post"}],"author":[{"embeddable":true,"href":"https:\/\/www.europesays.com\/fi\/wp-json\/wp\/v2\/users\/2"}],"replies":[{"embeddable":true,"href":"https:\/\/www.europesays.com\/fi\/wp-json\/wp\/v2\/comments?post=116584"}],"version-history":[{"count":0,"href":"https:\/\/www.europesays.com\/fi\/wp-json\/wp\/v2\/posts\/116584\/revisions"}],"wp:featuredmedia":[{"embeddable":true,"href":"https:\/\/www.europesays.com\/fi\/wp-json\/wp\/v2\/media\/116585"}],"wp:attachment":[{"href":"https:\/\/www.europesays.com\/fi\/wp-json\/wp\/v2\/media?parent=116584"}],"wp:term":[{"taxonomy":"category","embeddable":true,"href":"https:\/\/www.europesays.com\/fi\/wp-json\/wp\/v2\/categories?post=116584"},{"taxonomy":"post_tag","embeddable":true,"href":"https:\/\/www.europesays.com\/fi\/wp-json\/wp\/v2\/tags?post=116584"}],"curies":[{"name":"wp","href":"https:\/\/api.w.org\/{rel}","templated":true}]}}