{"id":116599,"date":"2025-12-15T02:11:08","date_gmt":"2025-12-15T02:11:08","guid":{"rendered":"https:\/\/www.europesays.com\/fi\/116599\/"},"modified":"2025-12-15T02:11:08","modified_gmt":"2025-12-15T02:11:08","slug":"antti-aalto-venyi-pikkupisteille-klingenthalissa-urheilu","status":"publish","type":"post","link":"https:\/\/www.europesays.com\/fi\/116599\/","title":{"rendered":"Antti Aalto venyi pikkupisteille Klingenthalissa | Urheilu"},"content":{"rendered":"<p>Antti Aalto ylsi ainoana suomalaishypp\u00e4\u00e4j\u00e4n\u00e4 pisteille m\u00e4kihypyn miesten maailmancupin kilpailussa Saksan Klingenthalissa. Aalto hypp\u00e4si ensimm\u00e4isell\u00e4 kierroksella 126 metri\u00e4 ja toisella kierroksella 128 metri\u00e4. H\u00e4n nousi toisella kierroksella seitsem\u00e4n sijaa 22:nneksi.<\/p>\n<p>Aalto on selvinnyt toiselle kierrokselle ja maailmancupin pisteille t\u00e4ll\u00e4 kaudella seitsem\u00e4ss\u00e4 kilpailussa yhdeks\u00e4st\u00e4. Suomen muut hypp\u00e4\u00e4j\u00e4t Vilho Palosaari ja Niko Kyt\u00f6saho j\u00e4iv\u00e4t sunnuntaina ensimm\u00e4iselle kierrokselle.<\/p>\n<p>Slovenian Domen Prevc voitti, Japanin Ren Nikaido oli toinen ja Japanin Ryoyu Kobayashi kolmas.<\/p>\n","protected":false},"excerpt":{"rendered":"Antti Aalto ylsi ainoana suomalaishypp\u00e4\u00e4j\u00e4n\u00e4 pisteille m\u00e4kihypyn miesten maailmancupin kilpailussa Saksan Klingenthalissa. Aalto hypp\u00e4si ensimm\u00e4isell\u00e4 kierroksella 126 metri\u00e4&hellip;\n","protected":false},"author":2,"featured_media":116600,"comment_status":"","ping_status":"","sticky":false,"template":"","format":"standard","meta":{"footnotes":""},"categories":[158],"tags":[33,31,30,41,19717,159,32,160,161],"class_list":{"0":"post-116599","1":"post","2":"type-post","3":"status-publish","4":"format-standard","5":"has-post-thumbnail","7":"category-urheilu","8":"tag-fi","9":"tag-finland","10":"tag-finnish","11":"tag-liikunta-ja-urheilu","12":"tag-niko-kytosaho","13":"tag-sports","14":"tag-suomi","15":"tag-urheilu","16":"tag-urheilutapahtumat"},"share_on_mastodon":{"url":"https:\/\/pubeurope.com\/@fi\/115721160869313047","error":""},"_links":{"self":[{"href":"https:\/\/www.europesays.com\/fi\/wp-json\/wp\/v2\/posts\/116599","targetHints":{"allow":["GET"]}}],"collection":[{"href":"https:\/\/www.europesays.com\/fi\/wp-json\/wp\/v2\/posts"}],"about":[{"href":"https:\/\/www.europesays.com\/fi\/wp-json\/wp\/v2\/types\/post"}],"author":[{"embeddable":true,"href":"https:\/\/www.europesays.com\/fi\/wp-json\/wp\/v2\/users\/2"}],"replies":[{"embeddable":true,"href":"https:\/\/www.europesays.com\/fi\/wp-json\/wp\/v2\/comments?post=116599"}],"version-history":[{"count":0,"href":"https:\/\/www.europesays.com\/fi\/wp-json\/wp\/v2\/posts\/116599\/revisions"}],"wp:featuredmedia":[{"embeddable":true,"href":"https:\/\/www.europesays.com\/fi\/wp-json\/wp\/v2\/media\/116600"}],"wp:attachment":[{"href":"https:\/\/www.europesays.com\/fi\/wp-json\/wp\/v2\/media?parent=116599"}],"wp:term":[{"taxonomy":"category","embeddable":true,"href":"https:\/\/www.europesays.com\/fi\/wp-json\/wp\/v2\/categories?post=116599"},{"taxonomy":"post_tag","embeddable":true,"href":"https:\/\/www.europesays.com\/fi\/wp-json\/wp\/v2\/tags?post=116599"}],"curies":[{"name":"wp","href":"https:\/\/api.w.org\/{rel}","templated":true}]}}