{"id":116613,"date":"2025-12-15T02:42:10","date_gmt":"2025-12-15T02:42:10","guid":{"rendered":"https:\/\/www.europesays.com\/fi\/116613\/"},"modified":"2025-12-15T02:42:10","modified_gmt":"2025-12-15T02:42:10","slug":"sadat-tuhannet-perheet-ovat-ilman-sahkoa-ukrainassa","status":"publish","type":"post","link":"https:\/\/www.europesays.com\/fi\/116613\/","title":{"rendered":"Sadat tuhannet perheet ovat ilman s\u00e4hk\u00f6\u00e4 Ukrainassa"},"content":{"rendered":"<p class=\"ai-optimize-6 ai-optimize-introduction\">Ven\u00e4j\u00e4 on iskenyt voimakkaasti Ukrainan energiainfrastruktuuria vastaan. Tuore hy\u00f6kk\u00e4ysten sarja on aiheuttanut laajoja s\u00e4hk\u00f6katkoja eri puolilla Ukrainaa. Muun muassa Odesan kaupungissa s\u00e4hk\u00f6n, veden ja l\u00e4mm\u00f6n jakelu keskeytyi.<\/p>\n<p class=\"ai-optimize-7\">Ukrainan presidentti <strong>Volodymyr Zelenskyi<\/strong> kommentoi tilannetta ja korosti korjaust\u00f6iden olevan k\u00e4ynniss\u00e4.<\/p>\n<p class=\"ai-optimize-8\">\u2013 Eilisest\u00e4 l\u00e4htien kaikki yksikk\u00f6mme ovat ty\u00f6skennelleet s\u00e4hk\u00f6n, l\u00e4mmityksen ja vedenjakelun palauttamiseksi alueille Ven\u00e4j\u00e4n energiainfrastruktuuriin kohdistamien iskujen j\u00e4lkeen. Tilanne on edelleen vaikea \u2013 sadat tuhannet perheet ovat yh\u00e4 ilman s\u00e4hk\u00f6\u00e4 Mykolajivin, Odesan, Hersonin, T\u0161ernihivin, Donetskin, Sumyn ja Dnipron alueilla. Kiit\u00e4n jokaista korjaust\u00f6ihin osallistuvaa, Zelenskyi kirjoittaa julkaisussaan viestipalvelu X:ss\u00e4.<\/p>\n<p class=\"ai-optimize-9\">Zelenskyin mukaan hy\u00f6kk\u00e4ykset ovat jatkuneet.<\/p>\n<p class=\"ai-optimize-10\">\u2013 Viime y\u00f6n\u00e4 yhteis\u00f6ihimme hy\u00f6k\u00e4ttiin j\u00e4lleen. Ihmisi\u00e4 haavoittui, Zelenskyi toteaa.<\/p>\n<p class=\"ai-optimize-16\">Presidentin mukaan Ven\u00e4j\u00e4 on kiihdytt\u00e4nyt iskujaan viime aikoina.<\/p>\n<p class=\"ai-optimize-11\">\u2013 Ven\u00e4j\u00e4 pitkitt\u00e4\u00e4 sotaa ja pyrkii aiheuttamaan mahdollisimman paljon vahinkoa kansallemme. Yhteens\u00e4 ven\u00e4l\u00e4iset laukaisivat t\u00e4ll\u00e4 viikolla Ukrainaa vastaan yli 1 500 hy\u00f6kk\u00e4yslennokkia, l\u00e4hes 900 ohjattua ilmapommia ja 46 erityyppist\u00e4 ohjusta. Pelk\u00e4st\u00e4\u00e4n yhden viikon aikana.<\/p>\n<p class=\"ai-optimize-12\"><a href=\"https:\/\/understandingwar.org\/research\/russia-ukraine\/russian-offensive-campaign-assessment-december-13-2025\/\" target=\"_blank\" rel=\"noopener nofollow\">Institute for the Study of War (ISW) <\/a>-ajatushautomon tuoreen raportin mukaan joulukuun 12. ja 13. p\u00e4ivien v\u00e4lisen\u00e4 y\u00f6n\u00e4 toteutettu isku oli erityisen raju. Hy\u00f6kk\u00e4ys j\u00e4tti yli miljoona kotitaloutta ilman s\u00e4hk\u00f6\u00e4 Ukrainassa p\u00e4\u00e4asiassa Odesan alueella.<\/p>\n<p class=\"ai-optimize-13\">Hy\u00f6kk\u00e4ykseen sis\u00e4ltyi 465 lennokkia, muun muassa Shahed-tyyppisi\u00e4 lennokkeja. Lis\u00e4ksi Ven\u00e4j\u00e4ll\u00e4 oli iskussa k\u00e4yt\u00f6ss\u00e4 laaja ohjusarsenaali, mukaan lukien ballistisia Iskander-M-ohjuksia, aeroballistisia Kh-47M2 Kin\u017eal-ohjuksia sek\u00e4 Mustaltamerelt\u00e4 ja Kaspianmerelt\u00e4 laukaistuja Kalibr-risteilyohjuksia.<\/p>\n<p class=\"ai-optimize-14\">Ukrainan ilmatorjunta onnistui pudottamaan 417 lennokkia ja 13 risteilyohjusta, mutta l\u00e4pi p\u00e4\u00e4sseet ammukset aiheuttivat laajoja vaurioita.<\/p>\n<blockquote class=\"twitter-tweet\" data-width=\"550\" data-dnt=\"true\">\n<p lang=\"en\" dir=\"ltr\">Since yesterday, all our services have been working to restore electricity, heating, and water supply to the regions following Russian strikes on energy infrastructure. The situation remains difficult \u2013 hundreds of thousands of families are still without electricity in Mykolaiv,\u2026 <a href=\"https:\/\/t.co\/vZotX4Zxal\" rel=\"nofollow\">pic.twitter.com\/vZotX4Zxal<\/a><\/p>\n<p>\u2014 Volodymyr Zelenskyy \/ \u0412\u043e\u043b\u043e\u0434\u0438\u043c\u0438\u0440 \u0417\u0435\u043b\u0435\u043d\u0441\u044c\u043a\u0438\u0439 (@ZelenskyyUa) <a href=\"https:\/\/twitter.com\/ZelenskyyUa\/status\/2000116575194476629?ref_src=twsrc%5Etfw\" rel=\"nofollow noopener\" target=\"_blank\">December 14, 2025<\/a><\/p>\n<\/blockquote>\n<p>Poimintoja videosis\u00e4ll\u00f6ist\u00e4mme<\/p>\n<p>\t\t\t\t<script async src=\"https:\/\/platform.twitter.com\/widgets.js\" charset=\"utf-8\"><\/script><\/p>\n","protected":false},"excerpt":{"rendered":"Ven\u00e4j\u00e4 on iskenyt voimakkaasti Ukrainan energiainfrastruktuuria vastaan. Tuore hy\u00f6kk\u00e4ysten sarja on aiheuttanut laajoja s\u00e4hk\u00f6katkoja eri puolilla Ukrainaa. Muun&hellip;\n","protected":false},"author":2,"featured_media":116614,"comment_status":"","ping_status":"","sticky":false,"template":"","format":"standard","meta":{"footnotes":""},"categories":[14],"tags":[22,23,26,27,33,31,30,17,24,25,28,29,15,18,21,32,19,20,1303,549,56,16,987,59,60,61],"class_list":{"0":"post-116613","1":"post","2":"type-post","3":"status-publish","4":"format-standard","5":"has-post-thumbnail","7":"category-ulkomaat","8":"tag-breaking-news","9":"tag-breakingnews","10":"tag-featured-news","11":"tag-featurednews","12":"tag-fi","13":"tag-finland","14":"tag-finnish","15":"tag-headlines","16":"tag-latest-news","17":"tag-latestnews","18":"tag-main-news","19":"tag-mainnews","20":"tag-news","21":"tag-otsikot","22":"tag-paauutiset","23":"tag-suomi","24":"tag-top-stories","25":"tag-topstories","26":"tag-ukraina","27":"tag-ukrainan-sota","28":"tag-ulkomaat","29":"tag-uutiset","30":"tag-venajan-hyokkays","31":"tag-world","32":"tag-world-news","33":"tag-worldnews"},"share_on_mastodon":{"url":"https:\/\/pubeurope.com\/@fi\/115721282779959509","error":""},"_links":{"self":[{"href":"https:\/\/www.europesays.com\/fi\/wp-json\/wp\/v2\/posts\/116613","targetHints":{"allow":["GET"]}}],"collection":[{"href":"https:\/\/www.europesays.com\/fi\/wp-json\/wp\/v2\/posts"}],"about":[{"href":"https:\/\/www.europesays.com\/fi\/wp-json\/wp\/v2\/types\/post"}],"author":[{"embeddable":true,"href":"https:\/\/www.europesays.com\/fi\/wp-json\/wp\/v2\/users\/2"}],"replies":[{"embeddable":true,"href":"https:\/\/www.europesays.com\/fi\/wp-json\/wp\/v2\/comments?post=116613"}],"version-history":[{"count":0,"href":"https:\/\/www.europesays.com\/fi\/wp-json\/wp\/v2\/posts\/116613\/revisions"}],"wp:featuredmedia":[{"embeddable":true,"href":"https:\/\/www.europesays.com\/fi\/wp-json\/wp\/v2\/media\/116614"}],"wp:attachment":[{"href":"https:\/\/www.europesays.com\/fi\/wp-json\/wp\/v2\/media?parent=116613"}],"wp:term":[{"taxonomy":"category","embeddable":true,"href":"https:\/\/www.europesays.com\/fi\/wp-json\/wp\/v2\/categories?post=116613"},{"taxonomy":"post_tag","embeddable":true,"href":"https:\/\/www.europesays.com\/fi\/wp-json\/wp\/v2\/tags?post=116613"}],"curies":[{"name":"wp","href":"https:\/\/api.w.org\/{rel}","templated":true}]}}