{"id":116615,"date":"2025-12-15T02:43:13","date_gmt":"2025-12-15T02:43:13","guid":{"rendered":"https:\/\/www.europesays.com\/fi\/116615\/"},"modified":"2025-12-15T02:43:13","modified_gmt":"2025-12-15T02:43:13","slug":"tuore-arvio-tanne-asettuu-joulun-lumiraja","status":"publish","type":"post","link":"https:\/\/www.europesays.com\/fi\/116615\/","title":{"rendered":"Tuore arvio: T\u00e4nne asettuu joulun lumiraja"},"content":{"rendered":"<p>Joulun lumiennuste ei n\u00e4yt\u00e4 lupaavalta isossa osassa Suomea.<\/p>\n<p><img decoding=\"async\" class=\"image image-show image-preview\" src=\"https:\/\/www.europesays.com\/fi\/wp-content\/uploads\/2025\/12\/d10b2d44672d97578ff001737d150c25db3889a041b9fa5d752b742e2d5c0198.jpg\" alt=\"\"\/><img decoding=\"async\" class=\"image image-show\" src=\"https:\/\/www.europesays.com\/fi\/wp-content\/uploads\/2025\/12\/1765766591_140_d10b2d44672d97578ff001737d150c25db3889a041b9fa5d752b742e2d5c0198.jpg\" alt=\"\"\/><\/p>\n<p>Joulu on j\u00e4\u00e4m\u00e4ss\u00e4 lumettomaksi suuressa osassa maata. Kuvituskuva. OUTI J\u00c4RVINEN<\/p>\n<ul>\n<li>S\u00e4\u00e4 lauhtuu joulun alla koko maassa.<\/li>\n<li>Joulu on j\u00e4\u00e4m\u00e4ss\u00e4 laajalla alueella lumettomaksi.<\/li>\n<li>Joulun j\u00e4lkeen on n\u00e4kyviss\u00e4 k\u00e4\u00e4nne kylmemp\u00e4\u00e4n.<\/li>\n<\/ul>\n<p class=\"paragraph\">Viikonloppuna tapahtunut talvinen k\u00e4\u00e4nne vesittyy heti maanantaina. Pakkaset vaihtuvat Lapin etel\u00e4puolella viime viikoilta tuttuun lauhaan s\u00e4\u00e4tyyppiin.<\/p>\n<p class=\"paragraph\">\u2013 Lumipeite saa kyll\u00e4 kyyti\u00e4 maanantain aikana. Osa pohjoisenkin sateista tulee veten\u00e4 illalla, kertoo Forecan p\u00e4ivyst\u00e4v\u00e4 meteorologi <strong>Joonas Koskela<\/strong>.<\/p>\n<p class=\"paragraph\">Sunnuntai-illan ja maanantain vastaisen y\u00f6n aikana on tosin luvassa lumisateita l\u00e4hes koko maassa. Koskelan mukaan lumisade voi olla sakeaa.<\/p>\n<p class=\"paragraph\">\u2013 Mutta siin\u00e4 tulee sitten aika reilusti vett\u00e4 per\u00e4\u00e4n. Se lumi ei kauaa pysy etel\u00e4ss\u00e4.<\/p>\n<p class=\"paragraph\">Maanantaina plusasteet voivat nousta jopa 6\u20137:\u00e4\u00e4n lounaisrannikolla. Vain Lappi pysyy pakkasella. Samanlainen s\u00e4\u00e4tyyppi jatkuu loppuviikon puolelle.<\/p>\n<p>Karu arvio<\/p>\n<p class=\"paragraph\">Lauha s\u00e4\u00e4tyyppi ja joulun l\u00e4hestyminen eiv\u00e4t lupaa hyv\u00e4\u00e4 valkean maan kannalta. Joulun lumiraja on asettumassa t\u00e4m\u00e4n hetken arvioiden mukaan kovin pohjoiseksi.<\/p>\n<p class=\"paragraph\">\u2013 Ennustemalleissa on hieman eroja. T\u00e4rkeimmiss\u00e4 malleissa Etel\u00e4-Suomi on kyll\u00e4 lumeton viimeisimpien ennusteiden mukaan.<\/p>\n<p class=\"paragraph\">\u2013 Karkea lumiraja olisi t\u00e4m\u00e4n hetken valossa jostain Oulun seudulta Joensuuta kohti. Eli sen etel\u00e4puolella ei olisi juurikaan jouluaattona lunta, mutta pohjoisessa ja varsinkin Kainuussa sit\u00e4 olisi ihan kunnolla, Koskela kertoo.<\/p>\n<p class=\"paragraph\">Er\u00e4\u00e4ss\u00e4 ennustemallissa lumiraja olisi hieman etel\u00e4mp\u00e4n\u00e4, noin Kokkola\u2013Joensuu-linjalla.<\/p>\n<p class=\"paragraph\">\u2013 Etel\u00e4-Suomen osalta n\u00e4ytt\u00e4\u00e4 aika huonolta. Keski-Suomessakaan ei n\u00e4yt\u00e4 hirve\u00e4n positiiviselta, Koskela kiteytt\u00e4\u00e4.<\/p>\n<p>Pieni toivonkipin\u00e4<\/p>\n<p class=\"paragraph\">Koskela ei kuitenkaan julista etel\u00e4n joulua varmuudella mustaksi, sill\u00e4 l\u00e4mp\u00f6tilat voivat laskea silloin pakkaselle.<\/p>\n<p class=\"paragraph\">\u2013 Ei vaadi hirve\u00e4n isoa muutosta, ett\u00e4 voisi jotain lumisateita etel\u00e4ss\u00e4 tulla. Se riippuu siit\u00e4, mist\u00e4 matalapaineet tai ilmamassojen rajat sattuvat menem\u00e4\u00e4n.<\/p>\n<p class=\"paragraph\">\u2013 Vaikka ennuste n\u00e4ytt\u00e4isi lauhalta, on silti mahdollista, ett\u00e4 lunta voisi tulla. Siin\u00e4 mieless\u00e4 ei viitsi viel\u00e4 ly\u00f6d\u00e4 viimeist\u00e4 naulaa arkkuun, Koskela muistuttaa.<\/p>\n<p class=\"paragraph\">Vaikka joulu j\u00e4isikin lumettomaksi, talvinen k\u00e4\u00e4nne voi tulla ennen vuodenvaihdetta.<\/p>\n<p class=\"paragraph\">\u2013 Muutos tapahtunee joko jouluviikolla tai sit\u00e4 seuraavalla viikolla. Siin\u00e4 saattaa tapahtua niin, ett\u00e4 ilmavirtaukset k\u00e4\u00e4ntyv\u00e4t pohjoisen puolelle. Silloin tulisi korkeapaine Pohjois-Atlantille, joka est\u00e4isi matalapaineiden ja lauhan ilman p\u00e4\u00e4syn Suomeen.<\/p>\n<p class=\"paragraph\">Tarkkaa ajankohtaa t\u00e4lle k\u00e4\u00e4nteelle ei Koskelan mukaan voi viel\u00e4 ennustaa.<\/p>\n<p><a href=\"https:\/\/www.iltalehti.fi\/parassaa?storeCampaign=ArticleBottomBanner\" rel=\"nofollow noopener\" target=\"_blank\"><img decoding=\"async\" src=\"https:\/\/www.europesays.com\/fi\/wp-content\/uploads\/2025\/08\/d0fd7860228df4fdd5fd0367e49d769aa09b08189080ddc5ccdd8c31ad63aca9.png\" alt=\"IL Paras S\u00e4\u00e4 - S\u00e4\u00e4tiedot ja s\u00e4\u00e4ennusteet\"\/><\/a><\/p>\n","protected":false},"excerpt":{"rendered":"Joulun lumiennuste ei n\u00e4yt\u00e4 lupaavalta isossa osassa Suomea. Joulu on j\u00e4\u00e4m\u00e4ss\u00e4 lumettomaksi suuressa osassa maata. Kuvituskuva. OUTI J\u00c4RVINEN&hellip;\n","protected":false},"author":2,"featured_media":116616,"comment_status":"","ping_status":"","sticky":false,"template":"","format":"standard","meta":{"footnotes":""},"categories":[12],"tags":[35,10303,22,23,26,27,33,31,30,17,10304,713,24,25,28,29,15,18,21,710,32,10305,19,20,16],"class_list":{"0":"post-116615","1":"post","2":"type-post","3":"status-publish","4":"format-standard","5":"has-post-thumbnail","7":"category-suomi","8":"tag-24h","9":"tag-aikajakson-saa","10":"tag-breaking-news","11":"tag-breakingnews","12":"tag-featured-news","13":"tag-featurednews","14":"tag-fi","15":"tag-finland","16":"tag-finnish","17":"tag-headlines","18":"tag-kylma-rintama","19":"tag-lampotila-saa","20":"tag-latest-news","21":"tag-latestnews","22":"tag-main-news","23":"tag-mainnews","24":"tag-news","25":"tag-otsikot","26":"tag-paauutiset","27":"tag-saa","28":"tag-suomi","29":"tag-talvisaa","30":"tag-top-stories","31":"tag-topstories","32":"tag-uutiset"},"share_on_mastodon":{"url":"https:\/\/pubeurope.com\/@fi\/115721287212711306","error":""},"_links":{"self":[{"href":"https:\/\/www.europesays.com\/fi\/wp-json\/wp\/v2\/posts\/116615","targetHints":{"allow":["GET"]}}],"collection":[{"href":"https:\/\/www.europesays.com\/fi\/wp-json\/wp\/v2\/posts"}],"about":[{"href":"https:\/\/www.europesays.com\/fi\/wp-json\/wp\/v2\/types\/post"}],"author":[{"embeddable":true,"href":"https:\/\/www.europesays.com\/fi\/wp-json\/wp\/v2\/users\/2"}],"replies":[{"embeddable":true,"href":"https:\/\/www.europesays.com\/fi\/wp-json\/wp\/v2\/comments?post=116615"}],"version-history":[{"count":0,"href":"https:\/\/www.europesays.com\/fi\/wp-json\/wp\/v2\/posts\/116615\/revisions"}],"wp:featuredmedia":[{"embeddable":true,"href":"https:\/\/www.europesays.com\/fi\/wp-json\/wp\/v2\/media\/116616"}],"wp:attachment":[{"href":"https:\/\/www.europesays.com\/fi\/wp-json\/wp\/v2\/media?parent=116615"}],"wp:term":[{"taxonomy":"category","embeddable":true,"href":"https:\/\/www.europesays.com\/fi\/wp-json\/wp\/v2\/categories?post=116615"},{"taxonomy":"post_tag","embeddable":true,"href":"https:\/\/www.europesays.com\/fi\/wp-json\/wp\/v2\/tags?post=116615"}],"curies":[{"name":"wp","href":"https:\/\/api.w.org\/{rel}","templated":true}]}}