{"id":116617,"date":"2025-12-15T02:44:09","date_gmt":"2025-12-15T02:44:09","guid":{"rendered":"https:\/\/www.europesays.com\/fi\/116617\/"},"modified":"2025-12-15T02:44:09","modified_gmt":"2025-12-15T02:44:09","slug":"nasima-razmyar-vaatii-julkista-anteeksipyyntoa","status":"publish","type":"post","link":"https:\/\/www.europesays.com\/fi\/116617\/","title":{"rendered":"Nasima Razmyar vaatii julkista anteeksipyynt\u00f6\u00e4"},"content":{"rendered":"<p>SDP:n varapuheenjohtaja moittii p\u00e4\u00e4ministeri Petteri Orpon toimintaa ja vaatii perussuomalaisilta kansanedustajilta anteeksipyynt\u00f6j\u00e4.<\/p>\n<p><img decoding=\"async\" class=\"image image-show image-preview\" src=\"https:\/\/www.europesays.com\/fi\/wp-content\/uploads\/2025\/12\/da70ff9e27b2fb834fd7497005a5ebd62fe02ec7f8359fb0fe6cf99fed63c11f.jpg\" alt=\"\"\/><img decoding=\"async\" class=\"image image-show\" src=\"https:\/\/www.europesays.com\/fi\/wp-content\/uploads\/2025\/12\/1765766649_174_da70ff9e27b2fb834fd7497005a5ebd62fe02ec7f8359fb0fe6cf99fed63c11f.jpg\" alt=\"\"\/><\/p>\n<p>Kansanedustaja Nasima Razmyar (sd). Jenni G\u00e4stgivar<\/p>\n<p class=\"paragraph\">SDP:n varapuheenjohtaja <a href=\"https:\/\/www.iltalehti.fi\/henkilot\/Nasima Razmyar\" class=\"article-link-person-page\" rel=\"nofollow noopener\" target=\"_blank\">Nasima Razmyar<\/a> sanoo tiedotteessaan olevansa pettynyt p\u00e4\u00e4ministeri <a href=\"https:\/\/www.iltalehti.fi\/henkilot\/Petteri Orpo\" class=\"article-link-person-page\" rel=\"nofollow noopener\" target=\"_blank\">Petteri Orpon<\/a> (kok) \u201dhitaaseen ja hampaattomaan reagointiin perussuomalaisten uusimpaan rasismikohuun\u201d.<\/p>\n<p class=\"paragraph\">\u2013 Yhdenvertaisuustiedonanto on pelkk\u00e4 irvikuva, jos p\u00e4\u00e4ministeri Orpo katsoo, ett\u00e4 riitt\u00e4\u00e4, kun poikkeamiin siit\u00e4 reagoidaan, vaikka niit\u00e4 ei voida est\u00e4\u00e4, Razmyar toteaa tiedotteessaan.<\/p>\n<p class=\"paragraph\">H\u00e4n viittaa siihen, miten Petteri Orpo <a href=\"https:\/\/www.iltalehti.fi\/politiikka\/7a7456d1-3470-441b-bf99-ec684a1d86a7\" rel=\"nofollow noopener\" target=\"_blank\">kommentoi perussuomalaisten jakamia rasistiseksi tulkittuja silm\u00e4nvenytyskuvia<\/a> t\u00e4n\u00e4\u00e4n Yle Radio Suomen P\u00e4\u00e4ministerin haastattelutunnilla. Orpon mukaan asiaan puututaan eduskuntaryhmiss\u00e4, mik\u00e4 ei vakuuta Razmyaria.<\/p>\n<p class=\"paragraph\">\u2013 N\u00e4m\u00e4 tilanteet tulevat jatkumaan, koska p\u00e4\u00e4ministeri sen sallii ja tulee sallimaan jatkossakin, Razmyar paukuttaa.<\/p>\n<p class=\"paragraph\">H\u00e4n pit\u00e4\u00e4 perussuomalaisten kansanedustajien ulostuloja rasistisina. Perussuomalaisissa taas katsotaan muun muassa, ett\u00e4 he ovat puolustaneet Miss Suomea, joka luopui tittelist\u00e4\u00e4n, kun h\u00e4nest\u00e4 jaetusta kuvasta oli syntynyt kohu.<\/p>\n<p class=\"paragraph\">\u2013 Moni tavallinen suomalainen h\u00e4pe\u00e4\u00e4 silm\u00e4t p\u00e4\u00e4st\u00e4\u00e4n perussuomalaisten kansanedustajien k\u00e4yt\u00f6st\u00e4. P\u00e4\u00e4ministeri kykenee vastaamaan t\u00e4h\u00e4n vain, ett\u00e4 asiasta keskustellaan ensi viikolla. Ainoa s\u00e4\u00e4llinen asia, mit\u00e4 voidaan vaatia, on julkinen anteeksipyynt\u00f6 v \u00e4hint\u00e4\u00e4n kyseisilt\u00e4 kansanedustajilta ja perussuomalaisen eduskuntaryhm\u00e4n puheenjohtajalta, SDP:n edustaja jatkaa tiedotteessaan.<\/p>\n<p class=\"paragraph\">Esimerkiksi kansanedustaja <a href=\"https:\/\/www.iltalehti.fi\/henkilot\/Juho Eerola\" class=\"article-link-person-page\" rel=\"nofollow noopener\" target=\"_blank\">Juho Eerola<\/a> (ps) <a href=\"https:\/\/www.iltalehti.fi\/politiikka\/c5828c5b-a42a-4614-a3cc-d3360836c805\" rel=\"nofollow noopener\" target=\"_blank\">on pahoitellut<\/a> \u201daasialaistaustaisten ihmisten puolesta\u201d.<\/p>\n<p class=\"paragraph\">\u2013 Tarkoitukseni ei ollut heit\u00e4 t\u00e4ss\u00e4 mitenk\u00e4\u00e4n pilkata vaan l\u00e4hinn\u00e4 t\u00e4t\u00e4 Miss Suomi -organisaatiota ja antaa tukea kosovolaistaustaiselle Miss Suomelle, Eerola on sanonut.<\/p>\n<p class=\"paragraph\">Razmyar uskoo, ett\u00e4 Suomen maakuvaan tulee nyt s\u00e4r\u00f6.<\/p>\n<p class=\"paragraph\">\u2013 Vaikuttaako t\u00e4m\u00e4 perussuomalaisen elinkeinoministerin vastaanottoon, kun h\u00e4n suuntaa seuraavan kerran vienninedist\u00e4mismatkalle Aasiaan? Miten t\u00e4m\u00e4 vaikuttaa ty\u00f6per\u00e4iseen maahanmuuttoon, kun perheens\u00e4 kanssa juuri t\u00e4nne muuttanut aasialainen osaaja kohtaa t\u00e4llaista k\u00e4yt\u00f6st\u00e4 kansakunnan kaapin p\u00e4\u00e4lt\u00e4? On selv\u00e4\u00e4, ett\u00e4 Suomen kansainv\u00e4linen maine tahraantuu t\u00e4llaisten t\u00e4ysin tarpeettomien skandaalien my\u00f6t\u00e4, h\u00e4n sanoo.<\/p>\n","protected":false},"excerpt":{"rendered":"SDP:n varapuheenjohtaja moittii p\u00e4\u00e4ministeri Petteri Orpon toimintaa ja vaatii perussuomalaisilta kansanedustajilta anteeksipyynt\u00f6j\u00e4. Kansanedustaja Nasima Razmyar (sd). Jenni G\u00e4stgivar&hellip;\n","protected":false},"author":2,"featured_media":116618,"comment_status":"","ping_status":"","sticky":false,"template":"","format":"standard","meta":{"footnotes":""},"categories":[5],"tags":[35,22,23,26,27,33,31,30,17,24,25,28,29,15,18,21,142,637,886,885,887,32,19,20,16],"class_list":{"0":"post-116617","1":"post","2":"type-post","3":"status-publish","4":"format-standard","5":"has-post-thumbnail","7":"category-otsikot","8":"tag-24h","9":"tag-breaking-news","10":"tag-breakingnews","11":"tag-featured-news","12":"tag-featurednews","13":"tag-fi","14":"tag-finland","15":"tag-finnish","16":"tag-headlines","17":"tag-latest-news","18":"tag-latestnews","19":"tag-main-news","20":"tag-mainnews","21":"tag-news","22":"tag-otsikot","23":"tag-paauutiset","24":"tag-poliitikot","25":"tag-politiikka","26":"tag-puolueet","27":"tag-suomen-poliittiset-puolueet","28":"tag-suomen-politiikka","29":"tag-suomi","30":"tag-top-stories","31":"tag-topstories","32":"tag-uutiset"},"share_on_mastodon":{"url":"https:\/\/pubeurope.com\/@fi\/115721290593902487","error":""},"_links":{"self":[{"href":"https:\/\/www.europesays.com\/fi\/wp-json\/wp\/v2\/posts\/116617","targetHints":{"allow":["GET"]}}],"collection":[{"href":"https:\/\/www.europesays.com\/fi\/wp-json\/wp\/v2\/posts"}],"about":[{"href":"https:\/\/www.europesays.com\/fi\/wp-json\/wp\/v2\/types\/post"}],"author":[{"embeddable":true,"href":"https:\/\/www.europesays.com\/fi\/wp-json\/wp\/v2\/users\/2"}],"replies":[{"embeddable":true,"href":"https:\/\/www.europesays.com\/fi\/wp-json\/wp\/v2\/comments?post=116617"}],"version-history":[{"count":0,"href":"https:\/\/www.europesays.com\/fi\/wp-json\/wp\/v2\/posts\/116617\/revisions"}],"wp:featuredmedia":[{"embeddable":true,"href":"https:\/\/www.europesays.com\/fi\/wp-json\/wp\/v2\/media\/116618"}],"wp:attachment":[{"href":"https:\/\/www.europesays.com\/fi\/wp-json\/wp\/v2\/media?parent=116617"}],"wp:term":[{"taxonomy":"category","embeddable":true,"href":"https:\/\/www.europesays.com\/fi\/wp-json\/wp\/v2\/categories?post=116617"},{"taxonomy":"post_tag","embeddable":true,"href":"https:\/\/www.europesays.com\/fi\/wp-json\/wp\/v2\/tags?post=116617"}],"curies":[{"name":"wp","href":"https:\/\/api.w.org\/{rel}","templated":true}]}}