{"id":116619,"date":"2025-12-15T02:56:24","date_gmt":"2025-12-15T02:56:24","guid":{"rendered":"https:\/\/www.europesays.com\/fi\/116619\/"},"modified":"2025-12-15T02:56:24","modified_gmt":"2025-12-15T02:56:24","slug":"tallaista-bisnesta-pepe-willbergin-nimissa-pyoritetaan-tulos-on-yllatys","status":"publish","type":"post","link":"https:\/\/www.europesays.com\/fi\/116619\/","title":{"rendered":"T\u00e4llaista bisnest\u00e4 Pepe Willbergin nimiss\u00e4 py\u00f6ritet\u00e4\u00e4n &#8211; tulos on yll\u00e4tys"},"content":{"rendered":"<p>Joulukonsertteja paraikaa heitt\u00e4v\u00e4 Pepe Willberg joutui ik\u00e4v\u00e4n mainekolauksen kouriin, kun h\u00e4nen ep\u00e4ill\u00e4\u00e4n kolauttaneen autollaan py\u00f6r\u00e4ilij\u00e4\u00e4 p\u00e4in ja poistuneen paikalta.<\/p>\n<p>Tapaus sattui Helsingiss\u00e4. Willberg on itse kiist\u00e4nyt t\u00f6rm\u00e4nneens\u00e4 kehenk\u00e4\u00e4n.<\/p>\n<p>\u2013 Tunsin raapaisu\u00e4\u00e4nen, mutta en havainnut mit\u00e4\u00e4n. Autossa oli pieni naarmu takaoven kohdalla, kun poliisi otti yhteytt\u00e4. Aurinko h\u00e4ik\u00e4isi, joten nopeuteni oli hiljainen. Valot olivat vihre\u00e4t. En n\u00e4hnyt peileist\u00e4 mit\u00e4\u00e4n erikoista. En tajunnut, ett\u00e4 jotain olisi tapahtunut. Olen tietysti hyvin pahoillani, jos tilanteessa on py\u00f6r\u00e4ilij\u00e4 vahingoittunut jotenkin. Asiaa tutkitaan, Pepe Willberg kirjoitti somessa. Willberg on muutaman p\u00e4iv\u00e4n p\u00e4\u00e4st\u00e4 79-vuotias.<\/p>\n<p>Nyt poliisi ep\u00e4ilee laulajaa t\u00f6rke\u00e4st\u00e4 liikenneturvallisuuden vaarantamisesta.<\/p>\n<p>Sukellus tappiolle<\/p>\n<p>Pepe oli liikenteess\u00e4 Viihde &amp; Vuorovaikutus Oy Viivun autolla. Sen kylkeen oli tullut t\u00f6rm\u00e4yksest\u00e4 naarmu.<\/p>\n<p>Firman omistaa Pepen vaimo, Pauliina Visuri. Firman kautta mit\u00e4 ilmeisemmin hoidetaan kaikki Pepen esiintymiset ja laskutukset, koska firman nettisivuiksi on merkitty Pepe Willbergin viralliset sivut.<\/p>\n<p>Lue my\u00f6s: <a href=\"https:\/\/www.como.fi\/uutiset\/jopa-tallaisen-rangaistuksen-laulaja-pepe-willberg-voi-saada\/\" title=\"Jopa t\u00e4llaisen rangaistuksen laulaja Pepe Willberg voi saada\" class=\"underline-custom !font-montserrat !font-bold !underline-offset-4 !decoration-4 !decoration-red-600 !text-md\" rel=\"nofollow noopener\" target=\"_blank\">Jopa t\u00e4llaisen rangaistuksen laulaja Pepe Willberg voi saada<\/a><\/p>\n<p>Yhti\u00f6n toiminta on ollut laskusuhdanteinen viimeiset kolme vuotta. Viimeisin tilinp\u00e4\u00e4t\u00f6s kertoo firman my\u00f6s sukeltaneen tappiolle.<\/p>\n<p>Liikevaihtoa firma ker\u00e4si 213 000 euroa ja tappiota se teki tonnin verran. Yrityksen tase nousee 188 000 euroon, vierasta p\u00e4\u00e4omaa siin\u00e4 on yli 60 000 euroa. Omaa p\u00e4\u00e4omaa yrityksell\u00e4 on 114 000 euron verran.<\/p>\n<p>Lue my\u00f6s: <a href=\"https:\/\/www.como.fi\/tilaa-comon-uutiskirje\/\" title=\"Tilaa Comon uutiskirje ja tied\u00e4t mist\u00e4 kahvitauolla puhutaan! Nappaa kotimaan tv-vinkit ja puheenaiheet suoraan s\u00e4hk\u00f6postiin t\u00e4st\u00e4.\" class=\"underline-custom !font-montserrat !font-bold !underline-offset-4 !decoration-4 !decoration-red-600 !text-md\" rel=\"nofollow noopener\" target=\"_blank\">Tilaa Comon uutiskirje ja tied\u00e4t mist\u00e4 kahvitauolla puhutaan! Nappaa kotimaan tv-vinkit ja puheenaiheet suoraan s\u00e4hk\u00f6postiin t\u00e4st\u00e4.<\/a><\/p>\n","protected":false},"excerpt":{"rendered":"Joulukonsertteja paraikaa heitt\u00e4v\u00e4 Pepe Willberg joutui ik\u00e4v\u00e4n mainekolauksen kouriin, kun h\u00e4nen ep\u00e4ill\u00e4\u00e4n kolauttaneen autollaan py\u00f6r\u00e4ilij\u00e4\u00e4 p\u00e4in ja poistuneen&hellip;\n","protected":false},"author":2,"featured_media":116620,"comment_status":"","ping_status":"","sticky":false,"template":"","format":"standard","meta":{"footnotes":""},"categories":[136],"tags":[407,137,33,31,30,408,8931,32,109],"class_list":{"0":"post-116619","1":"post","2":"type-post","3":"status-publish","4":"format-standard","5":"has-post-thumbnail","7":"category-julkkikset","8":"tag-celebrities","9":"tag-entertainment","10":"tag-fi","11":"tag-finland","12":"tag-finnish","13":"tag-julkkikset","14":"tag-pepe-willberg","15":"tag-suomi","16":"tag-viihde"},"share_on_mastodon":{"url":"https:\/\/pubeurope.com\/@fi\/115721337738160689","error":""},"_links":{"self":[{"href":"https:\/\/www.europesays.com\/fi\/wp-json\/wp\/v2\/posts\/116619","targetHints":{"allow":["GET"]}}],"collection":[{"href":"https:\/\/www.europesays.com\/fi\/wp-json\/wp\/v2\/posts"}],"about":[{"href":"https:\/\/www.europesays.com\/fi\/wp-json\/wp\/v2\/types\/post"}],"author":[{"embeddable":true,"href":"https:\/\/www.europesays.com\/fi\/wp-json\/wp\/v2\/users\/2"}],"replies":[{"embeddable":true,"href":"https:\/\/www.europesays.com\/fi\/wp-json\/wp\/v2\/comments?post=116619"}],"version-history":[{"count":0,"href":"https:\/\/www.europesays.com\/fi\/wp-json\/wp\/v2\/posts\/116619\/revisions"}],"wp:featuredmedia":[{"embeddable":true,"href":"https:\/\/www.europesays.com\/fi\/wp-json\/wp\/v2\/media\/116620"}],"wp:attachment":[{"href":"https:\/\/www.europesays.com\/fi\/wp-json\/wp\/v2\/media?parent=116619"}],"wp:term":[{"taxonomy":"category","embeddable":true,"href":"https:\/\/www.europesays.com\/fi\/wp-json\/wp\/v2\/categories?post=116619"},{"taxonomy":"post_tag","embeddable":true,"href":"https:\/\/www.europesays.com\/fi\/wp-json\/wp\/v2\/tags?post=116619"}],"curies":[{"name":"wp","href":"https:\/\/api.w.org\/{rel}","templated":true}]}}