{"id":116623,"date":"2025-12-15T03:04:07","date_gmt":"2025-12-15T03:04:07","guid":{"rendered":"https:\/\/www.europesays.com\/fi\/116623\/"},"modified":"2025-12-15T03:04:07","modified_gmt":"2025-12-15T03:04:07","slug":"mark-hamill-paljasti-48-vuoden-jalkeen-suosikkirepliikkinsa-tahtien-sodasta","status":"publish","type":"post","link":"https:\/\/www.europesays.com\/fi\/116623\/","title":{"rendered":"Mark Hamill paljasti 48 vuoden j\u00e4lkeen suosikkirepliikkins\u00e4 T\u00e4htien sodasta"},"content":{"rendered":"<p>Luke Skywalkerin ikonisen roolin useaan kertaan tehnyt <strong>Mark Hamill <\/strong>paljasti T\u00e4htien sota -elokuvien suosikkirepliikkins\u00e4 tuoreessa ScreenRantin haastattelussa.<\/p>\n<p>Tarkalleen ottaen kysymys kuului \u201dmik\u00e4 on ikonisin repliikkisi tai se, jota fanit useimmin toistelevat?\u201d<\/p>\n<p>Vastaus oli: \u201dI have a very bad feeling about this\u201d (\u201dminulla on t\u00e4st\u00e4 paha aavistus\u201d).<\/p>\n<p>Lue my\u00f6s: <a href=\"https:\/\/www.episodi.fi\/uutiset\/nyt-ensi-illassa-mark-hamill-nayttelee-uudessa-fantasiaelementein-varustellussa-leffassa-paaroolissa-tom-hiddlestone\/\" title=\"Nyt ensi-illassa: Mark Hamill n\u00e4yttelee uudessa fantasiaelementein varustellussa leffassa \u2013 p\u00e4\u00e4roolissa Tom Hiddlestone\" class=\"underline-custom !font-montserrat !font-bold !underline-offset-4 !decoration-4 !decoration-episodi-blue !text-md\" rel=\"nofollow noopener\" target=\"_blank\">Nyt ensi-illassa: Mark Hamill n\u00e4yttelee uudessa fantasiaelementein varustellussa leffassa \u2013 p\u00e4\u00e4roolissa Tom Hiddlestone<\/a><\/p>\n<p>Lue my\u00f6s: <a href=\"https:\/\/www.episodi.fi\/uutiset\/luke-skywalkerin-vaimo-naki-tahtien-sodan-ensi-illassa-ja-huomasi-siina-jotain-mita-kukaan-muu-ei\/\" title=\"Luke Skywalkerin vaimo n\u00e4ki T\u00e4htien sodan ensi-illassa \u2013 Ja huomasi jotain mit\u00e4 kukaan muu ei\" class=\"underline-custom !font-montserrat !font-bold !underline-offset-4 !decoration-4 !decoration-episodi-blue !text-md\" rel=\"nofollow noopener\" target=\"_blank\">Luke Skywalkerin vaimo n\u00e4ki T\u00e4htien sodan ensi-illassa \u2013 Ja huomasi jotain mit\u00e4 kukaan muu ei<\/a><\/p>\n<p>Valintaa h\u00e4n perusteli sill\u00e4, ett\u00e4 repliikki on p\u00e4\u00e4ssyt er\u00e4\u00e4nlaiseen kierr\u00e4tykseen. Jokaisessa T\u00e4htien sota -elokuvassa jokin hahmo lausuu jonkin version siit\u00e4.<\/p>\n<p>Ensimm\u00e4isen kerran repliikki kuullaan vuoden 1977-elokuvassa, jossa Hamillin esitt\u00e4m\u00e4 Luke Skywalker ilmaisee skeptisen reaktionsa Millennium Falconin l\u00e4hestyess\u00e4 Kuolemant\u00e4hte\u00e4.<\/p>\n<p>Tuon j\u00e4lkeen repliikki kuultiin muissa alkuper\u00e4isen trilogian elokuvissa, esiosissa, sek\u00e4 Disneyn T\u00e4htien sota -elokuvissa ja sarjoissa.<\/p>\n<p>L\u00e4hde: <a href=\"https:\/\/screenrant.com\/star-wars-mark-hamill-favorite-quote\/\" rel=\"nofollow noopener\" target=\"_blank\">ScreenRant<\/a><\/p>\n<p>Lue my\u00f6s: <a href=\"https:\/\/www.episodi.fi\/uutiskirje\/?uutiskirjemainos=tekstilinkkimainos\" title=\"Tilaa Episodin uutiskirje ja voit voittaa leffalippuja! Nappaa tv-vinkit suoraan s\u00e4hk\u00f6postiin t\u00e4st\u00e4.\" class=\"underline-custom !font-montserrat !font-bold !underline-offset-4 !decoration-4 !decoration-episodi-blue !text-md\" rel=\"nofollow noopener\" target=\"_blank\">Tilaa Episodin uutiskirje ja voit voittaa leffalippuja! Nappaa katseluvinkit suoraan s\u00e4hk\u00f6postiin t\u00e4st\u00e4.<\/a><\/p>\n<p>\t\t\t<a href=\"https:\/\/www.facebook.com\/sharer\/sharer.php?u=https:\/\/www.episodi.fi\/uutiset\/mark-hamill-paljasti-48-vuoden-jalkeen-suosikkirepliikkinsa-tahtien-sodasta\/\" target=\"_blank\" class=\"block px-4 py-2 text-sm text-gray-800 border-b hover:bg-gray-200\" rel=\"nofollow noopener\"><\/p>\n<p>\t\t\t\tFacebook<br \/>\n\t\t\t<\/a><br \/>\n\t\t\t<a href=\"https:\/\/twitter.com\/intent\/tweet?text=https:\/\/www.episodi.fi\/uutiset\/mark-hamill-paljasti-48-vuoden-jalkeen-suosikkirepliikkinsa-tahtien-sodasta\/\" target=\"_blank\" class=\"block px-4 py-2 text-sm text-gray-800 border-b hover:bg-gray-200\" rel=\"nofollow noopener\"><\/p>\n<p>\t\t\t\tTwitter<br \/>\n\t\t\t<\/a><br \/>\n\t\t\t<a href=\"mailto:?subject=Mark Hamill paljasti 48 vuoden j\u00e4lkeen suosikkirepliikkins\u00e4 T\u00e4htien sodasta&amp;body=https:\/\/www.episodi.fi\/uutiset\/mark-hamill-paljasti-48-vuoden-jalkeen-suosikkirepliikkinsa-tahtien-sodasta\/\" target=\"_blank\" class=\"block px-4 py-2 text-sm text-gray-800 border-b hover:bg-gray-200\"><\/p>\n<p>\t\t\t\tS\u00e4hk\u00f6posti<\/a><\/p>\n<p>\t\t\t\t<script async src=\"https:\/\/platform.twitter.com\/widgets.js\" charset=\"utf-8\"><\/script><\/p>\n","protected":false},"excerpt":{"rendered":"Luke Skywalkerin ikonisen roolin useaan kertaan tehnyt Mark Hamill paljasti T\u00e4htien sota -elokuvien suosikkirepliikkins\u00e4 tuoreessa ScreenRantin haastattelussa. Tarkalleen&hellip;\n","protected":false},"author":2,"featured_media":40241,"comment_status":"","ping_status":"","sticky":false,"template":"","format":"standard","meta":{"footnotes":""},"categories":[130],"tags":[137,33,31,30,4864,32,10915,109],"class_list":{"0":"post-116623","1":"post","2":"type-post","3":"status-publish","4":"format-standard","5":"has-post-thumbnail","7":"category-viihde","8":"tag-entertainment","9":"tag-fi","10":"tag-finland","11":"tag-finnish","12":"tag-mark-hamill","13":"tag-suomi","14":"tag-tahtien-sota","15":"tag-viihde"},"share_on_mastodon":{"url":"https:\/\/pubeurope.com\/@fi\/115721369166565652","error":""},"_links":{"self":[{"href":"https:\/\/www.europesays.com\/fi\/wp-json\/wp\/v2\/posts\/116623","targetHints":{"allow":["GET"]}}],"collection":[{"href":"https:\/\/www.europesays.com\/fi\/wp-json\/wp\/v2\/posts"}],"about":[{"href":"https:\/\/www.europesays.com\/fi\/wp-json\/wp\/v2\/types\/post"}],"author":[{"embeddable":true,"href":"https:\/\/www.europesays.com\/fi\/wp-json\/wp\/v2\/users\/2"}],"replies":[{"embeddable":true,"href":"https:\/\/www.europesays.com\/fi\/wp-json\/wp\/v2\/comments?post=116623"}],"version-history":[{"count":0,"href":"https:\/\/www.europesays.com\/fi\/wp-json\/wp\/v2\/posts\/116623\/revisions"}],"wp:featuredmedia":[{"embeddable":true,"href":"https:\/\/www.europesays.com\/fi\/wp-json\/wp\/v2\/media\/40241"}],"wp:attachment":[{"href":"https:\/\/www.europesays.com\/fi\/wp-json\/wp\/v2\/media?parent=116623"}],"wp:term":[{"taxonomy":"category","embeddable":true,"href":"https:\/\/www.europesays.com\/fi\/wp-json\/wp\/v2\/categories?post=116623"},{"taxonomy":"post_tag","embeddable":true,"href":"https:\/\/www.europesays.com\/fi\/wp-json\/wp\/v2\/tags?post=116623"}],"curies":[{"name":"wp","href":"https:\/\/api.w.org\/{rel}","templated":true}]}}