{"id":116631,"date":"2025-12-15T03:22:30","date_gmt":"2025-12-15T03:22:30","guid":{"rendered":"https:\/\/www.europesays.com\/fi\/116631\/"},"modified":"2025-12-15T03:22:30","modified_gmt":"2025-12-15T03:22:30","slug":"anna-erikssonilta-isoja-uutisia-en-malta-odottaa","status":"publish","type":"post","link":"https:\/\/www.europesays.com\/fi\/116631\/","title":{"rendered":"Anna Erikssonilta isoja uutisia: \u201dEn malta odottaa\u201d"},"content":{"rendered":"<p class=\"has-drop-cap\"><strong>Anna Eriksson<\/strong>, 48, viett\u00e4\u00e4 ensi vuonna 30-vuotisjuhlavuottaan.<\/p>\n<p>Suosittu iskelm\u00e4laulaja ja elokuvantekij\u00e4 tuli tunnetuksi osallistuttuaan vuonna 1995\u00a0television\u00a0Kiitorata-ohjelmaan. H\u00e4n oli tuolloin vasta 19-vuotias.\u00a0<\/p>\n<p>Nyt Anna kertoo faneilleen isoja, iloisia uutisia.<\/p>\n<p>\u201dAloitan 30-vuotisen taiteilijanurani juhlistamisen Tanssin talossa, lokakuussa 17-18.10.2026. Luvassa on kaksi t\u00e4ysin ainutlaatuista konserttia\u201d, Anna iloitsee.<\/p>\n<p>\u201dPianisti <strong>Mikko M\u00e4kisen<\/strong> lis\u00e4ksi olen saanut luottotiimiini legendaarisen valotaiteilijan <strong>Mikki Kuntun<\/strong>, joten koossa ovat kaikki ainekset unohtumattomaan iltaan. Olen todella onnellinen, ett\u00e4 n\u00e4m\u00e4 konsertit voidaan j\u00e4rjest\u00e4\u00e4 juuri Tanssin talon Erkko-salissa, sill\u00e4 paikan henki tukee t\u00e4ydellisesti esitysten visuaalista ja musiikillista antia.\u201d<\/p>\n<blockquote>\n<p>\u201dTulen esitt\u00e4m\u00e4\u00e4n my\u00f6s uutta omaa suomenkielist\u00e4 musiikkia\u201d<\/p>\n<p>anna eriksson paljastaa<\/p><\/blockquote>\n<p>Viel\u00e4 isompi ilouutinen Annan musiikin yst\u00e4ville on se, ett\u00e4 h\u00e4n on tekem\u00e4ss\u00e4 uutta musiikkia.<\/p>\n<p>\u201dTulen ensi-esitt\u00e4m\u00e4\u00e4n konserteissa my\u00f6s uutta omaa suomenkielist\u00e4 musiikkia. En malta odottaa lokakuuta.\u201d<\/p>\n<p>Tanssin talo sijaitsee Helsingiss\u00e4. Lippuja Annan juhlakonserttiin voi ostaa <a href=\"https:\/\/www.lippu.fi\/artist\/anna-eriksson\/anna-eriksson-live-4049751\/\" title=\"\" rel=\"nofollow noopener\" target=\"_blank\">t\u00e4st\u00e4<\/a> (Lippu.fi).<\/p>\n<p><img loading=\"lazy\" data-lazyloaded=\"1\" title=\"Anna Eriksson lavalla laulaa\" decoding=\"async\" width=\"841\" height=\"1024\" data-attachment-id=\"67415\" data-permalink=\"https:\/\/www.tanssiin.fi\/anna-erikssonilta-isoja-uutisia-en-malta-odottaa\/anna-eriksson-lavalla-laulaa\/\" data-orig-file=\"https:\/\/www.tanssiin.fi\/wp-content\/uploads\/2025\/12\/Anna-Eriksson-lavalla-laulaa.jpg\" data-orig-size=\"1535,1868\" data-comments-opened=\"1\" data-image-meta=\"{&quot;aperture&quot;:&quot;0&quot;,&quot;credit&quot;:&quot;&quot;,&quot;camera&quot;:&quot;&quot;,&quot;caption&quot;:&quot;&quot;,&quot;created_timestamp&quot;:&quot;0&quot;,&quot;copyright&quot;:&quot;&quot;,&quot;focal_length&quot;:&quot;0&quot;,&quot;iso&quot;:&quot;0&quot;,&quot;shutter_speed&quot;:&quot;0&quot;,&quot;title&quot;:&quot;&quot;,&quot;orientation&quot;:&quot;0&quot;}\" data-image-title=\"Anna Eriksson lavalla laulaa\" data-image-description=\"\" data-image-caption=\"&lt;p&gt;Anna Eriksson esiintyi kes\u00e4ll\u00e4 2025 ymp\u00e4ri Suomen menestyksekk\u00e4\u00e4sti.&lt;\/p&gt;&#10;\" data-medium-file=\"https:\/\/www.tanssiin.fi\/wp-content\/uploads\/2025\/12\/Anna-Eriksson-lavalla-laulaa-247x300.jpg\" data-large-file=\"https:\/\/www.europesays.com\/fi\/wp-content\/uploads\/2025\/12\/Anna-Eriksson-lavalla-laulaa-841x1024.jpg\" data- src=\"https:\/\/www.europesays.com\/fi\/wp-content\/uploads\/2025\/12\/Anna-Eriksson-lavalla-laulaa-841x1024.jpg\" alt=\"Anna eriksson esiintyy lavala mustassa puvussa ja laulaa kuva kes\u00e4lt\u00e4 2025\" class=\"wp-image-67415\" \/>Anna Eriksson esiintyi kes\u00e4ll\u00e4 2025 ymp\u00e4ri Suomen menestyksekk\u00e4\u00e4sti.<\/p>\n<p><strong>Katso <\/strong>Anna Erikssonin musiikkivideo Kaikista kasvoista 2003:<\/p>\n<p>Annan perhe ei k\u00e4yt\u00e4 \u00e4lyk\u00e4nnyk\u00f6it\u00e4<\/p>\n<p>Pyh\u00e4rannan\u00a0Ihoden\u00a0kyl\u00e4ss\u00e4 varttuneen Annan esikoisalbumi\u00a0Anna Eriksson\u00a0ilmestyi vuonna 1997. Levy\u00e4 on myyty yli 81.000\u00a0kappaletta eli\u00a0tuplaplatinaa. Albumilta julkaistiin muun muassa menestyssinglet\u00a0Juliet ja Joonatan\u00a0sek\u00e4 Kes\u00e4 yhdess\u00e4. Esikoislevyn my\u00f6t\u00e4 Eriksson palkittiin vuoden naistulokkaan\u00a0Emma-patsaalla.<\/p>\n<p>H\u00e4nen tunnetuimpiin levytyksiins\u00e4 kuuluvat my\u00f6s muun muassa kappaleet\u00a0Kun katsoit minuun,\u00a0Huojuva talo\u00a0ja Kaikista kasvoista.<\/p>\n<p>Lapsi- ja perhearkea Uudessakaupungissa nykyisin el\u00e4v\u00e4 Anna tunnustaa olevansa laiska somen k\u00e4ytt\u00e4j\u00e4.<\/p>\n<p>\u201dOlen t\u00e4ysin ulkona. Minulla ei ole edes \u00e4lypuhelinta. Se aiheuttaa jo v\u00e4h\u00e4n hankaluuksia, mutta hyvin olen p\u00e4rj\u00e4nnyt t\u00e4h\u00e4n asti.\u201d<\/p>\n<blockquote>\n<p>Annan 12-vuotias poika menestyy pianistina<\/p>\n<\/blockquote>\n<p>My\u00f6skk\u00e4\u00e4n aviomiehell\u00e4 eik\u00e4 lapsella ole \u00e4lypuhelinta.<\/p>\n<p>Anna on ollut vuodesta 2008 naimisissa valokuvaja\u00a0<strong>Matti Pyyk\u00f6n\u00a0<\/strong>kanssa. Heill\u00e4 on vuonna 2013 syntynyt <strong>Jooseppi<\/strong>-poika, joka on menestynyt pianistina.<\/p>\n<p>Anna Eriksson toimii my\u00f6s itsen\u00e4isen\u00e4 elokuvantekij\u00e4n\u00e4. H\u00e4n teki\u00a0surrealistisen\u00a0elo\u00adkuvan\u00a0M, joka julkaistiin 2018 ja sai useita palkintoja. Vuonna 2020 Eriksson julkaisi taidekirjan ja piti ensimm\u00e4isen taiden\u00e4yttelyn. H\u00e4nen toinen\u00a0taide-elokuvansa\u00a0W julkaistiin vuonna 2022\u00a0ja trilogian p\u00e4\u00e4tt\u00e4v\u00e4 elokuva\u00a0E\u00a0vuonna 2025.<\/p>\n<p>Katso Anna Erikssonin keikat ja konsertit <a href=\"https:\/\/www.tanssiin.fi\/artistit\/naistahdet\/anna-eriksson\/\" title=\"Anna Eriksson\" rel=\"nofollow noopener\" target=\"_blank\">t\u00e4st\u00e4.<\/a><\/p>\n<p>Kirjoittanut:<br \/>\n<img loading=\"lazy\" data-lazyloaded=\"1\" width=\"512\" height=\"512\" decoding=\"async\" class=\"aioseo-author-image\" src=\"https:\/\/www.europesays.com\/fi\/wp-content\/uploads\/2025\/10\/cropped-tanssiin-logo.jpg\" alt=\"author avatar\"\/><\/p>\n<p>Tanssiin.fi<\/p>\n<p>\nTanssi- ja iskelm\u00e4musiikin uutiset asiantuntevasti.<\/p>\n<p><img loading=\"lazy\" decoding=\"async\" data-lazyloaded=\"1\" width=\"512\" height=\"512\" class=\"aioseo-author-bio-compact-image\" src=\"https:\/\/www.europesays.com\/fi\/wp-content\/uploads\/2025\/10\/cropped-tanssiin-logo.jpg\" alt=\"author avatar\"\/><br \/>\nTanssi- ja iskelm\u00e4musiikin uutiset asiantuntevasti.<\/p>\n<p>100%<br \/>\nIhana<\/p>\n<p>0%<br \/>\nHauska<\/p>\n<p>0%<br \/>\nVau<\/p>\n<p>0%<br \/>\nSurullinen<\/p>\n<p>0%<br \/>\nVihainen\n<\/p>\n<p>Post navigation<\/p>\n","protected":false},"excerpt":{"rendered":"Anna Eriksson, 48, viett\u00e4\u00e4 ensi vuonna 30-vuotisjuhlavuottaan. Suosittu iskelm\u00e4laulaja ja elokuvantekij\u00e4 tuli tunnetuksi osallistuttuaan vuonna 1995\u00a0television\u00a0Kiitorata-ohjelmaan. H\u00e4n oli&hellip;\n","protected":false},"author":2,"featured_media":116632,"comment_status":"","ping_status":"","sticky":false,"template":"","format":"standard","meta":{"footnotes":""},"categories":[136],"tags":[19552,4213,407,137,33,31,30,3830,625,408,3829,32,16,109],"class_list":{"0":"post-116631","1":"post","2":"type-post","3":"status-publish","4":"format-standard","5":"has-post-thumbnail","7":"category-julkkikset","8":"tag-19552","9":"tag-anna-eriksson","10":"tag-celebrities","11":"tag-entertainment","12":"tag-fi","13":"tag-finland","14":"tag-finnish","15":"tag-juhlakonsertti","16":"tag-juhlavuosi","17":"tag-julkkikset","18":"tag-konsertti","19":"tag-suomi","20":"tag-uutiset","21":"tag-viihde"},"share_on_mastodon":{"url":"https:\/\/pubeurope.com\/@fi\/115721440256312029","error":""},"_links":{"self":[{"href":"https:\/\/www.europesays.com\/fi\/wp-json\/wp\/v2\/posts\/116631","targetHints":{"allow":["GET"]}}],"collection":[{"href":"https:\/\/www.europesays.com\/fi\/wp-json\/wp\/v2\/posts"}],"about":[{"href":"https:\/\/www.europesays.com\/fi\/wp-json\/wp\/v2\/types\/post"}],"author":[{"embeddable":true,"href":"https:\/\/www.europesays.com\/fi\/wp-json\/wp\/v2\/users\/2"}],"replies":[{"embeddable":true,"href":"https:\/\/www.europesays.com\/fi\/wp-json\/wp\/v2\/comments?post=116631"}],"version-history":[{"count":0,"href":"https:\/\/www.europesays.com\/fi\/wp-json\/wp\/v2\/posts\/116631\/revisions"}],"wp:featuredmedia":[{"embeddable":true,"href":"https:\/\/www.europesays.com\/fi\/wp-json\/wp\/v2\/media\/116632"}],"wp:attachment":[{"href":"https:\/\/www.europesays.com\/fi\/wp-json\/wp\/v2\/media?parent=116631"}],"wp:term":[{"taxonomy":"category","embeddable":true,"href":"https:\/\/www.europesays.com\/fi\/wp-json\/wp\/v2\/categories?post=116631"},{"taxonomy":"post_tag","embeddable":true,"href":"https:\/\/www.europesays.com\/fi\/wp-json\/wp\/v2\/tags?post=116631"}],"curies":[{"name":"wp","href":"https:\/\/api.w.org\/{rel}","templated":true}]}}