{"id":116636,"date":"2025-12-15T03:33:19","date_gmt":"2025-12-15T03:33:19","guid":{"rendered":"https:\/\/www.europesays.com\/fi\/116636\/"},"modified":"2025-12-15T03:33:19","modified_gmt":"2025-12-15T03:33:19","slug":"persialais-levanttilaisen-ravintolan-nefer-nefer-neferin-erikoisuus-on-martini-karry","status":"publish","type":"post","link":"https:\/\/www.europesays.com\/fi\/116636\/","title":{"rendered":"Persialais-levanttilaisen ravintolan Nefer Nefer Neferin erikoisuus on Martini-k\u00e4rry"},"content":{"rendered":"<p>Joulukuun taitteessa ovensa avannut ravintola Nefer Nefer Nefer sijaitsee Erottajalla samassa osoitteessa, jossa ovat toimineet aikaisemmin esimerkiksi Lily Lee, Pastor ja Cuba. <\/p>\n<p>Viimeisimp\u00e4n\u00e4 tilassa toimi Klaus K -hotellin ravintola Monsieur K, jonka sisustus oli rempse\u00e4n kitsch. Nyt seinill\u00e4 on ruskea savimaali. Sisustuksen s\u00e4vyt ovat maanl\u00e4heisi\u00e4.<\/p>\n<p>Nefer Nefer Neferin perustaja ja toimitusjohtaja <strong>Nina Stenros-Khoshnami<\/strong> on toisen polven ravintolayritt\u00e4j\u00e4: h\u00e4nen \u00e4itins\u00e4 py\u00f6ritti aikoinaan Tampereella lounasravintolaa.<\/p>\n<p>\u201dKasvoin kodissa, jossa k\u00e4vi aina paljon vieraita ja heist\u00e4 huolehdittiin syd\u00e4mell\u00e4. Minulle vieraanvaraisuus on aina ollut t\u00e4rke\u00e4 ja luonnollinen asia, ja sit\u00e4 yrit\u00e4mme toteuttaa Neferiss\u00e4kin\u201d, Stenros-Khoshnami kertoo Avecmedialle.<\/p>\n<p>H\u00e4nen puolisonsa, monien ravintoloiden taustalta tunnettu <strong>Riku Stenros-Khoshnami<\/strong> on Neferiss\u00e4 mukana neuvonantajan roolissa, mutta ei kuulu omistajiin. Ravintolan omistaa joukko yksityishenkil\u00f6it\u00e4.<\/p>\n<p><a href=\"https:\/\/avecmedia.fi\/wp-content\/uploads\/2025\/12\/lounge.jpg\" rel=\"nofollow noopener\" target=\"_blank\"><img loading=\"lazy\" decoding=\"async\" width=\"1024\" height=\"683\" alt=\"\" class=\"wp-image-42888 lazyload\" data-eio=\"p\" src=\"https:\/\/www.europesays.com\/fi\/wp-content\/uploads\/2025\/12\/lounge-1024x683.jpg\"  data- data-eio-rwidth=\"1024\" data-eio-rheight=\"683\"\/><\/a>Neferiin kuljetaan sis\u00e4\u00e4n loungen kautta.  KUVA Jaakko Sandqvist<\/p>\n<p>Neferin k\u00e4ynnist\u00e4j\u00e4ksi palkattiin jordanialais-palestiinalainen keitti\u00f6mestari <strong>Sara Aqel<\/strong>. H\u00e4nen Jordanian Ammanissa py\u00f6ritt\u00e4m\u00e4ns\u00e4 ravintola Dara Dining on 50 Best -oppaan L\u00e4hi-id\u00e4n ja Pohjois-Afrikan alueen parhaiden ravintoloiden tuoreimmassa listauksessa k\u00e4rkikastin tuntumassa sijalla 17.<\/p>\n<p>Ty\u00f6tarjous kaukaisesta Helsingist\u00e4 avautui Instagramin kautta. Aqel ei ensin kiinnitt\u00e4nyt huomiota Nina Stenros-Khoshnamin viesteihin, koska ei tuntenut t\u00e4t\u00e4 ennalta.<\/p>\n<p>\u201dMinulle tulee Instagramissa paljon yksityisviestej\u00e4, monet niist\u00e4 feikkitileilt\u00e4. L\u00f6ysin Ninan niiden joukosta vasta siin\u00e4 vaiheessa, kun h\u00e4n parin viestin j\u00e4lkeen huhuili vastausta jo v\u00e4h\u00e4n tiukempaan s\u00e4vyyn\u201d, Aqel virnist\u00e4\u00e4.<\/p>\n<p>\u201dSen j\u00e4lkeen aloimme meilailla ja soitella. Yhteiset arvomme kohtasivat, ja tykk\u00e4sin ravintolan konseptista. T\u00e4\u00e4ll\u00e4 yhdistyv\u00e4t sek\u00e4 minun ett\u00e4 Ninan taustat, Levantti ja Persia. Tarkoitus on tuoda esiin parhaat puolet molemmista ja v\u00e4litt\u00e4\u00e4 ruoan kautta kulttuurista perint\u00f6\u00e4mme.\u201d<\/p>\n<p><a href=\"https:\/\/avecmedia.fi\/wp-content\/uploads\/2025\/12\/pari.jpg\" rel=\"nofollow noopener\" target=\"_blank\"><img loading=\"lazy\" decoding=\"async\" width=\"1024\" height=\"683\" alt=\"\" class=\"wp-image-42889 lazyload\" data-eio=\"p\" src=\"https:\/\/www.europesays.com\/fi\/wp-content\/uploads\/2025\/12\/pari-1024x683.jpg\"  data- data-eio-rwidth=\"1024\" data-eio-rheight=\"683\"\/><\/a>Nefer Nefer Neferiss\u00e4 yhdistyv\u00e4t Nina Stenros-Khoshnamin persialainen ja Sara Aqelin levanttilainen perint\u00f6. Stenros-Khoshnami py\u00f6ritt\u00e4\u00e4 lis\u00e4ksi vaatemerkki Studio Lameaa ja porvoolaista Cafe Tove -kahvilaa. KUVA Jaakko Sandqvist<\/p>\n<p>Persialainen ruokakulttuuri asettuu nykyisen Iranin alueelle. <\/p>\n<p>Levantilla viitataan V\u00e4limeren it\u00e4p\u00e4\u00e4ss\u00e4 sijaitsevaan alueeseen, jossa sijaitsevat esimerkiksi juuri Aqelin kaksi kotimaata Jordania ja Palestiina. <\/p>\n<p>Neferiss\u00e4 v\u00e4ltet\u00e4\u00e4n tietoisesti termi\u00e4 L\u00e4hi-it\u00e4, jossa voi kuulla kolonisaation kaiun.<\/p>\n<p>\u201dL\u00e4hi-it\u00e4, kenen n\u00e4k\u00f6kulmasta? Tavallaan pit\u00e4isi puhua L\u00e4nsi-Aasiasta, mutta ravintolan markkinoinnissa se saattaisi tuoda asiakkaan mieleen karamellisoidun possun\u201d, Khoshnami naurahtaa.<\/p>\n<p>Nefer Nefer Neferin ruokalistalla on pienempi\u00e4 (11-24 e) ja suurempia (23-55 e) annoksia, kuten kokonainen grillattu meribassi ja wagyu-lihasta valmistettu persialaistyylinen chenjeh-kebab. Lisukkeet (5-8 e) tilataan erikseen.<\/p>\n<p>Persialaisesta fesenj\u0101n-pataruoasta mukaillussa annoksessa on ankkaa, saksanp\u00e4hkin\u00e4\u00e4, granaattiomenan siemeni\u00e4 sek\u00e4 hiillostettua ja suolattua viikunaa.<\/p>\n<p>\u201dKokonaisuudessa hapokkuus toimii yhdess\u00e4 ankan rasvaisuuden kanssa\u201d, Aqel kuvailee.<\/p>\n<p><a href=\"https:\/\/avecmedia.fi\/wp-content\/uploads\/2025\/12\/Nefer_food_02.jpg\" rel=\"nofollow noopener\" target=\"_blank\"><img loading=\"lazy\" decoding=\"async\" width=\"819\" height=\"1024\" alt=\"\" class=\"wp-image-42884 lazyload\" data-eio=\"p\" src=\"https:\/\/www.europesays.com\/fi\/wp-content\/uploads\/2025\/12\/Nefer_food_02-819x1024.jpg\"  data- data-eio-rwidth=\"819\" data-eio-rheight=\"1024\"\/><\/a>Fesenjan-ankka ja rapeapintainen tahdig-sahramiriisi. KUVA Isabel Pohjanen<\/p>\n<p>Lautasannosten lis\u00e4ksi tarjolla on yhdeks\u00e4n ruokalajin menu (89 e).<\/p>\n<p>Aqelin ideoimalta Chef\u2019s snacks -listalta (5,50-7 e) l\u00f6ytyy esimerkiksi tatbilahummus-tartaletti.<\/p>\n<p>\u201dNe eiv\u00e4t oikeastaan ole naposteltavia, vaan enemm\u00e4nkin sellaisia pikkuannoksia, joita kokkina itse saattaisin vuoron ohessa itselleni koota. Rapeassa tartaletissa maistuu kivasti happamuus, pieni mausteisuus ja valkosipulin h\u00e4iv\u00e4hdys.\u201d<\/p>\n<p>Raaka-aineita Suomesta on ollut kohtuullisen helppo l\u00f6yt\u00e4\u00e4, Aqel kertoo.<\/p>\n<p>\u201dJos jokin pit\u00e4\u00e4 mainita, niin ehk\u00e4 tuoreista villiyrteist\u00e4 tehty\u00e4 za\u2019ataria kaipaisin viel\u00e4 t\u00e4nne\u201d, h\u00e4n sanoo levanttilaiseen mausteseokseen viitaten.<\/p>\n<p><a href=\"https:\/\/avecmedia.fi\/wp-content\/uploads\/2025\/12\/Nefer_food_01.jpg\" rel=\"nofollow noopener\" target=\"_blank\"><img loading=\"lazy\" decoding=\"async\" width=\"819\" height=\"1024\" alt=\"\" class=\"wp-image-42883 lazyload\" data-eio=\"p\" src=\"https:\/\/www.europesays.com\/fi\/wp-content\/uploads\/2025\/12\/Nefer_food_01-819x1024.jpg\"  data- data-eio-rwidth=\"819\" data-eio-rheight=\"1024\"\/><\/a>Hamachi eli keltapyrst\u00f6piikkimakrilli on saanut ymp\u00e4rilleen fattoush-lient\u00e4, karamellisoituja oliiveja ja sumakkia. KUVA Isabel Pohjanen<\/p>\n<p><a href=\"https:\/\/avecmedia.fi\/wp-content\/uploads\/2025\/12\/keittio.jpg\" rel=\"nofollow noopener\" target=\"_blank\"><img loading=\"lazy\" decoding=\"async\" width=\"1024\" height=\"683\" alt=\"\" class=\"wp-image-42885 lazyload\" data-eio=\"p\" src=\"https:\/\/www.europesays.com\/fi\/wp-content\/uploads\/2025\/12\/keittio-1024x683.jpg\"  data- data-eio-rwidth=\"1024\" data-eio-rheight=\"683\"\/><\/a>Keitti\u00f6 on tilava. KUVA Jaakko Sandqvist<\/p>\n<p>Aqel k\u00e4vi paikan p\u00e4\u00e4ll\u00e4 kouluttamassa keitti\u00f6tiimin, joka jalkauttaa nyt h\u00e4nen visiotaan k\u00e4yt\u00e4nt\u00f6\u00f6n. H\u00e4nen pestins\u00e4 Neferiss\u00e4 oli sovittu yhden kvartaalin mittaiseksi.<\/p>\n<p>\u201dT\u00e4m\u00e4 on ollut minulle ensimm\u00e4inen ravintola-avaus konsultin roolissa, ja ihan mahtava kokemus. Olen kiitollinen tiimin asenteesta. Avoin suhtautuminen on t\u00e4rke\u00e4\u00e4, kun opetellaan valmistamaan uusia ruokia.\u201d<\/p>\n<p>Neferin keitti\u00f6t\u00e4 johtaa osakas ja keitti\u00f6mestari <strong>Tom Immonen<\/strong>, joka <a href=\"https:\/\/avecmedia.fi\/ravintolat-baarit\/kovia-kokenut-ravintola-meat-district-avaa-meet-districtina-kunhan-remontti-valmistuu-vetajiksi-tom-immonen-ja-maiju-pasto\/\" rel=\"nofollow noopener\" target=\"_blank\">tunnetaan Porvoon Meet Districtist\u00e4<\/a>.<\/p>\n<p>Viineist\u00e4 vastaava sommelier <strong>Nicol\u00f2 Arnoldi<\/strong> on ty\u00f6skennellyt Helsingiss\u00e4 esimerkiksi Olossa.<\/p>\n<p>Martini-k\u00e4rry<\/p>\n<p>Neferin keitti\u00f6 on auki keskiy\u00f6h\u00f6n saakka. Torstaista lauantaihin baari on lis\u00e4ksi auki y\u00f6kahteen asti, ja musiikista vastaa dj.<\/p>\n<p>\u201dYhdist\u00e4mme persialais-levanttilaisia makuja modernin cocktailosaamisen avulla. Luomani maut eiv\u00e4t kilpaile keitti\u00f6n kanssa, vaan jatkavat tarinaa\u201d, baarimestari <strong>Mihat Mohammadi<\/strong> kuvailee.<\/p>\n<p>\u201dDrinkkej\u00e4 inspiroivat samat yrtit ja mausteet, joita k\u00e4ytet\u00e4\u00e4n persialaisessa ja levanttilaisessa ruoanlaitossa\u201d,<\/p>\n<p><a href=\"https:\/\/avecmedia.fi\/wp-content\/uploads\/2025\/12\/mihat.jpg\" rel=\"nofollow noopener\" target=\"_blank\"><img loading=\"lazy\" decoding=\"async\" width=\"1024\" height=\"683\" alt=\"\" class=\"wp-image-42886 lazyload\" data-eio=\"p\" src=\"https:\/\/www.europesays.com\/fi\/wp-content\/uploads\/2025\/12\/mihat-1024x683.jpg\"  data- data-eio-rwidth=\"1024\" data-eio-rheight=\"683\"\/><\/a>Suomessa kymmenen vuotta asunut baarimestari Mihat Mohammadi on ty\u00f6skennellyt Helsingiss\u00e4 Omadissa, Hotel Mariassa ja Chihuahua Julepissa. Alalle h\u00e4n hakeutui Turkissa, johon h\u00e4n muutti lapsena sodan jaloista synnyinmaastaan Afganistanista. KUVA Jaakko Sandqvist<\/p>\n<p><a href=\"https:\/\/avecmedia.fi\/wp-content\/uploads\/2025\/12\/distil.jpg\" rel=\"nofollow noopener\" target=\"_blank\"><img loading=\"lazy\" decoding=\"async\" width=\"1024\" height=\"683\" alt=\"\" class=\"wp-image-42882 lazyload\" data-eio=\"p\" src=\"https:\/\/www.europesays.com\/fi\/wp-content\/uploads\/2025\/12\/distil-1024x683.jpg\"  data- data-eio-rwidth=\"1024\" data-eio-rheight=\"683\"\/><\/a>Alkoholittomissa yrttitisleiss\u00e4 maistuvat esimerkiksi appelsiininkukka ja laventeli. KUVA Jaakko Sandqvist<\/p>\n<p>Mohammadi tuo p\u00f6yt\u00e4\u00e4n iranilaisvalmisteisia alkoholittomia yrttitisleit\u00e4. Maku on tuoksuun n\u00e4hden yll\u00e4tt\u00e4v\u00e4n mieto, mutta kasvaa pitk\u00e4ksi ja vivahteikkaaksi j\u00e4lkimauksi.<\/p>\n<p>\u201dN\u00e4it\u00e4 voi k\u00e4ytt\u00e4\u00e4 sek\u00e4 alkoholittomissa ett\u00e4 alkoholillisissa cocktaileissa bitterien tapaan tai sprayna tuomaan aromia. Ne sopivat my\u00f6s cordialeihin. N\u00e4ill\u00e4 vuoristoyrteist\u00e4 ja kukista valmistettavilla tisleill\u00e4 on pitk\u00e4 historia, ja aikoinaan n\u00e4it\u00e4 k\u00e4ytettiin l\u00e4\u00e4kkeen\u00e4. Niiden maku on hyvin ainutlaatuinen\u201d, Mohammadi valaisee.<\/p>\n<p>\u201dNeferin cocktaileissa hy\u00f6dynn\u00e4mme my\u00f6s yrttej\u00e4, siirappeja ja p\u00e4hkin\u00f6it\u00e4 \u2013 makuja, joiden kanssa kasvoin.\u201d<\/p>\n<p>Neferin erikoisuus on martinik\u00e4rry, jossa on puolen tusinaa erilaista gini\u00e4 ja toinen mokoma vermutteja. Sen voi rullata k\u00e4tev\u00e4sti illallisp\u00f6yd\u00e4n viereen.<\/p>\n<p>\u201dAjatus martinik\u00e4rryst\u00e4 syntyi, kun mietin tapoja, joilla vieraan saisi tuntemaan itsens\u00e4 oikeasti erityiseksi. Se lienee ensimm\u00e4inen laatuaan Suomessa. K\u00e4rry on Neferin tapa tuoda yhteen baari ja illallispuoli. Cocktailit ovat osa illallista, eiv\u00e4tk\u00e4 pelkk\u00e4 lis\u00e4 sen j\u00e4lkeen\u201d, Mohammadi sanoo.<\/p>\n<p><a href=\"https:\/\/avecmedia.fi\/wp-content\/uploads\/2025\/12\/martini2.jpg\" rel=\"nofollow noopener\" target=\"_blank\"><img loading=\"lazy\" decoding=\"async\" width=\"683\" height=\"1024\" alt=\"\" class=\"wp-image-42895 lazyload\" data-eio=\"p\" src=\"https:\/\/www.europesays.com\/fi\/wp-content\/uploads\/2025\/12\/martini2-683x1024.jpg\"  data- data-eio-rwidth=\"683\" data-eio-rheight=\"1024\"\/><\/a>Martini syntyy k\u00e4tev\u00e4sti k\u00e4rryss\u00e4. KUVA Jaakko Sandqvist<\/p>\n<p><a href=\"https:\/\/avecmedia.fi\/wp-content\/uploads\/2025\/12\/konsoli.jpg\" rel=\"nofollow noopener\" target=\"_blank\"><img loading=\"lazy\" decoding=\"async\" width=\"1024\" height=\"683\" alt=\"\" class=\"wp-image-42890 lazyload\" data-eio=\"p\" src=\"https:\/\/www.europesays.com\/fi\/wp-content\/uploads\/2025\/12\/konsoli-1024x683.jpg\"  data- data-eio-rwidth=\"1024\" data-eio-rheight=\"683\"\/><\/a>Ravintolasalin keskell\u00e4 oleva p\u00f6yt\u00e4ryhm\u00e4 on rajattu verholla omaksi sopukakseen. KUVA Jaakko Sandqvist<\/p>\n<p><a href=\"https:\/\/avecmedia.fi\/wp-content\/uploads\/2025\/12\/ulko-1.jpg\" rel=\"nofollow noopener\" target=\"_blank\"><img loading=\"lazy\" decoding=\"async\" width=\"1024\" height=\"683\" alt=\"\" class=\"wp-image-42893 lazyload\" data-eio=\"p\" src=\"https:\/\/www.europesays.com\/fi\/wp-content\/uploads\/2025\/12\/ulko-1-1024x683.jpg\"  data- data-eio-rwidth=\"1024\" data-eio-rheight=\"683\"\/><\/a>Nefer Nefer Nefer sijaitsee osoitteessa Erottajankatu 4. Ravintola on auki tiistaista lauantaihin. KUVA Jaakko Sandqvist<\/p>\n<p>Juttua korjattu 14.12.25 klo 20.16: Martini-k\u00e4rryn kohdalla puhuttiin vermuttien sijaan virheellisesti toniceista.<\/p>\n<p><strong>Lue my\u00f6s<\/strong>: <a href=\"https:\/\/avecmedia.fi\/ravintolat\/iso-ravintola-avaus-taulu-pyrkii-kansanravintolaksi-rautatieaseman-kulttuurimiljoossa\/\" rel=\"nofollow noopener\" target=\"_blank\">Iso ravintola-avaus Helsingiss\u00e4: Taulu pyrkii kansanravintolaksi rautatieaseman kulttuurimilj\u00f6\u00f6ss\u00e4<\/a><\/p>\n<p><strong>Lue my\u00f6s<\/strong>: <a href=\"https:\/\/avecmedia.fi\/ravintolat\/helsingin-karkiravintoloihin-kuuluva-olo-on-uudistunut-istuimme-syomaan-mikko-pakolan-kanssa\/\" rel=\"nofollow noopener\" target=\"_blank\">Helsingin k\u00e4rkiravintoloihin kuuluva Olo on uudistunut \u2013 istuimme sy\u00f6m\u00e4\u00e4n Mikko Pakolan kanssa<\/a><\/p>\n<p><strong>Lue my\u00f6s<\/strong>: <a href=\"https:\/\/avecmedia.fi\/baarit\/pitkan-paivan-ilta-baari-on-tampereen-kiinnostavin-avaus\/\" rel=\"nofollow noopener\" target=\"_blank\">Kaurism\u00e4kel\u00e4ist\u00e4 estetiikkaa ja vaikutteita katukulttuurista \u2013 Pitk\u00e4n P\u00e4iv\u00e4n Ilta on Tampereen kiinnostavin baariavaus<\/a><\/p>\n","protected":false},"excerpt":{"rendered":"Joulukuun taitteessa ovensa avannut ravintola Nefer Nefer Nefer sijaitsee Erottajalla samassa osoitteessa, jossa ovat toimineet aikaisemmin esimerkiksi Lily&hellip;\n","protected":false},"author":2,"featured_media":116637,"comment_status":"","ping_status":"","sticky":false,"template":"","format":"standard","meta":{"footnotes":""},"categories":[76],"tags":[79,77,33,31,30,21292,21296,21294,21295,21297,32,78,21293],"class_list":{"0":"post-116636","1":"post","2":"type-post","3":"status-publish","4":"format-standard","5":"has-post-thumbnail","7":"category-talous","8":"tag-business","9":"tag-economy","10":"tag-fi","11":"tag-finland","12":"tag-finnish","13":"tag-jaakko-sandqvist","14":"tag-mihat-mohammadi","15":"tag-nefer-nefer-nefer","16":"tag-nina-stenros-khoshnami","17":"tag-sara-aqel","18":"tag-suomi","19":"tag-talous","20":"tag-uusi-ravintola"},"share_on_mastodon":{"url":"https:\/\/pubeurope.com\/@fi\/115721483653357650","error":""},"_links":{"self":[{"href":"https:\/\/www.europesays.com\/fi\/wp-json\/wp\/v2\/posts\/116636","targetHints":{"allow":["GET"]}}],"collection":[{"href":"https:\/\/www.europesays.com\/fi\/wp-json\/wp\/v2\/posts"}],"about":[{"href":"https:\/\/www.europesays.com\/fi\/wp-json\/wp\/v2\/types\/post"}],"author":[{"embeddable":true,"href":"https:\/\/www.europesays.com\/fi\/wp-json\/wp\/v2\/users\/2"}],"replies":[{"embeddable":true,"href":"https:\/\/www.europesays.com\/fi\/wp-json\/wp\/v2\/comments?post=116636"}],"version-history":[{"count":0,"href":"https:\/\/www.europesays.com\/fi\/wp-json\/wp\/v2\/posts\/116636\/revisions"}],"wp:featuredmedia":[{"embeddable":true,"href":"https:\/\/www.europesays.com\/fi\/wp-json\/wp\/v2\/media\/116637"}],"wp:attachment":[{"href":"https:\/\/www.europesays.com\/fi\/wp-json\/wp\/v2\/media?parent=116636"}],"wp:term":[{"taxonomy":"category","embeddable":true,"href":"https:\/\/www.europesays.com\/fi\/wp-json\/wp\/v2\/categories?post=116636"},{"taxonomy":"post_tag","embeddable":true,"href":"https:\/\/www.europesays.com\/fi\/wp-json\/wp\/v2\/tags?post=116636"}],"curies":[{"name":"wp","href":"https:\/\/api.w.org\/{rel}","templated":true}]}}