{"id":116638,"date":"2025-12-15T03:34:07","date_gmt":"2025-12-15T03:34:07","guid":{"rendered":"https:\/\/www.europesays.com\/fi\/116638\/"},"modified":"2025-12-15T03:34:07","modified_gmt":"2025-12-15T03:34:07","slug":"eun-ulkoministerit-keskustelevat-tuesta-ukrainan-turvallisuusjarjestelyille-uutissuomalainen-2","status":"publish","type":"post","link":"https:\/\/www.europesays.com\/fi\/116638\/","title":{"rendered":"EU:n ulkoministerit keskustelevat tuesta Ukrainan turvallisuusj\u00e4rjestelyille | Uutissuomalainen"},"content":{"rendered":"<p>EU-maiden ulkoministerit tapaavat t\u00e4n\u00e4\u00e4n ulkoasiainneuvoston kokouksessa Brysseliss\u00e4. <\/p>\n<p><a href=\"https:\/\/valtioneuvosto.fi\/-\/eu-n-ulkoministerit-keskustelevat-venajan-hyokkayssodasta-lahi-idan-tilanteesta-seka-kiinasta\" rel=\"nofollow noopener\" target=\"_blank\">Ulkoministeri\u00f6n<\/a> mukaan p\u00f6yd\u00e4ll\u00e4 ovat muun muassa EU:n tuki Ukrainan turvallisuusj\u00e4rjestelyille sek\u00e4 L\u00e4hi-id\u00e4n tilanne ja Kiina.<\/p>\n<p>Suomea kokouksessa edustaa ulkoministeri Elina Valtonen (kok.). Valtonen kertoo ulkoministeri\u00f6n tiedotteessa Suomen pyrkiv\u00e4n edist\u00e4m\u00e4\u00e4n ratkaisua esimerkiksi Ven\u00e4j\u00e4lt\u00e4 j\u00e4\u00e4dytettyjen varojen k\u00e4ytt\u00f6\u00f6n.<\/p>\n<p>Ulkoasiainneuvoston kokouksen yhteydess\u00e4 j\u00e4rjestet\u00e4\u00e4n EU\u2013Libanon-assosiaationeuvosto sek\u00e4 EU:n ja Angolan v\u00e4linen ministerikokous.<\/p>\n","protected":false},"excerpt":{"rendered":"EU-maiden ulkoministerit tapaavat t\u00e4n\u00e4\u00e4n ulkoasiainneuvoston kokouksessa Brysseliss\u00e4. Ulkoministeri\u00f6n mukaan p\u00f6yd\u00e4ll\u00e4 ovat muun muassa EU:n tuki Ukrainan turvallisuusj\u00e4rjestelyille sek\u00e4&hellip;\n","protected":false},"author":2,"featured_media":116639,"comment_status":"","ping_status":"","sticky":false,"template":"","format":"standard","meta":{"footnotes":""},"categories":[14],"tags":[22,23,1617,26,27,33,31,30,17,70,5679,2260,24,25,28,29,15,18,21,637,32,19,20,549,56,4385,16,59,60,61],"class_list":{"0":"post-116638","1":"post","2":"type-post","3":"status-publish","4":"format-standard","5":"has-post-thumbnail","7":"category-ulkomaat","8":"tag-breaking-news","9":"tag-breakingnews","10":"tag-euroopan-unioni","11":"tag-featured-news","12":"tag-featurednews","13":"tag-fi","14":"tag-finland","15":"tag-finnish","16":"tag-headlines","17":"tag-kansainvalinen-politiikka","18":"tag-kansainvaliset-organisaatiot-ja-sopimukset","19":"tag-kansainvalisyys","20":"tag-latest-news","21":"tag-latestnews","22":"tag-main-news","23":"tag-mainnews","24":"tag-news","25":"tag-otsikot","26":"tag-paauutiset","27":"tag-politiikka","28":"tag-suomi","29":"tag-top-stories","30":"tag-topstories","31":"tag-ukrainan-sota","32":"tag-ulkomaat","33":"tag-ulkopolitiikka-ja-kansainvalinen-politiikka","34":"tag-uutiset","35":"tag-world","36":"tag-world-news","37":"tag-worldnews"},"share_on_mastodon":{"url":"","error":"Validation failed: Text character limit of 500 exceeded"},"_links":{"self":[{"href":"https:\/\/www.europesays.com\/fi\/wp-json\/wp\/v2\/posts\/116638","targetHints":{"allow":["GET"]}}],"collection":[{"href":"https:\/\/www.europesays.com\/fi\/wp-json\/wp\/v2\/posts"}],"about":[{"href":"https:\/\/www.europesays.com\/fi\/wp-json\/wp\/v2\/types\/post"}],"author":[{"embeddable":true,"href":"https:\/\/www.europesays.com\/fi\/wp-json\/wp\/v2\/users\/2"}],"replies":[{"embeddable":true,"href":"https:\/\/www.europesays.com\/fi\/wp-json\/wp\/v2\/comments?post=116638"}],"version-history":[{"count":0,"href":"https:\/\/www.europesays.com\/fi\/wp-json\/wp\/v2\/posts\/116638\/revisions"}],"wp:featuredmedia":[{"embeddable":true,"href":"https:\/\/www.europesays.com\/fi\/wp-json\/wp\/v2\/media\/116639"}],"wp:attachment":[{"href":"https:\/\/www.europesays.com\/fi\/wp-json\/wp\/v2\/media?parent=116638"}],"wp:term":[{"taxonomy":"category","embeddable":true,"href":"https:\/\/www.europesays.com\/fi\/wp-json\/wp\/v2\/categories?post=116638"},{"taxonomy":"post_tag","embeddable":true,"href":"https:\/\/www.europesays.com\/fi\/wp-json\/wp\/v2\/tags?post=116638"}],"curies":[{"name":"wp","href":"https:\/\/api.w.org\/{rel}","templated":true}]}}