{"id":116640,"date":"2025-12-15T03:35:11","date_gmt":"2025-12-15T03:35:11","guid":{"rendered":"https:\/\/www.europesays.com\/fi\/116640\/"},"modified":"2025-12-15T03:35:11","modified_gmt":"2025-12-15T03:35:11","slug":"aito-vai-ei-ihmiset-sekosivat-tamperelaisen-mirjami-aholan-suloisista-elainteoksista-jollaisen-saamiseksi-on-kahden-vuoden-jono","status":"publish","type":"post","link":"https:\/\/www.europesays.com\/fi\/116640\/","title":{"rendered":"Aito vai ei? Ihmiset sekosivat tamperelaisen Mirjami Aholan suloisista el\u00e4in\u00adteoksista, jollaisen saamiseksi on kahden vuoden jono"},"content":{"rendered":"<p>Tamperelainen Mirjami Ahola huovuttaa esimerkiksi miniatyyriel\u00e4imi\u00e4 asiakkaiden edesmenneist\u00e4 lemmikeist\u00e4. Huovutettuja el\u00e4imi\u00e4 tilataan ulkomaita my\u00f6ten.<\/p>\n<p>14.12. 16:41<\/p>\n<p class=\"article-body mb-nof-24 px-nof-16\">Aamulehti<\/p>\n<p class=\"article-body mb-nof-24 px-nof-16\">Tampereen Stockmannin jouluikkunasta kurkistaa nelj\u00e4 huovutettua el\u00e4inhahmoa. Ikkunaruudun toiselta puolelta p\u00f6rr\u00f6ist\u00e4 pupua ja kolmea myyr\u00e4\u00e4 katsova taiteilija <a class=\"article-personlink\" href=\"https:\/\/www.aamulehti.fi\/haku\/?query=Mirjami%20Ahola\" rel=\"nofollow noopener\" target=\"_blank\">Mirjami Ahola <\/a>kertoo, ett\u00e4 kun h\u00e4n n\u00e4ki teokset ensimm\u00e4ist\u00e4 kertaa jouluikkunassa Tampereen paraatipaikalla, n\u00e4ky\u00e4 oli vaikea usko.<\/p>\n","protected":false},"excerpt":{"rendered":"Tamperelainen Mirjami Ahola huovuttaa esimerkiksi miniatyyriel\u00e4imi\u00e4 asiakkaiden edesmenneist\u00e4 lemmikeist\u00e4. Huovutettuja el\u00e4imi\u00e4 tilataan ulkomaita my\u00f6ten. 14.12. 16:41 Aamulehti Tampereen&hellip;\n","protected":false},"author":2,"featured_media":116641,"comment_status":"","ping_status":"","sticky":false,"template":"","format":"standard","meta":{"footnotes":""},"categories":[12],"tags":[157,22,23,26,27,33,31,30,17,24,25,28,29,15,18,21,32,19,20,16],"class_list":{"0":"post-116640","1":"post","2":"type-post","3":"status-publish","4":"format-standard","5":"has-post-thumbnail","7":"category-suomi","8":"tag-aamulehti","9":"tag-breaking-news","10":"tag-breakingnews","11":"tag-featured-news","12":"tag-featurednews","13":"tag-fi","14":"tag-finland","15":"tag-finnish","16":"tag-headlines","17":"tag-latest-news","18":"tag-latestnews","19":"tag-main-news","20":"tag-mainnews","21":"tag-news","22":"tag-otsikot","23":"tag-paauutiset","24":"tag-suomi","25":"tag-top-stories","26":"tag-topstories","27":"tag-uutiset"},"share_on_mastodon":{"url":"https:\/\/pubeurope.com\/@fi\/115721491238545755","error":""},"_links":{"self":[{"href":"https:\/\/www.europesays.com\/fi\/wp-json\/wp\/v2\/posts\/116640","targetHints":{"allow":["GET"]}}],"collection":[{"href":"https:\/\/www.europesays.com\/fi\/wp-json\/wp\/v2\/posts"}],"about":[{"href":"https:\/\/www.europesays.com\/fi\/wp-json\/wp\/v2\/types\/post"}],"author":[{"embeddable":true,"href":"https:\/\/www.europesays.com\/fi\/wp-json\/wp\/v2\/users\/2"}],"replies":[{"embeddable":true,"href":"https:\/\/www.europesays.com\/fi\/wp-json\/wp\/v2\/comments?post=116640"}],"version-history":[{"count":0,"href":"https:\/\/www.europesays.com\/fi\/wp-json\/wp\/v2\/posts\/116640\/revisions"}],"wp:featuredmedia":[{"embeddable":true,"href":"https:\/\/www.europesays.com\/fi\/wp-json\/wp\/v2\/media\/116641"}],"wp:attachment":[{"href":"https:\/\/www.europesays.com\/fi\/wp-json\/wp\/v2\/media?parent=116640"}],"wp:term":[{"taxonomy":"category","embeddable":true,"href":"https:\/\/www.europesays.com\/fi\/wp-json\/wp\/v2\/categories?post=116640"},{"taxonomy":"post_tag","embeddable":true,"href":"https:\/\/www.europesays.com\/fi\/wp-json\/wp\/v2\/tags?post=116640"}],"curies":[{"name":"wp","href":"https:\/\/api.w.org\/{rel}","templated":true}]}}