{"id":116653,"date":"2025-12-15T04:01:09","date_gmt":"2025-12-15T04:01:09","guid":{"rendered":"https:\/\/www.europesays.com\/fi\/116653\/"},"modified":"2025-12-15T04:01:09","modified_gmt":"2025-12-15T04:01:09","slug":"sarah-dzafce-menetti-kruununsa-suorassa-lahetyksessa-kertoo-nyt-mita-kulisseissa-tapahtui","status":"publish","type":"post","link":"https:\/\/www.europesays.com\/fi\/116653\/","title":{"rendered":"Sarah Dzafce menetti kruununsa suorassa l\u00e4hetyksess\u00e4 \u2013 kertoo nyt, mit\u00e4 kulisseissa tapahtui"},"content":{"rendered":"<p>Sarah Dzafce haluaa suojella kohukuvan postannutta yst\u00e4v\u00e4\u00e4ns\u00e4. Mahdollisia Kiina-yhteyksi\u00e4 h\u00e4n ei halua kommentoida.<\/p>\n<p>Miss Suomi menetti tittelins\u00e4 &#8211; t\u00e4t\u00e4 mielt\u00e4 ovat kansalaiset<\/p>\n<p class=\"article-body mb-nof-24 px-nof-16\">Kuopiosta l\u00e4ht\u00f6isin oleva <a class=\"article-personlink\" href=\"https:\/\/www.is.fi\/haku\/?query=Sarah%20Dzafce\" rel=\"nofollow noopener\" target=\"_blank\">Sarah Dzafce <\/a>menetti Miss Suomen kruununsa rasismikohun seurauksena viime torstaina. Viikonloppuna h\u00e4n vastasi puhelimeen, mutta mietti sanojaan hyvin tarkkaan.<\/p>\n<p class=\"article-body mb-nof-24 px-nof-16\">\u2013 Voin hyvin. Olen saanut hyvin paljon tukea ja apua t\u00e4h\u00e4n vaikeaan tilanteeseen. Vahvat tunnereaktiot k\u00e4ytiin l\u00e4pi tuntia ennen lehdist\u00f6tilaisuutta. Se oli koskettava hetki meille kaikille paikalla olleille. Silloin k\u00e4vin kaikki tunteet l\u00e4pi, mutta olen pystynyt aina toimimaan hyvin paineen alla, Sarah Dzafce aloittaa.<\/p>\n<p class=\"article-body mb-nof-24 px-nof-16\">Miss Suomi -organisaatio on tarjonnut Dzafcelle mahdollisuutta terapiapalveluihin, mutta ainakin toistaiseksi Dzafce kokee, ettei sit\u00e4 tarvitse.<\/p>\n<p class=\"article-body mb-nof-24 px-nof-16\">\u2013 Uskon, ett\u00e4 turvaudun l\u00e4heisiin t\u00e4ss\u00e4 asiassa. Perhe on ollut minulle iso tuki. Olen saanut tukea niin Suomesta kuin ymp\u00e4ri maailmaa, Dzafce kertoo.<\/p>\n<p class=\"article-body mb-nof-24 px-nof-16\">Monet ovat keskustelupalstoilla ihmetelleet, miksi Dzafce joutui median eteen heti sen j\u00e4lkeen, kun h\u00e4nelt\u00e4 vietiin Miss Suomen titteli ja kruunu. P\u00e4\u00e4t\u00f6s oli t\u00e4ysin Dzafcen, koska h\u00e4n haluaa jatkaa my\u00f6s tulevaisuudessa el\u00e4m\u00e4\u00e4 julkisuudessa.<\/p>\n<p class=\"article-body mb-nof-24 px-nof-16\">\u2013 Lehdist\u00f6n eteen saapuminen oli minulle todella vaikea paikka, mutta en miettinyt hetke\u00e4k\u00e4\u00e4n, ett\u00e4 olisin j\u00e4tt\u00e4nyt lehdist\u00f6tilaisuuden v\u00e4liin, koska haluan ottaa vastuun siit\u00e4, mit\u00e4 olen tehnyt. Minulla ei ole mit\u00e4\u00e4n vihaa missiorganisaatiota tai ket\u00e4\u00e4n kohtaan. Minulla on hyv\u00e4t v\u00e4lit uuden Miss Suomen<a class=\"article-personlink\" href=\"https:\/\/www.is.fi\/haku\/?query=%20Taran\" rel=\"nofollow noopener\" target=\"_blank\"> Taran<\/a> (Lehtonen) ja perint\u00f6prinsessan <a class=\"article-personlink\" href=\"https:\/\/www.is.fi\/haku\/?query=Juliannan\" rel=\"nofollow noopener\" target=\"_blank\">Juliannan<\/a> (Kauhaniemi) kanssa. Olemme yst\u00e4vi\u00e4, eik\u00e4 t\u00e4m\u00e4 muuta suhdettani heihin.<\/p>\n<p><img decoding=\"async\" src=\"https:\/\/www.europesays.com\/fi\/wp-content\/uploads\/2025\/12\/1765771269_6_468.jpg\" alt=\"Sarah Dzafce kertoo saaneensa perheelt\u00e4\u00e4n tukea.\" class=\"_Img_1rerz_1\" style=\"aspect-ratio:1.5\" loading=\"eager\"\/><\/p>\n<p class=\"article-picture-caption\">Sarah Dzafce kertoo saaneensa perheelt\u00e4\u00e4n tukea. Kuva:\u00a0Ivan Bessedin<\/p>\n<p class=\"article-body mb-nof-24 px-nof-16\">Kohu sai alkunsa, kun yst\u00e4v\u00e4 julkaisi Dzafcesta kuvan, jossa h\u00e4n venyttelee silmi\u00e4\u00e4n. Kuva koettiin hyvin rasistisena. Kuvan julkaisseesta yst\u00e4v\u00e4st\u00e4 ei juurikaan tiedet\u00e4 mit\u00e4\u00e4n.<\/p>\n<p class=\"article-body mb-nof-24 px-nof-16\">\u2013 Haluan suojella yst\u00e4v\u00e4\u00e4ni. En halua, ett\u00e4 h\u00e4n joutuu hirvitt\u00e4v\u00e4n vihan kohteeksi, mit\u00e4 itse koen t\u00e4ll\u00e4 hetkell\u00e4. Min\u00e4 otan kaiken vihan vastaan ja suojelen yst\u00e4v\u00e4\u00e4ni kaikin mahdollisin keinoin. Minulla ei ole mit\u00e4\u00e4n syyt\u00e4 tuoda yst\u00e4v\u00e4\u00e4ni julkisuuteen.<\/p>\n<p class=\"article-body mb-nof-24 px-nof-16\">Jatkuuko teid\u00e4n yst\u00e4vyytenne viel\u00e4 kohunkin j\u00e4lkeen?<\/p>\n<p class=\"article-body mb-nof-24 px-nof-16\">\u2013 En kommentoi, Dzafce tyytyy sanomaan.<\/p>\n<p class=\"article-body mb-nof-24 px-nof-16\">Lehdist\u00f6tilaisuuden j\u00e4lkeen Dzafce on jatkanut el\u00e4m\u00e4\u00e4 l\u00e4hes normaalisti p\u00e4\u00e4kaupunkiseudulla. H\u00e4n ei ole antanut muutamaa poikkeusta lukuun ottamatta haastatteluita medioille. H\u00e4n ei ole my\u00f6sk\u00e4\u00e4n p\u00e4ivitt\u00e4nyt sosiaalista mediaa. Kuopiossa h\u00e4n ei ole k\u00e4ynyt vanhempiensa luona, mutta on ollut muuten yhteydess\u00e4 l\u00e4heisiins\u00e4.<\/p>\n<p class=\"article-body mb-nof-24 px-nof-16\">\u2013 Olen ottanut huomioon vihan ja siit\u00e4 koituvat turvallisuusriskit, kun olen jatkanut el\u00e4m\u00e4\u00e4 kruunun menett\u00e4misen j\u00e4lkeen, Dzafce sanoo.<\/p>\n<p class=\"article-body mb-nof-24 px-nof-16\">Dzafce on saanut tsemppiviestien lis\u00e4ksi suuren m\u00e4\u00e4r\u00e4n vihaviestej\u00e4.<\/p>\n<p class=\"article-body mb-nof-24 px-nof-16\">\u2013 Ne ovat olleet todella ik\u00e4vi\u00e4, mutta en anna niille liikaa valtaa. En ole ollut my\u00f6sk\u00e4\u00e4n yhteydess\u00e4 poliisiin. Viestit ovat olleet suoranaisia vihakommentteja, Dzafce kertoo.<\/p>\n<p class=\"article-body mb-nof-24 px-nof-16\">\u2013 En ole reagoinut vihaviesteihin juuri ollenkaan. Keskityn siihen, ett\u00e4 menen eteenp\u00e4in el\u00e4m\u00e4ss\u00e4ni urallani. En ole ikin\u00e4 antanut negatiivisuudelle likaa valtaa p\u00e4\u00e4ss\u00e4ni.<\/p>\n<p class=\"article-body mb-nof-24 px-nof-16\">Dzafce painottaa, ett\u00e4 h\u00e4n haluaa taistella rasismia vastaan.<\/p>\n<p class=\"article-body mb-nof-24 px-nof-16\">\u2013 En ole miss\u00e4\u00e4n m\u00e4\u00e4rin rasistinen ihminen, en edes vitsill\u00e4. Siksi t\u00e4m\u00e4 kohu on todella ik\u00e4v\u00e4.<\/p>\n<blockquote class=\"citation\">\n<p>\u201d<\/p>\n<p>En ole miss\u00e4\u00e4n m\u00e4\u00e4rin rasistinen ihminen, en edes vitsill\u00e4.<\/p>\n<\/blockquote>\n<p><img decoding=\"async\" src=\"https:\/\/www.europesays.com\/fi\/wp-content\/uploads\/2025\/12\/1765771269_127_468.jpg\" alt=\"Tara Lehtosesta tuli uusi Miss Suomi. Dzafcen mukaan kaksikon v\u00e4lit ovat hyv\u00e4t.\" class=\"_Img_1rerz_1\" style=\"aspect-ratio:1.5\" loading=\"eager\"\/><\/p>\n<p class=\"article-picture-caption\">Tara Lehtosesta tuli uusi Miss Suomi. Dzafcen mukaan kaksikon v\u00e4lit ovat hyv\u00e4t. Kuva:\u00a0Ivan Bessedin<\/p>\n<p class=\"article-body mb-nof-24 px-nof-16\">Kohu on noussut uutisiin ymp\u00e4ri maailmaa. Viimeisimp\u00e4n\u00e4 kohusta on <a class=\"article-genericlink\" href=\"https:\/\/www.is.fi\/viihde\/art-2000011690860.html\" rel=\"nofollow noopener\" target=\"_blank\">uutisoitu<\/a> Japanissa, Britanniassa ja Kosovossa.<\/p>\n<p class=\"article-body mb-nof-24 px-nof-16\">Millaisia tunteita kansainv\u00e4linen kohu her\u00e4tt\u00e4\u00e4?<\/p>\n<p class=\"article-body mb-nof-24 px-nof-16\">\u2013 En osaa vastata tuohon mit\u00e4\u00e4n. K\u00e4sittelen kaikki asiat ajan kanssa.<\/p>\n<p class=\"article-body mb-nof-24 px-nof-16\">Julkisuudesta Dzafce ei tule vet\u00e4ytym\u00e4\u00e4n, vaan h\u00e4nt\u00e4 kiinnostaa jatkossa tehd\u00e4 t\u00f6it\u00e4 niin sosiaalisen median puolella kuin esiintymisalallakin.<\/p>\n<p class=\"article-body mb-nof-24 px-nof-16\">\u2013 Jatkan el\u00e4m\u00e4\u00e4 eteenp\u00e4in ja l\u00e4hden rakentamaan uusia tavoitteita, Dzafce kertoo.<\/p>\n<p class=\"article-body mb-nof-24 px-nof-16\">Lue lis\u00e4\u00e4: <a class=\"article-genericlink\" href=\"https:\/\/www.is.fi\/kotimaa\/art-2000011690429.html\" rel=\"nofollow noopener\" target=\"_blank\">Oliko Miss Suomen anteeksi\u00adpyynt\u00f6\u00advideo Kiinan operaatio? Asian\u00adtuntija arvioi<\/a><\/p>\n<p class=\"article-body mb-nof-24 px-nof-16\">Ilta-Sanomat <a class=\"article-genericlink\" href=\"https:\/\/www.is.fi\/viihde\/art-2000011685450.html\" rel=\"nofollow noopener\" target=\"_blank\">uutisoi<\/a> perjantaina <a class=\"article-personlink\" href=\"https:\/\/www.is.fi\/haku\/?query=Meiqi%20Qiu\" rel=\"nofollow noopener\" target=\"_blank\">Meiqi Qiu<\/a> -nimisest\u00e4 kiinalaisnaisesta, joka esitt\u00e4ytyi lehdist\u00f6tilaisuudessa Helsinki Times -julkaisun toimittajana. My\u00f6hemmin IS:n selvityksess\u00e4 k\u00e4vi ilmi, ettei h\u00e4n ollut kyseisen median toimittaja ja h\u00e4nen taustastaan paljastui ep\u00e4selvyyksi\u00e4. Qiu kuvasi Dzafcesta videon, jossa Dzafce pantiin esitt\u00e4m\u00e4\u00e4n anteeksipyynt\u00f6 kiinaksi.<\/p>\n<p class=\"article-body mb-nof-24 px-nof-16\">Euroopan hybridiuhkien torjunnan osaamiskeskuksen johtaja <a class=\"article-personlink\" href=\"https:\/\/www.is.fi\/haku\/?query=Teija%20Tiilikainen\" rel=\"nofollow noopener\" target=\"_blank\">Teija Tiilikainen<\/a> <a class=\"article-genericlink\" href=\"https:\/\/www.is.fi\/kotimaa\/art-2000011690429.html\" rel=\"nofollow noopener\" target=\"_blank\">arvioi <\/a>Ylen Ykk\u00f6saamussa lauantaina, ett\u00e4 on mahdollista, ett\u00e4 Dzafcen anteeksipyynt\u00f6video voidaan irrottaa kontekstista ja k\u00e4ytt\u00e4\u00e4 sit\u00e4 valtiollisiin tarkoituksiin.<\/p>\n<p class=\"article-body mb-nof-24 px-nof-16\">Dzafce ei halua ottaa kantaa mahdollisiin Kiina-yhteyksiin.<\/p>\n<p class=\"article-body mb-nof-24 px-nof-16\">\u2013 Olen vastannut niihin kysymyksiin, joihin haluan t\u00e4ss\u00e4 vaiheessa kommentoida. Muita kommentteja minulla ei ole, Dzafce toteaa.<\/p>\n<p class=\"article-body mb-nof-24 px-nof-16\">T\u00e4ss\u00e4 vaiheessa h\u00e4n ei my\u00f6sk\u00e4\u00e4n halua ottaa kantaa, onko h\u00e4n saanut suoria yhteydenottoja kiinalaisilta tahoilta.<\/p>\n","protected":false},"excerpt":{"rendered":"Sarah Dzafce haluaa suojella kohukuvan postannutta yst\u00e4v\u00e4\u00e4ns\u00e4. Mahdollisia Kiina-yhteyksi\u00e4 h\u00e4n ei halua kommentoida. Miss Suomi menetti tittelins\u00e4 &#8211;&hellip;\n","protected":false},"author":2,"featured_media":116654,"comment_status":"","ping_status":"","sticky":false,"template":"","format":"standard","meta":{"footnotes":""},"categories":[12],"tags":[22,23,26,27,33,31,30,17,34,24,25,28,29,15,18,21,32,19,20,16],"class_list":{"0":"post-116653","1":"post","2":"type-post","3":"status-publish","4":"format-standard","5":"has-post-thumbnail","7":"category-suomi","8":"tag-breaking-news","9":"tag-breakingnews","10":"tag-featured-news","11":"tag-featurednews","12":"tag-fi","13":"tag-finland","14":"tag-finnish","15":"tag-headlines","16":"tag-ilta-sanomat","17":"tag-latest-news","18":"tag-latestnews","19":"tag-main-news","20":"tag-mainnews","21":"tag-news","22":"tag-otsikot","23":"tag-paauutiset","24":"tag-suomi","25":"tag-top-stories","26":"tag-topstories","27":"tag-uutiset"},"share_on_mastodon":{"url":"https:\/\/pubeurope.com\/@fi\/115721593739375389","error":""},"_links":{"self":[{"href":"https:\/\/www.europesays.com\/fi\/wp-json\/wp\/v2\/posts\/116653","targetHints":{"allow":["GET"]}}],"collection":[{"href":"https:\/\/www.europesays.com\/fi\/wp-json\/wp\/v2\/posts"}],"about":[{"href":"https:\/\/www.europesays.com\/fi\/wp-json\/wp\/v2\/types\/post"}],"author":[{"embeddable":true,"href":"https:\/\/www.europesays.com\/fi\/wp-json\/wp\/v2\/users\/2"}],"replies":[{"embeddable":true,"href":"https:\/\/www.europesays.com\/fi\/wp-json\/wp\/v2\/comments?post=116653"}],"version-history":[{"count":0,"href":"https:\/\/www.europesays.com\/fi\/wp-json\/wp\/v2\/posts\/116653\/revisions"}],"wp:featuredmedia":[{"embeddable":true,"href":"https:\/\/www.europesays.com\/fi\/wp-json\/wp\/v2\/media\/116654"}],"wp:attachment":[{"href":"https:\/\/www.europesays.com\/fi\/wp-json\/wp\/v2\/media?parent=116653"}],"wp:term":[{"taxonomy":"category","embeddable":true,"href":"https:\/\/www.europesays.com\/fi\/wp-json\/wp\/v2\/categories?post=116653"},{"taxonomy":"post_tag","embeddable":true,"href":"https:\/\/www.europesays.com\/fi\/wp-json\/wp\/v2\/tags?post=116653"}],"curies":[{"name":"wp","href":"https:\/\/api.w.org\/{rel}","templated":true}]}}