{"id":116655,"date":"2025-12-15T04:02:09","date_gmt":"2025-12-15T04:02:09","guid":{"rendered":"https:\/\/www.europesays.com\/fi\/116655\/"},"modified":"2025-12-15T04:02:09","modified_gmt":"2025-12-15T04:02:09","slug":"marokon-tuhoisissa-akkitulvissa-kuoli-21-uutisia-lyhyesti","status":"publish","type":"post","link":"https:\/\/www.europesays.com\/fi\/116655\/","title":{"rendered":"Marokon tuhoisissa \u00e4kkitulvissa kuoli 21 | Uutisia lyhyesti"},"content":{"rendered":"<p>14.12. 23:49\u2022P\u00e4ivitetty 4:32<\/p>\n<p class=\"aw-1gybjub aw-1p7kakr kEtdKx cEmitX yle__article__paragraph\">Ainakin 21 ihmist\u00e4 kuoli ja 32 loukkaantui \u00e4kkitulvissa Marokossa sunnuntaina. Suurin osa loukkaantuneista on jo kotiutunut sairaalasta, kertovat paikalliset viranomaiset.<\/p>\n<p class=\"aw-1gybjub aw-1p7kakr kEtdKx cEmitX yle__article__paragraph\">Viranomaisten mukaan tunnin kest\u00e4nyt rankkasade aiheutti kymmenien kotien ja liikkeiden tulvimisen ja katkaisi useita teit\u00e4 Safin provinssissa Marokon l\u00e4nsirannikolla.<\/p>\n<p class=\"aw-1gybjub aw-1p7kakr kEtdKx cEmitX yle__article__paragraph\">Pelastusty\u00f6t paikalla jatkuvat.<\/p>\n<p class=\"aw-1gybjub aw-1p7kakr kEtdKx cEmitX yle__article__paragraph\">L\u00e4hde: Reuters, AFP<\/p>\n<p class=\"aw-1gybjub aw-1p7kakr kEtdKx cEmitX yle__article__paragraph\">Uutista p\u00e4ivitetty 15.12. klo 4.32: P\u00e4ivitetty uhrien lukum\u00e4\u00e4r\u00e4\u00e4.<\/p>\n","protected":false},"excerpt":{"rendered":"14.12. 23:49\u2022P\u00e4ivitetty 4:32 Ainakin 21 ihmist\u00e4 kuoli ja 32 loukkaantui \u00e4kkitulvissa Marokossa sunnuntaina. Suurin osa loukkaantuneista on jo&hellip;\n","protected":false},"author":2,"featured_media":74,"comment_status":"","ping_status":"","sticky":false,"template":"","format":"standard","meta":{"footnotes":""},"categories":[5],"tags":[21301,22,23,26,27,33,31,30,17,24,25,28,29,13099,15,837,18,21,32,19,20,56,16],"class_list":{"0":"post-116655","1":"post","2":"type-post","3":"status-publish","4":"format-standard","5":"has-post-thumbnail","7":"category-otsikot","8":"tag-akilliset-tulvat","9":"tag-breaking-news","10":"tag-breakingnews","11":"tag-featured-news","12":"tag-featurednews","13":"tag-fi","14":"tag-finland","15":"tag-finnish","16":"tag-headlines","17":"tag-latest-news","18":"tag-latestnews","19":"tag-main-news","20":"tag-mainnews","21":"tag-marokko","22":"tag-news","23":"tag-onnettomuudet","24":"tag-otsikot","25":"tag-paauutiset","26":"tag-suomi","27":"tag-top-stories","28":"tag-topstories","29":"tag-ulkomaat","30":"tag-uutiset"},"share_on_mastodon":{"url":"https:\/\/pubeurope.com\/@fi\/115721597273002973","error":""},"_links":{"self":[{"href":"https:\/\/www.europesays.com\/fi\/wp-json\/wp\/v2\/posts\/116655","targetHints":{"allow":["GET"]}}],"collection":[{"href":"https:\/\/www.europesays.com\/fi\/wp-json\/wp\/v2\/posts"}],"about":[{"href":"https:\/\/www.europesays.com\/fi\/wp-json\/wp\/v2\/types\/post"}],"author":[{"embeddable":true,"href":"https:\/\/www.europesays.com\/fi\/wp-json\/wp\/v2\/users\/2"}],"replies":[{"embeddable":true,"href":"https:\/\/www.europesays.com\/fi\/wp-json\/wp\/v2\/comments?post=116655"}],"version-history":[{"count":0,"href":"https:\/\/www.europesays.com\/fi\/wp-json\/wp\/v2\/posts\/116655\/revisions"}],"wp:featuredmedia":[{"embeddable":true,"href":"https:\/\/www.europesays.com\/fi\/wp-json\/wp\/v2\/media\/74"}],"wp:attachment":[{"href":"https:\/\/www.europesays.com\/fi\/wp-json\/wp\/v2\/media?parent=116655"}],"wp:term":[{"taxonomy":"category","embeddable":true,"href":"https:\/\/www.europesays.com\/fi\/wp-json\/wp\/v2\/categories?post=116655"},{"taxonomy":"post_tag","embeddable":true,"href":"https:\/\/www.europesays.com\/fi\/wp-json\/wp\/v2\/tags?post=116655"}],"curies":[{"name":"wp","href":"https:\/\/api.w.org\/{rel}","templated":true}]}}