{"id":116656,"date":"2025-12-15T04:14:08","date_gmt":"2025-12-15T04:14:08","guid":{"rendered":"https:\/\/www.europesays.com\/fi\/116656\/"},"modified":"2025-12-15T04:14:08","modified_gmt":"2025-12-15T04:14:08","slug":"selviytyjat-suomi-voittaja-saana-akiola-paljastaa-ystavyyssuhteet-ja-voiton-salaisuudet","status":"publish","type":"post","link":"https:\/\/www.europesays.com\/fi\/116656\/","title":{"rendered":"Selviytyj\u00e4t Suomi -voittaja Saana Akiola paljastaa yst\u00e4vyyssuhteet ja voiton salaisuudet"},"content":{"rendered":"<p>\n            Selviytyj\u00e4t Suomi. Saana Akiola. Timo Korhonen<br \/>\n            Timo Korhonen\n        <\/p>\n<p class=\"subtitle \">Selviytyj\u00e4t Suomi -kauden voittanut Saana Akiola paljastaa, kenen kisatoverin kanssa syntyi kiintein yst\u00e4vyys.<\/p>\n<p class=\"article-content article-content-width !bg-background\">Selviytyj\u00e4t Suomi -kauden voittajaksi ja 30 000 euron palkinnon vastaanottajaksi julistettiin lopulta . H\u00e4n on tullut tunnetuksi muun muassa Tanssii t\u00e4htien kanssa -kisan tanssivalmentajana.<\/p>\n<p class=\"italic m-italic font-weight-bold m-font-weight-bold article-content article-content-width !bg-background\">Video: Kisapari Saana ja Laura Akiola selvisi yhdess\u00e4 lopulta Selviytyj\u00e4t-kauden finaalijaksoon asti<\/p>\n<p class=\"article-content article-content-width !bg-background\">Kauden voitosta p\u00e4\u00e4tt\u00e4\u00e4 aina neuvosto, joka koostuu Selviytyj\u00e4t Suomi -kauden loppuvaiheessa pudonneista kilpailijoista. Saana ei ollut ollenkaan varma mahdollisuuksistaan edes ollessaan kaimansa  kanssa viimeisen\u00e4 mukana ja neuvoston grillattavana.<\/p>\n<p class=\"article-content article-content-width !bg-background\">\u2013 Ajattelin, ett\u00e4 Saana B. voittaa ihan varmasti ja sitten p\u00e4\u00e4st\u00e4\u00e4n viimeinkin himaan, Saana A. kuvailee.<\/p>\n<p>        <a itemprop=\"url\" href=\"https:\/\/www.seiska.fi\/katso\/onko-tassa-selviytyjat-suomen-ennakkosuosikki\/2014872\" rel=\"nofollow noopener\" target=\"_blank\"><\/p>\n<p>\nSelviytyj\u00e4t Suomi\n<\/p>\n<p class=\"section-date\">\n        <strong class=\"article-section\" data-section=\"katso\"><br \/>\n            katso<br \/>\n        <\/strong><br \/>\n        8.12. 12:15\n    <\/p>\n<p>Onko t\u00e4ss\u00e4 Selviytyj\u00e4t Suomen ennakkosuosikki?\n    <\/p>\n<p itemprop=\"description\" class=\"subtitle \">\n    Selviytyj\u00e4t Suomessa on j\u00e4ljell\u00e4 viel\u00e4 kolme kilpailijaa, joista osaa syytet\u00e4\u00e4n toksisiksi.\n<\/p>\n<p>        <\/a><\/p>\n<p>Saana B:ll\u00e4 oli vetoava tarina<\/p>\n<p class=\"article-content article-content-width !bg-background\">Ennen kaikkea Saana on j\u00e4lkeen p\u00e4in onnellinen siit\u00e4, ett\u00e4 yht\u00e4 vaille kaikki \u00e4\u00e4nestiv\u00e4t h\u00e4nen voittonsa puolesta.<\/p>\n<p class=\"article-content article-content-width !bg-background\">\u2013 Min\u00e4 kun ounastelin, ett\u00e4 olen pett\u00e4nyt niin montaa kisassa, etteiv\u00e4t he ikin\u00e4 tule \u00e4\u00e4nest\u00e4m\u00e4\u00e4n minua! Saana kertoo.<\/p>\n<p>        <a itemprop=\"url\" href=\"https:\/\/www.seiska.fi\/katso\/vivi-wahlstrom-paljastaa-tasta-syysta-han-jatti-salkkarit\/1899087\" rel=\"nofollow noopener\" target=\"_blank\"><\/p>\n<p>\nVivi Wahlstr\u00f6m:\n<\/p>\n<p class=\"section-date\">\n        <strong class=\"article-section\" data-section=\"katso\"><br \/>\n            katso<br \/>\n        <\/strong><br \/>\n        14.8. 09:15\n    <\/p>\n<p>Vivi Wahlstr\u00f6m paljastaa: t\u00e4st\u00e4 syyst\u00e4 h\u00e4n j\u00e4tti Salkkarit\n    <\/p>\n<p itemprop=\"description\" class=\"subtitle \">\n    Salatut el\u00e4m\u00e4t -t\u00e4hti kisaa nyt Selviytyj\u00e4t Suomessa.\n<\/p>\n<p>        <\/a><\/p>\n<p class=\"article-content article-content-width !bg-background\">My\u00f6s Saana B:n tarina oli kuin voittoon tehty Saana A:n mielest\u00e4.<\/p>\n<p class=\"article-content article-content-width !bg-background\">\u2013 H\u00e4n menetti parinsa () heti ensimm\u00e4isess\u00e4 pudotuksessa ja oli joutunut selvi\u00e4m\u00e4\u00e4n yksin. H\u00e4n on my\u00f6s aivan ihana porilainen nuori nainen! Siskoni Lauran j\u00e4lkeen olisin toivonut voittoa juuri h\u00e4nelle, Saana ylist\u00e4\u00e4 kaimaansa.<\/p>\n<p>Voiton salaisuus?<\/p>\n<p class=\"article-content article-content-width !bg-background\">Mik\u00e4 sitten oli Saanan itsens\u00e4 mielest\u00e4 voiton salaisuus?<\/p>\n<p class=\"article-content article-content-width !bg-background\">\u2013 Min\u00e4 en tied\u00e4! Kysyin  (), ett\u00e4 miksi he \u00e4\u00e4nestiv\u00e4t  () kanssa minua, vaikka heill\u00e4 oli niin vahva liitto Saana B:n kanssa. H\u00e4n vain kommentoi, ett\u00e4 totta kai he \u00e4\u00e4nestiv\u00e4t minua, Saana kertoo.<\/p>\n<p class=\"article-content article-content-width !bg-background\">\u2013 En ole itse asiassa kysellyt sen tarkemmin asiasta. Minulla on sellainen tuntemus, ett\u00e4 he kaikki vain halusivat suoda t\u00e4m\u00e4n kaiken minulle, Saana py\u00f6rittelee.<\/p>\n<p>        <a itemprop=\"url\" href=\"https:\/\/www.seiska.fi\/katso\/saana-akiola-romahtaa-selviytyjat-suomessa-on-ollut-sikavaikeeta\/1964987\" rel=\"nofollow noopener\" target=\"_blank\"><\/p>\n<p>\nSelviytyj\u00e4t Suomi\n<\/p>\n<p class=\"section-date\">\n        <strong class=\"article-section\" data-section=\"katso\"><br \/>\n            katso<br \/>\n        <\/strong><br \/>\n        17.10. 06:15\n    <\/p>\n<p>Saana Akiola romahtaa Selviytyj\u00e4t Suomessa: \u201cOn ollut sikavaikeeta\u201d\n    <\/p>\n<p itemprop=\"description\" class=\"subtitle \">\n    Yll\u00e4tt\u00e4v\u00e4 k\u00e4\u00e4nne Selviytyj\u00e4t Suomessa tuo tunteet pintaan.\n<\/p>\n<p>        <\/a><\/p>\n<p class=\"article-content article-content-width !bg-background\">Heimon suorittama loppuhaastattelu ratkaisi paljon.<\/p>\n<p class=\"article-content article-content-width !bg-background\">\u2013 Saana B. j\u00e4nnitti sit\u00e4 tosi paljon ja v\u00e4h\u00e4n ehk\u00e4 j\u00e4\u00e4tyi. Olin ajatellut, ett\u00e4 h\u00e4n vain aukaisee suunsa ja hurmaa kaikki. Min\u00e4 saatoin vastailla v\u00e4h\u00e4n sujuvammin, Saana A. arvelee.<\/p>\n<p>                <img decoding=\"async\" src=\"https:\/\/www.europesays.com\/fi\/wp-content\/uploads\/2025\/12\/2019295.webp\" width=\"576\" height=\"274\" alt=\"Selviytyj\u00e4t-kilpailijat ja juontaja Riku Rantala riehakkaissa lopputunnelmissa.\" loading=\"lazy\" \/>            <\/p>\n<p>\n            Selviytyj\u00e4t-kilpailijat ja juontaja Riku Rantala riehakkaissa lopputunnelmissa.<br \/>\n            Lars Johnson\n        <\/p>\n<p>Yst\u00e4vyys viisikon kanssa<\/p>\n<p class=\"article-content article-content-width !bg-background\">Saana kertoo, ettei juonittelu johtanut suurempiin mielenpahoituksiin, jotka olisivat jatkuneet kisan j\u00e4lkeen.<\/p>\n<p class=\"article-content article-content-width !bg-background\">\u2013 Lehdist\u00f6tilaisuus oli kuukausien p\u00e4\u00e4st\u00e4 kuvausten j\u00e4lkeen ja ajattelin, ett\u00e4 siell\u00e4 olisi saattanutkin olla jotain negatiivista fiilist\u00e4 selk\u00e4\u00e4n puukottamisista. Meill\u00e4 oli kuitenkin heti hyv\u00e4 yhteishenki ja katsoimme siell\u00e4 yhdess\u00e4 ensimm\u00e4ist\u00e4 jaksoa suurten tunteiden vallassa, Saana kuvailee.<\/p>\n<p class=\"article-content article-content-width !bg-background\">\u2013  () l\u00e4hti ihan kostoretkelle minua vastaan, kun minun \u00e4\u00e4neni oli ratkaissut h\u00e4nen parinsa  () putoamisen. Puhuimme kuitenkin j\u00e4lkeen p\u00e4in, ett\u00e4 t\u00e4ytyy muistaa, ett\u00e4 se on vain peli\u00e4, ei henkil\u00f6kohtaista, Saana kertoo.<\/p>\n<p>        <a itemprop=\"url\" href=\"https:\/\/www.seiska.fi\/katso\/selviytyjat-juho-raivostuu-haluan-kostaa\/1972645\" rel=\"nofollow noopener\" target=\"_blank\"><\/p>\n<p>\nSelviytyj\u00e4t Suomi\n<\/p>\n<p class=\"section-date\">\n        <strong class=\"article-section\" data-section=\"katso\"><br \/>\n            katso<br \/>\n        <\/strong><br \/>\n        25.10. 12:15\n    <\/p>\n<p>Selviytyj\u00e4t-Juho raivostuu: \u201dHaluan kostaa\u201d\n    <\/p>\n<p itemprop=\"description\" class=\"subtitle \">\n    Radiotoimittaja Juho Keskitalo ei anna anteeksi kisaparinsa tiputtamista.\n<\/p>\n<p>        <\/a><\/p>\n<p class=\"article-content article-content-width !bg-background\">P\u00e4invastoin Selviytyj\u00e4t on tuonut Saanalle l\u00e4heist\u00e4 yst\u00e4vyytt\u00e4.<\/p>\n<p class=\"article-content article-content-width !bg-background\">\u2013 Varsinkin loppuvaiheen viisikon, eli Saana B:n, Janne L:n, Semonin ja Lauran kanssa olemme pit\u00e4neet yhteytt\u00e4 ja j\u00e4rjest\u00e4neet illanistujaisia. Vivi on ollut my\u00f6s mukana Saana B:n kautta, Saana paljastaa.<\/p>\n<p class=\"italic m-italic article-content article-content-width !bg-background\">Selviytyj\u00e4t-kausi on katsottavissa Ruutu-palvelussa.<\/p>\n","protected":false},"excerpt":{"rendered":"Selviytyj\u00e4t Suomi. Saana Akiola. Timo Korhonen Timo Korhonen Selviytyj\u00e4t Suomi -kauden voittanut Saana Akiola paljastaa, kenen kisatoverin kanssa&hellip;\n","protected":false},"author":2,"featured_media":116657,"comment_status":"","ping_status":"","sticky":false,"template":"","format":"standard","meta":{"footnotes":""},"categories":[136],"tags":[12190,407,137,33,18215,31,30,7282,408,3098,1758,2158,2766,3176,2658,32,109,2768,14157],"class_list":{"0":"post-116656","1":"post","2":"type-post","3":"status-publish","4":"format-standard","5":"has-post-thumbnail","7":"category-julkkikset","8":"tag-aanestys","9":"tag-celebrities","10":"tag-entertainment","11":"tag-fi","12":"tag-finaali","13":"tag-finland","14":"tag-finnish","15":"tag-janne-lehmonen","16":"tag-julkkikset","17":"tag-laura-akiola","18":"tag-nelonen","19":"tag-ruutu","20":"tag-saana-akiola","21":"tag-saana-boelius","22":"tag-selviytyjat-suomi","23":"tag-suomi","24":"tag-viihde","25":"tag-vivi-wahlstrom","26":"tag-voitto"},"share_on_mastodon":{"url":"https:\/\/pubeurope.com\/@fi\/115721644704245858","error":""},"_links":{"self":[{"href":"https:\/\/www.europesays.com\/fi\/wp-json\/wp\/v2\/posts\/116656","targetHints":{"allow":["GET"]}}],"collection":[{"href":"https:\/\/www.europesays.com\/fi\/wp-json\/wp\/v2\/posts"}],"about":[{"href":"https:\/\/www.europesays.com\/fi\/wp-json\/wp\/v2\/types\/post"}],"author":[{"embeddable":true,"href":"https:\/\/www.europesays.com\/fi\/wp-json\/wp\/v2\/users\/2"}],"replies":[{"embeddable":true,"href":"https:\/\/www.europesays.com\/fi\/wp-json\/wp\/v2\/comments?post=116656"}],"version-history":[{"count":0,"href":"https:\/\/www.europesays.com\/fi\/wp-json\/wp\/v2\/posts\/116656\/revisions"}],"wp:featuredmedia":[{"embeddable":true,"href":"https:\/\/www.europesays.com\/fi\/wp-json\/wp\/v2\/media\/116657"}],"wp:attachment":[{"href":"https:\/\/www.europesays.com\/fi\/wp-json\/wp\/v2\/media?parent=116656"}],"wp:term":[{"taxonomy":"category","embeddable":true,"href":"https:\/\/www.europesays.com\/fi\/wp-json\/wp\/v2\/categories?post=116656"},{"taxonomy":"post_tag","embeddable":true,"href":"https:\/\/www.europesays.com\/fi\/wp-json\/wp\/v2\/tags?post=116656"}],"curies":[{"name":"wp","href":"https:\/\/api.w.org\/{rel}","templated":true}]}}