{"id":116658,"date":"2025-12-15T04:21:14","date_gmt":"2025-12-15T04:21:14","guid":{"rendered":"https:\/\/www.europesays.com\/fi\/116658\/"},"modified":"2025-12-15T04:21:14","modified_gmt":"2025-12-15T04:21:14","slug":"naisten-takaa-ajo-hochfilzen-maailmancup-14-12-2025","status":"publish","type":"post","link":"https:\/\/www.europesays.com\/fi\/116658\/","title":{"rendered":"Naisten Takaa-ajo Hochfilzen maailmancup 14.12.2025"},"content":{"rendered":"<p>Hochfilzenissa kilpailtiin sunnuntaina ampumahiihdon maailmancupin naisten 10 km takaa-ajo. Katso kilpailun tulokset.<\/p>\n<p><a onclick=\"gtag(&#039;event&#039;,&#039;click&#039;,{&#039;event_category&#039; : &#039;tekstilinkki&#039;,&#039;event_label&#039; : &#039;\/uutiset\/tulokset-naiset-takaa-ajo-hochfilzen-maailmancup-14-12-2025 -&gt; \/ampumahiihto\/maailmancup&#039;})\" class=\"linkki-tekstissa\" href=\"https:\/\/etusuora.com\/ampumahiihto\/maailmancup\" title=\"Ampumahiihdon maailmancup 2025-2026\" rel=\"nofollow noopener\" target=\"_blank\">Ampumahiihdon maailmancup<\/a> jatkui sunnuntaina <a onclick=\"gtag(&#039;event&#039;,&#039;click&#039;,{&#039;event_category&#039; : &#039;tekstilinkki&#039;,&#039;event_label&#039; : &#039;\/uutiset\/tulokset-naiset-takaa-ajo-hochfilzen-maailmancup-14-12-2025 -&gt; \/ampumahiihto\/maailmancup\/hochfilzen&#039;})\" class=\"linkki-tekstissa\" href=\"https:\/\/etusuora.com\/ampumahiihto\/maailmancup\/hochfilzen\" title=\"Hochfilzen maailmancup 2025\" rel=\"nofollow noopener\" target=\"_blank\">Hochfilzenissa<\/a> naisten 10 km takaa-ajokilpailulla. Hochfilzenin kisarupeaman p\u00e4\u00e4tt\u00e4neess\u00e4 kilpailussa n\u00e4htiin hurjia nousuja.<\/p>\n<p>Kilpailun voitti sijalta 14 kisaan startannut Italian <strong>Lisa Vittozzi<\/strong> puhtaalla ammunnalla. L\u00e4ht\u00f6hetkell\u00e4 Vittozzilla oli k\u00e4rkeen kurottavaa tasan minuutti. Maalissa ero oli k\u00e4\u00e4ntynyt 11 sekunnilla italialaisen hyv\u00e4ksi. <\/p>\n<p>Toiseksi kilpailussa ylsi todella vahvan alkukauden hiiht\u00e4nyt Ruotsin <strong>Anna Magnusson<\/strong> 11,4 sekuntia voittajalle h\u00e4vinneen\u00e4. Ammunnoista kolmatena ladulle l\u00e4htenyt Magnusson selvisi yhdell\u00e4 ohilaukauksella. <\/p>\n<p>Kolmanneksi sijoittui toisena matkaan startannut Norjan <strong>Maren Kirkeeide<\/strong>. H\u00e4n j\u00e4i k\u00e4rjest\u00e4 39,5 sekuntia. Ampumapaikalla Kirkeeide erehtyi kilpailussa kolme kertaa.<\/p>\n<p>Kilpailun hurjin nousija oli sijalta 49 l\u00e4htenyt Suomen <strong>Suvi Minkkinen<\/strong>. Minkkinen selvitti nelj\u00e4 ampumapaikkaa yhdell\u00e4 sakolla ja kipusi per\u00e4ti 36 sijaa yl\u00f6sp\u00e4in kolmanneksitoista. Viidenneksi noussut Ruotsin <strong>Elvira \u00d6berg<\/strong> nosti sijoitustaan 24 pyk\u00e4l\u00e4ll\u00e4 ja Minkkisen edell\u00e4 kahdentenatoista maaliin tullut Ranskan <strong>Oceane Michelon<\/strong> 22 pyk\u00e4l\u00e4ll\u00e4.<\/p>\n<p>Magnusson pit\u00e4\u00e4 maailmancupin k\u00e4rkipaikkaa Hochfilzenin j\u00e4lkeen. Viikonlopun avauskisassa keltaista liivi\u00e4 kantanut Minkkinen on viiden osakilpailun j\u00e4lkeen maailmancupissa kuudentena.<\/p>\n<p>Suomalaisten sijoitukset kilpailussa olivat: <strong>Suvi Minkkinen<\/strong> 13:s (+1.08,2 (1)), <strong>Venla Lehtonen<\/strong> 43:s (+3.07,1 (2)).<\/p>\n<p>Hochfilzen maailmancup 14.12.2025<br \/>\n<br \/>\nNaisten takaa-ajo 10 km<\/p>\n<tr class=\"\">\n<td style=\"width:30px!important;\">#<\/td>\n<td style=\"width:auto!important;\">Urheilija<\/td>\n<td style=\"width:100px!important;\">Tulos<\/td>\n<\/tr>\n<tr class=\"\">\n<td style=\"width:30px!important;\">1.<\/td>\n<td style=\"width:auto!important;\">Lisa Vittozzi \ud83c\uddee\ud83c\uddf9<\/td>\n<td style=\"width:100px!important;\">28.31,5 (0)<\/td>\n<\/tr>\n<tr class=\"\">\n<td style=\"width:30px!important;\">2.<\/td>\n<td style=\"width:auto!important;\">Anna Magnusson \ud83c\uddf8\ud83c\uddea<\/td>\n<td style=\"width:100px!important;\">+11,4 (1)<\/td>\n<\/tr>\n<tr class=\"\">\n<td style=\"width:30px!important;\">3.<\/td>\n<td style=\"width:auto!important;\">Maren Kirkeeide \ud83c\uddf3\ud83c\uddf4<\/td>\n<td style=\"width:100px!important;\">+39,5 (3)<\/td>\n<\/tr>\n<tr class=\"\">\n<td style=\"width:30px!important;\">4.<\/td>\n<td style=\"width:auto!important;\">Justine Braisaz-Bouchet \ud83c\uddeb\ud83c\uddf7<\/td>\n<td style=\"width:100px!important;\">+41,2 (2)<\/td>\n<\/tr>\n<tr class=\"\">\n<td style=\"width:30px!important;\">5.<\/td>\n<td style=\"width:auto!important;\">Elvira \u00d6berg \ud83c\uddf8\ud83c\uddea<\/td>\n<td style=\"width:100px!important;\">+43,8 (2)<\/td>\n<\/tr>\n<tr class=\"\">\n<td style=\"width:30px!important;\">6.<\/td>\n<td style=\"width:auto!important;\">Camille Bened \ud83c\uddeb\ud83c\uddf7<\/td>\n<td style=\"width:100px!important;\">+44,5 (0)<\/td>\n<\/tr>\n<tr class=\"\">\n<td style=\"width:30px!important;\">7.<\/td>\n<td style=\"width:auto!important;\">Lou Jeanmonnot \ud83c\uddeb\ud83c\uddf7<\/td>\n<td style=\"width:100px!important;\">+51,5 (3)<\/td>\n<\/tr>\n<tr class=\"\">\n<td style=\"width:30px!important;\">8.<\/td>\n<td style=\"width:auto!important;\">Regina Ermits \ud83c\uddea\ud83c\uddea<\/td>\n<td style=\"width:100px!important;\">+52,9 (0)<\/td>\n<\/tr>\n<tr class=\"\">\n<td style=\"width:30px!important;\">9.<\/td>\n<td style=\"width:auto!important;\">Dorothea Wierer \ud83c\uddee\ud83c\uddf9<\/td>\n<td style=\"width:100px!important;\">+54,9 (2)<\/td>\n<\/tr>\n<tr class=\"\">\n<td style=\"width:30px!important;\">10.<\/td>\n<td style=\"width:auto!important;\">Anna Weidel \ud83c\udde9\ud83c\uddea<\/td>\n<td style=\"width:100px!important;\">+55,7 (2)<\/td>\n<\/tr>\n<tr class=\"\">\n<td style=\"width:30px!important;\">13.<\/td>\n<td style=\"width:auto!important;\">Suvi Minkkinen \ud83c\uddeb\ud83c\uddee<\/td>\n<td style=\"width:100px!important;\">+1.08,2 (1)<\/td>\n<\/tr>\n<tr class=\"\">\n<td style=\"width:30px!important;\">43.<\/td>\n<td style=\"width:auto!important;\">Venla Lehtonen \ud83c\uddeb\ud83c\uddee<\/td>\n<td style=\"width:100px!important;\">+3.07,1 (2)<\/td>\n<\/tr>\n<p>\n<a href=\"https:\/\/www.biathlonworld.com\/results\/BT2526SWRLCP02SWPU\" target=\"_blank\" rel=\"noopener noreferrer nofollow\" class=\"linkki-tekstissa\" onclick=\"gtag(&#039;event&#039;,&#039;click&#039;,{&#039;event_category&#039; : &#039;tekstilinkki&#039;,&#039;event_label&#039; : &#039;\/uutiset\/tulokset-naiset-takaa-ajo-hochfilzen-maailmancup-14-12-2025 -&gt; https:\/\/www.biathlonworld.com\/results\/BT2526SWRLCP02SWPU&#039;})\">Koko tuloslista<\/a><\/p>\n","protected":false},"excerpt":{"rendered":"Hochfilzenissa kilpailtiin sunnuntaina ampumahiihdon maailmancupin naisten 10 km takaa-ajo. Katso kilpailun tulokset. Ampumahiihdon maailmancup jatkui sunnuntaina Hochfilzenissa naisten&hellip;\n","protected":false},"author":2,"featured_media":116659,"comment_status":"","ping_status":"","sticky":false,"template":"","format":"standard","meta":{"footnotes":""},"categories":[158],"tags":[33,31,30,159,32,160],"class_list":{"0":"post-116658","1":"post","2":"type-post","3":"status-publish","4":"format-standard","5":"has-post-thumbnail","7":"category-urheilu","8":"tag-fi","9":"tag-finland","10":"tag-finnish","11":"tag-sports","12":"tag-suomi","13":"tag-urheilu"},"share_on_mastodon":{"url":"https:\/\/pubeurope.com\/@fi\/115721672208129852","error":""},"_links":{"self":[{"href":"https:\/\/www.europesays.com\/fi\/wp-json\/wp\/v2\/posts\/116658","targetHints":{"allow":["GET"]}}],"collection":[{"href":"https:\/\/www.europesays.com\/fi\/wp-json\/wp\/v2\/posts"}],"about":[{"href":"https:\/\/www.europesays.com\/fi\/wp-json\/wp\/v2\/types\/post"}],"author":[{"embeddable":true,"href":"https:\/\/www.europesays.com\/fi\/wp-json\/wp\/v2\/users\/2"}],"replies":[{"embeddable":true,"href":"https:\/\/www.europesays.com\/fi\/wp-json\/wp\/v2\/comments?post=116658"}],"version-history":[{"count":0,"href":"https:\/\/www.europesays.com\/fi\/wp-json\/wp\/v2\/posts\/116658\/revisions"}],"wp:featuredmedia":[{"embeddable":true,"href":"https:\/\/www.europesays.com\/fi\/wp-json\/wp\/v2\/media\/116659"}],"wp:attachment":[{"href":"https:\/\/www.europesays.com\/fi\/wp-json\/wp\/v2\/media?parent=116658"}],"wp:term":[{"taxonomy":"category","embeddable":true,"href":"https:\/\/www.europesays.com\/fi\/wp-json\/wp\/v2\/categories?post=116658"},{"taxonomy":"post_tag","embeddable":true,"href":"https:\/\/www.europesays.com\/fi\/wp-json\/wp\/v2\/tags?post=116658"}],"curies":[{"name":"wp","href":"https:\/\/api.w.org\/{rel}","templated":true}]}}