{"id":116660,"date":"2025-12-15T04:22:12","date_gmt":"2025-12-15T04:22:12","guid":{"rendered":"https:\/\/www.europesays.com\/fi\/116660\/"},"modified":"2025-12-15T04:22:12","modified_gmt":"2025-12-15T04:22:12","slug":"janni-hussin-uudessa-sinkkukodissa-on-melkoinen-naky","status":"publish","type":"post","link":"https:\/\/www.europesays.com\/fi\/116660\/","title":{"rendered":"Janni Hussin uudessa sinkkukodissa on melkoinen n\u00e4ky"},"content":{"rendered":"<p>            Timo Korhonen\n        <\/p>\n<p class=\"subtitle \">Seiskan reportteri h\u00e4mm\u00e4styi, kun Janni Hussi kutsui kyl\u00e4\u00e4n.<\/p>\n<p class=\"article-content article-content-width !bg-background\">Kovaa nousua rallimaailmassa tekev\u00e4 kartanlukija  on l\u00f6yt\u00e4nyt itselleen laadukkaan tukikohdan.<\/p>\n<p class=\"font-weight-bold m-font-weight-bold article-content article-content-width !bg-background\">Videolla Janni Hussin sinkkutilitys uudessa \u00f6kykodissa:<\/p>\n<p class=\"article-content article-content-width !bg-background\">Alituisesti maailmalla reissaava Janni osti alkusyksyst\u00e4 hulppean omakotitalon helsinkil\u00e4iselt\u00e4 arvoalueelta.<\/p>\n<p class=\"article-content article-content-width !bg-background\">2020-luvulla rakennetussa modernissa hirsihuvilassa on kolme kerrosta ja niin monta huonetta, ett\u00e4 osa niist\u00e4 on viel\u00e4 tyhjill\u00e4\u00e4n.<\/p>\n<p>        <a itemprop=\"url\" href=\"https:\/\/www.seiska.fi\/vain-seiskassa\/kuvat-luksustalosta-janni-hussi-kutsui-seiskan-uuteen-kotiinsa-jestas-mika-lukaali\/2011218\" rel=\"nofollow noopener\" target=\"_blank\"><\/p>\n<p>\nKutsui Seiskan kyl\u00e4\u00e4n\n<\/p>\n<p class=\"section-date\">\n        <strong class=\"article-section\" data-section=\"vain seiskassa\"><br \/>\n            vain seiskassa<br \/>\n        <\/strong><br \/>\n        11.12. 05:00\n    <\/p>\n<p>Kuvat luksustalosta! Janni Hussi kutsui Seiskan uuteen kotiinsa \u2013 jestas, mik\u00e4 lukaali\n    <\/p>\n<p itemprop=\"description\" class=\"subtitle \">\n    Rallikartturi maksoi pitk\u00e4n pennin hulppeasta sinkkukodistaan.\n<\/p>\n<p>        <\/a><\/p>\n<p class=\"article-content article-content-width !bg-background\">Janni kutsui Seiskan hiljattain kyl\u00e4\u00e4n kurkkaamaan, milt\u00e4 h\u00e4nen tuliter\u00e4ss\u00e4 lukaalissaan oikein n\u00e4ytt\u00e4\u00e4.<\/p>\n<p>                <img decoding=\"async\" src=\"https:\/\/www.europesays.com\/fi\/wp-content\/uploads\/2025\/12\/2011952.webp\" width=\"576\" height=\"720\" alt=\"Janni Hussi kutsui Seiskan kyl\u00e4\u00e4n uuteen kotiinsa.\" loading=\"lazy\" \/>            <\/p>\n<p>\n            Janni Hussi kutsui Seiskan kyl\u00e4\u00e4n uuteen kotiinsa.<br \/>\n            Timo Korhonen\n        <\/p>\n<p>Suomen kaunein koti?<\/p>\n<p class=\"article-content article-content-width !bg-background\">Janni voisi halutessaan osallistua koska tahansa Suomen kaunein koti -ohjelmaan ja menesty\u00e4 siin\u00e4.\u00a0Sen verran hulppeasta pytingist\u00e4 on kaikkinensa kyse.<\/p>\n<p class=\"article-content article-content-width !bg-background\">Jo pelkk\u00e4 talon pohjakerros saa hieraisemaan silmi\u00e4. T\u00e4ysvarustellun kuntosalin takaa avautuu kylpyl\u00e4\u00e4 muistuttava saunaosasto.<\/p>\n<p>        <a itemprop=\"url\" href=\"https:\/\/www.seiska.fi\/urheilu\/yllatyskaanne-janni-hussilta-suorat-sanat-jari-matti-latvalasta\/1948998\" rel=\"nofollow noopener\" target=\"_blank\"><\/p>\n<p>\nJanni &amp; Jari-Matti\n<\/p>\n<p class=\"section-date\">\n        <strong class=\"article-section\" data-section=\"urheilu\"><br \/>\n            urheilu<br \/>\n        <\/strong><br \/>\n        6.10. 05:00\n    <\/p>\n<p>Yll\u00e4tysk\u00e4\u00e4nne! Janni Hussilta suorat sanat Jari-Matti Latvalasta\n    <\/p>\n<p itemprop=\"description\" class=\"subtitle \">\n    Suomen suosituin kartturi on l\u00f6yt\u00e4nyt uuden piirteen rallit\u00e4hdest\u00e4.\n<\/p>\n<p>        <\/a><\/p>\n<p>                <img decoding=\"async\" src=\"https:\/\/www.europesays.com\/fi\/wp-content\/uploads\/2025\/12\/2011958.webp\" width=\"576\" height=\"720\" alt=\"Jannin kodista l\u00f6ytyy t\u00e4ysvarusteltu kuntosali.\" loading=\"lazy\" \/>            <\/p>\n<p>\n            Jannin kodista l\u00f6ytyy t\u00e4ysvarusteltu kuntosali.<br \/>\n            Timo Korhonen\n        <\/p>\n<p>Komea pokaalirivi<\/p>\n<p class=\"article-content article-content-width !bg-background\">Maltaita maksaneen hirsihuvilan keskikerroksessa odottaa yll\u00e4tys. Viel\u00e4 muotoaan hakevassa ty\u00f6huoneessa on hyllykk\u00f6, jonka sis\u00e4lt\u00f6 ly\u00f6 \u00e4llik\u00e4ll\u00e4.<\/p>\n<p class=\"article-content article-content-width !bg-background\">Se on nimitt\u00e4in vuorattu lukuisilla suurilla pysteill\u00e4 ja pokaaleilla sek\u00e4 erilaisilla muilla tunnustuksilla, joita Janni on ansioillaan ansainnut.<\/p>\n<p class=\"article-content article-content-width !bg-background\">\u2013 No joo, t\u00e4nne on muutama t\u00e4mm\u00f6inen p\u00f6lynker\u00e4\u00e4j\u00e4 ehtinyt kertym\u00e4\u00e4n, Janni naurahtaa vaatimattomasti.<\/p>\n<p>        <a itemprop=\"url\" href=\"https:\/\/www.seiska.fi\/urheilu\/jari-matti-latvalalla-herkka-hetki-nain-janni-hussi-reagoi\/1991379\" rel=\"nofollow noopener\" target=\"_blank\"><\/p>\n<p>\nN\u00e4in Janni reagoi\n<\/p>\n<p class=\"section-date\">\n        <strong class=\"article-section\" data-section=\"urheilu\"><br \/>\n            urheilu<br \/>\n        <\/strong><br \/>\n        13.11. 07:00\n    <\/p>\n<p>Jari-Matti Latvalalla herkk\u00e4 hetki \u2013 n\u00e4in Janni Hussi reagoi\n    <\/p>\n<p itemprop=\"description\" class=\"subtitle \">\n    Rallit\u00e4hti tekee bilepaljastuksen ja avaa tunteikasta tilannettaan Seiskalle.\n<\/p>\n<p>        <\/a><\/p>\n<p>                <img decoding=\"async\" src=\"https:\/\/www.europesays.com\/fi\/wp-content\/uploads\/2025\/12\/2011960.webp\" width=\"576\" height=\"720\" alt=\"Rallikartturin ty\u00f6huoneesta l\u00f6ytyy pokaaleja ja muita palkintoja joka l\u00e4ht\u00f6\u00f6n.\" loading=\"lazy\" \/>            <\/p>\n<p>\n            Rallikartturin ty\u00f6huoneesta l\u00f6ytyy pokaaleja ja muita palkintoja joka l\u00e4ht\u00f6\u00f6n.<br \/>\n            Timo Korhonen\n        <\/p>\n<p>Huima m\u00e4\u00e4r\u00e4 tunnustuksia<\/p>\n<p class=\"article-content article-content-width !bg-background\">Pokaalirivist\u00f6 osoittaa pys\u00e4ytt\u00e4v\u00e4n konkreettisesti, mink\u00e4laista menestyst\u00e4 Janni on jo ehtinyt rallin parissa niitt\u00e4m\u00e4\u00e4n.<\/p>\n<p class=\"article-content article-content-width !bg-background\">Palkintohyllyn ylimm\u00e4ll\u00e4 tasolla komeilee suuria ja n\u00e4ytt\u00e4vi\u00e4 pokaaleja.<\/p>\n<p>\n            Muutama p\u00f6lynker\u00e4\u00e4j\u00e4 on ehtinyt kertym\u00e4\u00e4n.\n            <\/p>\n<p class=\"article-content article-content-width !bg-background\">\u2013 Siin\u00e4 taitaa olla kolme kappaletta Lahti Historic Rallyn ja yksi Kroatian-rallin pokaali, Janni luettelee yl\u00e4hyllylle t\u00e4hyillen.<\/p>\n<p class=\"article-content article-content-width !bg-background\">Lis\u00e4ksi l\u00f6ytyy pokaalia Espanjan Costa Bravan historic-rallista, Portugalin MM-rallista sek\u00e4 Saudi-Arabian rallista.<\/p>\n<p>        <a itemprop=\"url\" href=\"https:\/\/www.seiska.fi\/urheilu\/janni-hussi-ja-jari-matti-latvala-allistyttivat-lahdessa-koskettava-hetki-hiljensi\/1901231\" rel=\"nofollow noopener\" target=\"_blank\"><\/p>\n<p>\nHerkk\u00e4 episodi Lahdessa\n<\/p>\n<p class=\"section-date\">\n        <strong class=\"article-section\" data-section=\"urheilu\"><br \/>\n            urheilu<br \/>\n        <\/strong><br \/>\n        15.8. 14:56\n    <\/p>\n<p>Janni Hussi ja Jari-Matti Latvala \u00e4llistyttiv\u00e4t Lahdessa \u2013 koskettava hetki hiljensi\n    <\/p>\n<p itemprop=\"description\" class=\"subtitle \">\n    Jari-Matti ja Janni s\u00e4v\u00e4ytt\u00e4v\u00e4t Suomen Chicagossa.\n<\/p>\n<p>        <\/a><\/p>\n<p>                <img decoding=\"async\" src=\"https:\/\/www.europesays.com\/fi\/wp-content\/uploads\/2025\/12\/2011962.webp\" width=\"576\" height=\"322\" alt=\"Janni on ehtinyt saavuttaa lyhyell\u00e4 ralliurallaan jo melkoisen m\u00e4\u00e4r\u00e4n memorabiliaa.\" loading=\"lazy\" \/>            <\/p>\n<p>\n            Janni on ehtinyt saavuttaa lyhyell\u00e4 ralliurallaan jo melkoisen m\u00e4\u00e4r\u00e4n memorabiliaa.<br \/>\n            Timo Korhonen\n        <\/p>\n<p>Lautaset hy\u00f6tyk\u00e4ytt\u00f6\u00f6n<\/p>\n<p class=\"article-content article-content-width !bg-background\">Osa huippu-urheilijoista tuskailee palkintojensa kanssa. Kaiken maailman hopealusikoita ja muuta kilkett\u00e4 on mukamas hankala s\u00e4il\u00f6\u00e4.<\/p>\n<p class=\"article-content article-content-width !bg-background\">Janni ei kuulu t\u00e4h\u00e4n joukkoon. H\u00e4n n\u00e4kee saavuttamissaan palkinnoissa jopa hy\u00f6tyk\u00e4ytt\u00f6mahdollisuuksia.<\/p>\n<p>\n            Kivojahan n\u00e4m\u00e4 palkinnot vain ovat.\n            <\/p>\n<p class=\"article-content article-content-width !bg-background\">\u2013 Esimerkiksi Jyv\u00e4skyl\u00e4n MM-rallista saa aina lautasia. Niille voi keksi\u00e4 jotain muutakin k\u00e4ytt\u00f6\u00e4.<\/p>\n<p class=\"article-content article-content-width !bg-background\">\u2013 Kivojahan n\u00e4m\u00e4 palkinnot vain ovat. Muistuttavat joka p\u00e4iv\u00e4 siit\u00e4, miksi niit\u00e4 rallikarttoja oikein piirrell\u00e4\u00e4n.<\/p>\n<p>        <a itemprop=\"url\" href=\"https:\/\/www.seiska.fi\/urheilu\/paljastus-kalle-rovanperan-bileista-janni-hussilta-kova-ratkaisu-jyvaskylan-yossa\/1889539\" rel=\"nofollow noopener\" target=\"_blank\"><\/p>\n<p>\nPaljastus Kalle Rovanper\u00e4n bileist\u00e4\n<\/p>\n<p class=\"section-date\">\n        <strong class=\"article-section\" data-section=\"urheilu\"><br \/>\n            urheilu<br \/>\n        <\/strong><br \/>\n        11.8. 05:00\n    <\/p>\n<p>Paljastus Kalle Rovanper\u00e4n bileist\u00e4 \u2013 Janni Hussilta kova ratkaisu Jyv\u00e4skyl\u00e4n y\u00f6ss\u00e4\n    <\/p>\n<p itemprop=\"description\" class=\"subtitle \">\n    Toyotan rallitalli huomioi hienosti historiallisen saavutuksen.\n<\/p>\n<p>        <\/a><\/p>\n<p>        J\u00e4re\u00e4t turvatoimet<\/p>\n<p>Jannin koti on valmistunut 2020-luvulla. Hulppeasta 3-kerroksisesta talosta ei l\u00f6ydy yht\u00e4\u00e4n nurkkaa, joka j\u00e4isi valvontakameroilta piiloon.<\/p>\n<p>My\u00f6s ulkosivu on ammuttu t\u00e4yteen valvontakameroita, joten t\u00e4htikartturin luulisi nukkuvan y\u00f6ns\u00e4 levollisesti.<\/p>\n<p>\u2013 Joo, kyll\u00e4. Arvostan turvallisuutta. Siksi t\u00e4\u00e4lt\u00e4 l\u00f6ytyy hyvinkin kattava turvaj\u00e4rjestelm\u00e4, Janni ny\u00f6kk\u00e4\u00e4.<\/p>\n<p>\u2013 Se oli t\u00e4\u00e4ll\u00e4 itse asiassa jo valmiina talon edellisen omistajana asentamana. Turvaj\u00e4rjestelyt olivat kauppoja tehdess\u00e4 kirsikka kakun p\u00e4\u00e4lle.<\/p>\n","protected":false},"excerpt":{"rendered":"Timo Korhonen Seiskan reportteri h\u00e4mm\u00e4styi, kun Janni Hussi kutsui kyl\u00e4\u00e4n. Kovaa nousua rallimaailmassa tekev\u00e4 kartanlukija on l\u00f6yt\u00e4nyt itselleen&hellip;\n","protected":false},"author":2,"featured_media":116661,"comment_status":"","ping_status":"","sticky":false,"template":"","format":"standard","meta":{"footnotes":""},"categories":[130],"tags":[137,2783,33,31,30,2597,9064,9739,1271,12674,21302,21303,3240,13056,32,1700,13367,109],"class_list":{"0":"post-116660","1":"post","2":"type-post","3":"status-publish","4":"format-standard","5":"has-post-thumbnail","7":"category-viihde","8":"tag-entertainment","9":"tag-erikoishaastattelu","10":"tag-fi","11":"tag-finland","12":"tag-finnish","13":"tag-janni-hussi","14":"tag-kartanlukija","15":"tag-kotiesittely","16":"tag-palkinnot","17":"tag-palkinto","18":"tag-palkintopokaali","19":"tag-pokaali","20":"tag-ralli","21":"tag-rallikartturi","22":"tag-suomi","23":"tag-urheilulaji","24":"tag-uusi-koti","25":"tag-viihde"},"share_on_mastodon":{"url":"https:\/\/pubeurope.com\/@fi\/115721676390476117","error":""},"_links":{"self":[{"href":"https:\/\/www.europesays.com\/fi\/wp-json\/wp\/v2\/posts\/116660","targetHints":{"allow":["GET"]}}],"collection":[{"href":"https:\/\/www.europesays.com\/fi\/wp-json\/wp\/v2\/posts"}],"about":[{"href":"https:\/\/www.europesays.com\/fi\/wp-json\/wp\/v2\/types\/post"}],"author":[{"embeddable":true,"href":"https:\/\/www.europesays.com\/fi\/wp-json\/wp\/v2\/users\/2"}],"replies":[{"embeddable":true,"href":"https:\/\/www.europesays.com\/fi\/wp-json\/wp\/v2\/comments?post=116660"}],"version-history":[{"count":0,"href":"https:\/\/www.europesays.com\/fi\/wp-json\/wp\/v2\/posts\/116660\/revisions"}],"wp:featuredmedia":[{"embeddable":true,"href":"https:\/\/www.europesays.com\/fi\/wp-json\/wp\/v2\/media\/116661"}],"wp:attachment":[{"href":"https:\/\/www.europesays.com\/fi\/wp-json\/wp\/v2\/media?parent=116660"}],"wp:term":[{"taxonomy":"category","embeddable":true,"href":"https:\/\/www.europesays.com\/fi\/wp-json\/wp\/v2\/categories?post=116660"},{"taxonomy":"post_tag","embeddable":true,"href":"https:\/\/www.europesays.com\/fi\/wp-json\/wp\/v2\/tags?post=116660"}],"curies":[{"name":"wp","href":"https:\/\/api.w.org\/{rel}","templated":true}]}}