{"id":116664,"date":"2025-12-15T04:26:07","date_gmt":"2025-12-15T04:26:07","guid":{"rendered":"https:\/\/www.europesays.com\/fi\/116664\/"},"modified":"2025-12-15T04:26:07","modified_gmt":"2025-12-15T04:26:07","slug":"oikean-aarilaidan-ehdokas-voitti-chilen-presidentinvaalit-uutisia-lyhyesti","status":"publish","type":"post","link":"https:\/\/www.europesays.com\/fi\/116664\/","title":{"rendered":"Oikean \u00e4\u00e4rilaidan ehdokas voitti Chilen presidentinvaalit | Uutisia lyhyesti"},"content":{"rendered":"<p class=\"aw-1gybjub aw-1p7kakr kEtdKx cEmitX yle__article__paragraph\">Etel\u00e4-Amerikassa Chiless\u00e4 presidentinvaalit on voittanut \u00e4\u00e4rioikeistolainen <strong class=\"aw-ak79eh KyCXm yle__article__strong\">Jos\u00e9<\/strong> <strong class=\"aw-ak79eh KyCXm yle__article__strong\">Antonio Kast.<\/strong> H\u00e4n on ker\u00e4nnyt yli 58 prosentin kannatuksen, kun yli 95 prosenttia \u00e4\u00e4nist\u00e4 on laskettu.<\/p>\n<p class=\"aw-1gybjub aw-1p7kakr kEtdKx cEmitX yle__article__paragraph\">Toinen k\u00e4rkiehdokas, kommunistipuolueen <strong class=\"aw-ak79eh KyCXm yle__article__strong\">Jeannette Jara<\/strong>, on tunnustanut tappionsa. Jara on saanut \u00e4\u00e4nist\u00e4 hieman yli 41 prosenttia.<\/p>\n<p class=\"aw-1gybjub aw-1p7kakr kEtdKx cEmitX yle__article__paragraph\">Kastilla on takanaan kymmenien vuosien poliittinen ura, ja h\u00e4n on ollut presidenttiehdokkaana kolme kertaa. Kast on luvannut rakentaa rajamuureja, l\u00e4hett\u00e4\u00e4 armeijan korkean rikollisuuden alueille ja karkottaa kaikki paperittomat siirtolaiset.<\/p>\n<p class=\"aw-1gybjub aw-1p7kakr kEtdKx cEmitX yle__article__paragraph\">Kastin kannatus nousi rikollisuudesta ja maahanmuutosta huolissaan olevien \u00e4\u00e4nest\u00e4jien keskuudessa.<\/p>\n<p class=\"aw-1gybjub aw-1p7kakr kEtdKx cEmitX yle__article__paragraph\">L\u00e4hde: Reuters<\/p>\n","protected":false},"excerpt":{"rendered":"Etel\u00e4-Amerikassa Chiless\u00e4 presidentinvaalit on voittanut \u00e4\u00e4rioikeistolainen Jos\u00e9 Antonio Kast. H\u00e4n on ker\u00e4nnyt yli 58 prosentin kannatuksen, kun yli&hellip;\n","protected":false},"author":2,"featured_media":116665,"comment_status":"","ping_status":"","sticky":false,"template":"","format":"standard","meta":{"footnotes":"","_share_on_mastodon":"0"},"categories":[14],"tags":[22,23,13348,21304,26,27,33,31,30,17,21305,24,25,28,29,15,18,21,32,19,20,56,16,2196,59,60,61],"class_list":["post-116664","post","type-post","status-publish","format-standard","has-post-thumbnail","category-ulkomaat","tag-breaking-news","tag-breakingnews","tag-chile","tag-chilen-politiikka","tag-featured-news","tag-featurednews","tag-fi","tag-finland","tag-finnish","tag-headlines","tag-jose-antonio-kast","tag-latest-news","tag-latestnews","tag-main-news","tag-mainnews","tag-news","tag-otsikot","tag-paauutiset","tag-suomi","tag-top-stories","tag-topstories","tag-ulkomaat","tag-uutiset","tag-vaalit","tag-world","tag-world-news","tag-worldnews"],"share_on_mastodon":{"url":"https:\/\/pubeurope.com\/@fi\/115721691774810713","error":""},"_links":{"self":[{"href":"https:\/\/www.europesays.com\/fi\/wp-json\/wp\/v2\/posts\/116664","targetHints":{"allow":["GET"]}}],"collection":[{"href":"https:\/\/www.europesays.com\/fi\/wp-json\/wp\/v2\/posts"}],"about":[{"href":"https:\/\/www.europesays.com\/fi\/wp-json\/wp\/v2\/types\/post"}],"author":[{"embeddable":true,"href":"https:\/\/www.europesays.com\/fi\/wp-json\/wp\/v2\/users\/2"}],"replies":[{"embeddable":true,"href":"https:\/\/www.europesays.com\/fi\/wp-json\/wp\/v2\/comments?post=116664"}],"version-history":[{"count":0,"href":"https:\/\/www.europesays.com\/fi\/wp-json\/wp\/v2\/posts\/116664\/revisions"}],"wp:featuredmedia":[{"embeddable":true,"href":"https:\/\/www.europesays.com\/fi\/wp-json\/wp\/v2\/media\/116665"}],"wp:attachment":[{"href":"https:\/\/www.europesays.com\/fi\/wp-json\/wp\/v2\/media?parent=116664"}],"wp:term":[{"taxonomy":"category","embeddable":true,"href":"https:\/\/www.europesays.com\/fi\/wp-json\/wp\/v2\/categories?post=116664"},{"taxonomy":"post_tag","embeddable":true,"href":"https:\/\/www.europesays.com\/fi\/wp-json\/wp\/v2\/tags?post=116664"}],"curies":[{"name":"wp","href":"https:\/\/api.w.org\/{rel}","templated":true}]}}