{"id":116666,"date":"2025-12-15T04:27:07","date_gmt":"2025-12-15T04:27:07","guid":{"rendered":"https:\/\/www.europesays.com\/fi\/116666\/"},"modified":"2025-12-15T04:27:07","modified_gmt":"2025-12-15T04:27:07","slug":"bild-stubb-saapui-etuajassa-berliiniin-tapasi-yhdysvaltain-neuvottelijat-ohi-virallisen-ohjelman","status":"publish","type":"post","link":"https:\/\/www.europesays.com\/fi\/116666\/","title":{"rendered":"Bild: Stubb saapui etuajassa Berliiniin, tapasi Yhdysvaltain neuvottelijat ohi virallisen ohjelman"},"content":{"rendered":"<p>Ukraina-kokous|Saksalaislehti Bildin mukaan Stubb tapasi iltakymmenen aikaan Yhdysvaltain erityisedustajan Steve Witkoffin ja Donald Trumpin v\u00e4vyn Jared Kushnerin.<\/p>\n<p class=\"article-body mb-nof-24 px-nof-16\">Presidentti <a class=\"article-personlink\" href=\"https:\/\/www.hs.fi\/haku\/?query=Alexander%20Stubb\" rel=\"nofollow noopener\" target=\"_blank\">Alexander Stubb<\/a> on tavannut Yhdysvaltain neuvottelijoita Berliiniss\u00e4 ohi virallisen ohjelman sunnuntai-iltana, saksalaislehti Bild <a class=\"article-genericlink\" href=\"https:\/\/www.bild.de\/politik\/ausland-und-internationales\/finnen-premier-beim-friedensgipfel-trump-kumpel-ueberraschend-im-hotel-adlon-693f2704f679420e000b4d87?t_ref=https%3A%2F%2Fm.bild.de%2Fpolitik%2Fausland-und-internationales%2Ffinnen-premier-beim-friedensgipfel-trump-kumpel-ueberraschend-im-hotel-adlon-693f2704f679420e000b4d87%3Ft_ref%3Dhttps%253A%252F%252Fm.bild.de%252F\" rel=\"nofollow noopener\" target=\"_blank\">kertoo<\/a>.<\/p>\n<p class=\"article-body mb-nof-24 px-nof-16\">Lehden mukaan Stubb tapasi iltakymmenen aikaan Yhdysvaltain erityisedustajan <a class=\"article-personlink\" href=\"https:\/\/www.hs.fi\/haku\/?query=Steve%20Witkoffin\" rel=\"nofollow noopener\" target=\"_blank\">Steve Witkoffin<\/a> ja presidentti <a class=\"article-personlink\" href=\"https:\/\/www.hs.fi\/haku\/?query=Donald%20Trumpin\" rel=\"nofollow noopener\" target=\"_blank\">Donald Trumpin<\/a> v\u00e4vyn <a class=\"article-personlink\" href=\"https:\/\/www.hs.fi\/haku\/?query=Jared%20Kushnerin\" rel=\"nofollow noopener\" target=\"_blank\">Jared Kushnerin<\/a> loistohotelli Adlonissa Berliinin keskustassa.<\/p>\n<p class=\"article-body mb-nof-24 px-nof-16\">Lehti on saanut tapaamisesta kuvan. Tapaaminen kesti lehden arvion mukaan noin 20 minuuttia.<\/p>\n<p class=\"article-body mb-nof-24 px-nof-16\">Stubbin saapuminen Berliiniin jo sunnuntaina oli yll\u00e4tys. H\u00e4nell\u00e4 ei ollut virallista roolia viel\u00e4 sunnuntain taustaneuvotteluissa, Bild kertoo.<\/p>\n<p class=\"article-body mb-nof-24 px-nof-16\">Berliiniss\u00e4 pidet\u00e4\u00e4n maanantaina merkitt\u00e4v\u00e4 Ukraina-kokous, jossa yritet\u00e4\u00e4n edist\u00e4\u00e4 Ukrainan rauhansuunnitelmaa. Kokoukseen osallistuu Euroopan johtajia, Ukrainan presidentti <a class=\"article-personlink\" href=\"https:\/\/www.hs.fi\/haku\/?query=Volodymyr%20Zelenskyi\" rel=\"nofollow noopener\" target=\"_blank\">Volodymyr Zelenskyi<\/a> ja Yhdysvaltain neuvottelijat.<\/p>\n<p class=\"article-body mb-nof-24 px-nof-16\">Sunnuntaina on pidetty taustatapaamisia eri kokoonpanoissa.<\/p>\n<p class=\"article-body mb-nof-24 px-nof-16\">My\u00f6s Ukrainan presidentti Zelenskyi on tavannut Yhdysvaltain neuvottelijat ja Saksan liittokanslerin <a class=\"article-personlink\" href=\"https:\/\/www.hs.fi\/haku\/?query=Friedrich%20Merzin\" rel=\"nofollow noopener\" target=\"_blank\">Friedrich Merzin<\/a>.<\/p>\n","protected":false},"excerpt":{"rendered":"Ukraina-kokous|Saksalaislehti Bildin mukaan Stubb tapasi iltakymmenen aikaan Yhdysvaltain erityisedustajan Steve Witkoffin ja Donald Trumpin v\u00e4vyn Jared Kushnerin. Presidentti&hellip;\n","protected":false},"author":2,"featured_media":116667,"comment_status":"","ping_status":"","sticky":false,"template":"","format":"standard","meta":{"footnotes":""},"categories":[12],"tags":[22,23,26,27,33,31,30,17,46,24,25,28,29,15,18,21,32,19,20,16],"class_list":{"0":"post-116666","1":"post","2":"type-post","3":"status-publish","4":"format-standard","5":"has-post-thumbnail","7":"category-suomi","8":"tag-breaking-news","9":"tag-breakingnews","10":"tag-featured-news","11":"tag-featurednews","12":"tag-fi","13":"tag-finland","14":"tag-finnish","15":"tag-headlines","16":"tag-helsingin-sanomat","17":"tag-latest-news","18":"tag-latestnews","19":"tag-main-news","20":"tag-mainnews","21":"tag-news","22":"tag-otsikot","23":"tag-paauutiset","24":"tag-suomi","25":"tag-top-stories","26":"tag-topstories","27":"tag-uutiset"},"share_on_mastodon":{"url":"https:\/\/pubeurope.com\/@fi\/115721695725477585","error":""},"_links":{"self":[{"href":"https:\/\/www.europesays.com\/fi\/wp-json\/wp\/v2\/posts\/116666","targetHints":{"allow":["GET"]}}],"collection":[{"href":"https:\/\/www.europesays.com\/fi\/wp-json\/wp\/v2\/posts"}],"about":[{"href":"https:\/\/www.europesays.com\/fi\/wp-json\/wp\/v2\/types\/post"}],"author":[{"embeddable":true,"href":"https:\/\/www.europesays.com\/fi\/wp-json\/wp\/v2\/users\/2"}],"replies":[{"embeddable":true,"href":"https:\/\/www.europesays.com\/fi\/wp-json\/wp\/v2\/comments?post=116666"}],"version-history":[{"count":0,"href":"https:\/\/www.europesays.com\/fi\/wp-json\/wp\/v2\/posts\/116666\/revisions"}],"wp:featuredmedia":[{"embeddable":true,"href":"https:\/\/www.europesays.com\/fi\/wp-json\/wp\/v2\/media\/116667"}],"wp:attachment":[{"href":"https:\/\/www.europesays.com\/fi\/wp-json\/wp\/v2\/media?parent=116666"}],"wp:term":[{"taxonomy":"category","embeddable":true,"href":"https:\/\/www.europesays.com\/fi\/wp-json\/wp\/v2\/categories?post=116666"},{"taxonomy":"post_tag","embeddable":true,"href":"https:\/\/www.europesays.com\/fi\/wp-json\/wp\/v2\/tags?post=116666"}],"curies":[{"name":"wp","href":"https:\/\/api.w.org\/{rel}","templated":true}]}}