{"id":116674,"date":"2025-12-15T04:48:08","date_gmt":"2025-12-15T04:48:08","guid":{"rendered":"https:\/\/www.europesays.com\/fi\/116674\/"},"modified":"2025-12-15T04:48:08","modified_gmt":"2025-12-15T04:48:08","slug":"saana-akiola-sai-rajuja-oireita-selviytyjissa","status":"publish","type":"post","link":"https:\/\/www.europesays.com\/fi\/116674\/","title":{"rendered":"Saana Akiola sai rajuja oireita Selviytyjiss\u00e4"},"content":{"rendered":"<p>Tanssija-koreografi Saana Akiola voitti Selviytyj\u00e4t Suomen. Nyt h\u00e4n kertoo, miten rankkaa kuvauksissa oli.<\/p>\n<p class=\"article-body mb-nof-24 px-nof-16\">Viiden viikon kuvausrupeama Malesiassa oli Selviytyj\u00e4t-voittaja <a class=\"article-personlink\" href=\"https:\/\/www.is.fi\/haku\/?query=Saana%20Akiolalle\" rel=\"nofollow noopener\" target=\"_blank\">Saana Akiolalle<\/a> rankka kokemus.<\/p>\n<p class=\"article-body mb-nof-24 px-nof-16\">Finaaliin p\u00e4\u00e4st\u00e4kseen kilpailijat joutuivat selviytym\u00e4\u00e4n fyysisesti raskaista teht\u00e4vist\u00e4 trooppisessa ilmastossa ja heikolla ravinnolla.<\/p>\n<p class=\"article-body mb-nof-24 px-nof-16\">Akiola kertoo laihtuneensa kuvausten aikana paljon. H\u00e4n k\u00e4rsi erilaisista oireista, jotka johtuivat aliravitsemuksesta, huonosti nukutuista \u00f6ist\u00e4 ja rankoista teht\u00e4vist\u00e4. Akiola sai esimerkiksi toistuvasti migreenikohtauksia, vaikkei niit\u00e4 normaalisti juurikaan tule.<\/p>\n<p class=\"article-body mb-nof-24 px-nof-16\">Yksi pelottavimmista oireista oli tunnon katoaminen raajoista. Oudot oireet alkoivat pari p\u00e4iv\u00e4\u00e4 sen j\u00e4lkeen, kun jokin puri Akiolaa vedess\u00e4.<\/p>\n<p class=\"article-body mb-nof-24 px-nof-16\">\u2013 Tunsin, kun se tuli sielt\u00e4 hiekan alta ja nappasi minua pohkeesta tai s\u00e4\u00e4rest\u00e4. Pel\u00e4styin tietysti ihan hirve\u00e4sti ja tulin vedest\u00e4 pois. Jalastani valui verta, ja siin\u00e4 oli kaksi reik\u00e4\u00e4, Akiola kertoo.<\/p>\n<p class=\"article-body mb-nof-24 px-nof-16\">Ohjelman kuvaaja kysyi Akiolalta, oliko k\u00e4\u00e4rme purrut h\u00e4nt\u00e4.<\/p>\n<p class=\"article-body mb-nof-24 px-nof-16\">\u2013 Sitten olin, ett\u00e4 herranjumala, t\u00e4m\u00e4 n\u00e4ytt\u00e4\u00e4 k\u00e4\u00e4rmeen puremalta! Akiola muistelee.<\/p>\n<p class=\"article-body mb-nof-24 px-nof-16\">L\u00e4\u00e4k\u00e4rit tarkistivat Akiolan jalan mutta eiv\u00e4t olleet varmoja, oliko kyseess\u00e4 k\u00e4\u00e4rmeen purema. He ajattelivat, ettei kyse kuitenkaan ollut mist\u00e4\u00e4n vakavasta.<\/p>\n<p class=\"article-body mb-nof-24 px-nof-16\">Pian alkoivat oireet, jotka s\u00e4ik\u00e4yttiv\u00e4t Akiolan.<\/p>\n<p class=\"article-body mb-nof-24 px-nof-16\">\u2013 Tunto l\u00e4hti siit\u00e4 jalasta. Kun levitin aamulla aurinkorasvaa, huomasin, ett\u00e4 jalkani oli pintatunnoton.<\/p>\n<p class=\"article-body mb-nof-24 px-nof-16\">Pelottavat kysymykset alkoivat py\u00f6ri\u00e4 Akiolan mieless\u00e4.<\/p>\n<p class=\"article-body mb-nof-24 px-nof-16\">\u2013 Ent\u00e4, jos sielt\u00e4 on tullut jotain myrkky\u00e4 ja jalkani halvaantuu? Olin, ett\u00e4 apua, mit\u00e4 me tehd\u00e4\u00e4n, Akiola muistelee.<\/p>\n<p class=\"article-body mb-nof-24 px-nof-16\">Tuottaja ja l\u00e4\u00e4k\u00e4ri selvitteliv\u00e4t asiaa. Lopulta tultiin tulokseen, ettei purema todenn\u00e4k\u00f6isesti ollut k\u00e4\u00e4rmeen aiheuttama.<\/p>\n<p class=\"article-body mb-nof-24 px-nof-16\">L\u00e4\u00e4k\u00e4ri uskoi, ett\u00e4 oireet johtuivat laihtumisesta, teht\u00e4vist\u00e4 ja nukkumisesta kovalla alustalla \u2013 eiv\u00e4t puremasta.<\/p>\n<p class=\"article-body mb-nof-24 px-nof-16\">\u2013 Minullahan l\u00e4hti tunto my\u00f6s k\u00e4sist\u00e4, ja ne olivat viel\u00e4 kotonakin tunnottomat. Minulla oli molemmat k\u00e4det kyyn\u00e4rp\u00e4ist\u00e4 sormiin asti tunnottomat. L\u00e4\u00e4k\u00e4ri sanoi, ett\u00e4 olen vain niin luinen, ett\u00e4 se johtuu siit\u00e4, Akiola sanoo.<\/p>\n<p class=\"article-body mb-nof-24 px-nof-16\">\u2013 Aloin mietti\u00e4, miten laiha oikein olen, kun ei sit\u00e4 itse tietenk\u00e4\u00e4n n\u00e4e. Se oli tosi hurjaa ja ihmettelen, miten olemme jaksaneet vet\u00e4\u00e4 niit\u00e4 kisoja.<\/p>\n<p class=\"article-body mb-nof-24 px-nof-16\">Ohjelman aikana useat kilpailijat saivat lukuisia haavoja milloin mist\u00e4kin teht\u00e4vist\u00e4. Akiola kertoo, ett\u00e4 h\u00e4nell\u00e4 on edelleen k\u00e4sivarsissaan arvet, jotka syntyiv\u00e4t laiskiaisroikunnassa, jossa kilpailijat roikkuivat parrun ymp\u00e4rill\u00e4.<\/p>\n<p class=\"article-body mb-nof-24 px-nof-16\">Kuvaukset p\u00e4\u00e4ttyiv\u00e4t noin puoli vuotta sitten, ja Akiola kertoo palautuneensa kisasta, mutta siin\u00e4 kesti kauan.<\/p>\n<p class=\"article-body mb-nof-24 px-nof-16\">\u2013 Koko kes\u00e4 meni niin, ettei oikein mik\u00e4\u00e4n kiinnostanut. Olen aika siisti ihminen, mutten jaksanut siivota, ei jaksanut mit\u00e4\u00e4n. Olin pitk\u00e4\u00e4n tosi v\u00e4synyt, h\u00e4n kertoo.<\/p>\n<p class=\"article-body mb-nof-24 px-nof-16\">\u2013 Alkuun ei meinannut oikein ruoka maistua, kun mahalaukku oli varmaan pienentynyt. Se oli v\u00e4h\u00e4n sellaista pakkosy\u00f6mist\u00e4. Oli vain pakko yritt\u00e4\u00e4 sy\u00f6d\u00e4.<\/p>\n<p class=\"article-body mb-nof-24 px-nof-16\">Huonosta ruokahalusta huolimatta paino korjaantui aika nopeasti, Akiola kertoo.<\/p>\n<p class=\"article-body mb-nof-24 px-nof-16\">\u2013 Muutenkin tiedet\u00e4\u00e4n, ett\u00e4 jos verrataan johonkin pikalaihdutusdieettiin, ett\u00e4 se [paino] tulee aika nopeasti takaisin ja ehk\u00e4 v\u00e4h\u00e4n ekstraakin p\u00e4\u00e4lle. Huomattiin taas, ettei kannata itse\u00e4\u00e4n sy\u00f6m\u00e4tt\u00f6myydell\u00e4 laihduttaa. Keho alkaa ottaa kaiken, mit\u00e4 sielt\u00e4 tulee. Jossain vaiheessa huomasi, ett\u00e4 nyt alkaa tarttua v\u00e4h\u00e4n enemm\u00e4nkin, Akiola sanoo.<\/p>\n<p class=\"article-body mb-nof-24 px-nof-16\">Kun Akiola p\u00e4\u00e4si Malesiasta kotiin, h\u00e4n ajatteli, ettei en\u00e4\u00e4 ikin\u00e4 halua kokea mit\u00e4\u00e4n vastaavaa. Nyt mieli on kuitenkin jo muuttunut.<\/p>\n<p class=\"article-body mb-nof-24 px-nof-16\">\u2013 Nyt jos minua pyydett\u00e4isiin, niin voisin kyll\u00e4 l\u00e4hte\u00e4 uudestaan. Kyll\u00e4 se aika kultaa muistot. J\u00e4lkik\u00e4teen ajateltuna eih\u00e4n tuommoista kokemusta kovin moni saa, h\u00e4n tuumii.<\/p>\n","protected":false},"excerpt":{"rendered":"Tanssija-koreografi Saana Akiola voitti Selviytyj\u00e4t Suomen. Nyt h\u00e4n kertoo, miten rankkaa kuvauksissa oli. Viiden viikon kuvausrupeama Malesiassa oli&hellip;\n","protected":false},"author":2,"featured_media":116675,"comment_status":"","ping_status":"","sticky":false,"template":"","format":"standard","meta":{"footnotes":""},"categories":[130],"tags":[137,33,31,30,34,32,109],"class_list":{"0":"post-116674","1":"post","2":"type-post","3":"status-publish","4":"format-standard","5":"has-post-thumbnail","7":"category-viihde","8":"tag-entertainment","9":"tag-fi","10":"tag-finland","11":"tag-finnish","12":"tag-ilta-sanomat","13":"tag-suomi","14":"tag-viihde"},"share_on_mastodon":{"url":"https:\/\/pubeurope.com\/@fi\/115721778187582069","error":""},"_links":{"self":[{"href":"https:\/\/www.europesays.com\/fi\/wp-json\/wp\/v2\/posts\/116674","targetHints":{"allow":["GET"]}}],"collection":[{"href":"https:\/\/www.europesays.com\/fi\/wp-json\/wp\/v2\/posts"}],"about":[{"href":"https:\/\/www.europesays.com\/fi\/wp-json\/wp\/v2\/types\/post"}],"author":[{"embeddable":true,"href":"https:\/\/www.europesays.com\/fi\/wp-json\/wp\/v2\/users\/2"}],"replies":[{"embeddable":true,"href":"https:\/\/www.europesays.com\/fi\/wp-json\/wp\/v2\/comments?post=116674"}],"version-history":[{"count":0,"href":"https:\/\/www.europesays.com\/fi\/wp-json\/wp\/v2\/posts\/116674\/revisions"}],"wp:featuredmedia":[{"embeddable":true,"href":"https:\/\/www.europesays.com\/fi\/wp-json\/wp\/v2\/media\/116675"}],"wp:attachment":[{"href":"https:\/\/www.europesays.com\/fi\/wp-json\/wp\/v2\/media?parent=116674"}],"wp:term":[{"taxonomy":"category","embeddable":true,"href":"https:\/\/www.europesays.com\/fi\/wp-json\/wp\/v2\/categories?post=116674"},{"taxonomy":"post_tag","embeddable":true,"href":"https:\/\/www.europesays.com\/fi\/wp-json\/wp\/v2\/tags?post=116674"}],"curies":[{"name":"wp","href":"https:\/\/api.w.org\/{rel}","templated":true}]}}