{"id":116680,"date":"2025-12-15T04:53:07","date_gmt":"2025-12-15T04:53:07","guid":{"rendered":"https:\/\/www.europesays.com\/fi\/116680\/"},"modified":"2025-12-15T04:53:07","modified_gmt":"2025-12-15T04:53:07","slug":"lomakeskus-lepolaa-moukaroidaan-maan-tasalle-lahden-ahtialassa-alasenjarven-rantaan-suunnitellaan-pientaloasumista-paijat-hame","status":"publish","type":"post","link":"https:\/\/www.europesays.com\/fi\/116680\/","title":{"rendered":"Lomakeskus Lepolaa moukaroidaan maan tasalle Lahden Ahtialassa \u2013 Alasenj\u00e4rven rantaan suunnitellaan pientaloasumista | P\u00e4ij\u00e4t-H\u00e4me"},"content":{"rendered":"<p>Asemakaavoitus on aloitettu, vaihtoehtoina on rivitalo- tai omakotitontteja.<\/p>\n<p>Viime helmikuussa toimintansa lopullisesti p\u00e4\u00e4tt\u00e4neen Lomakeskus Lepolan taru saa joulun alla viimeisen sinettins\u00e4, kun kuusi Alasenj\u00e4rven rannalla Lahden Ahtialassa sijaitsevaa rakennusta puretaan maan tasalle. Lepolan kokonaisuuteen kuuluvat p\u00e4\u00e4rakennus, nelj\u00e4 majoitusk\u00e4yt\u00f6ss\u00e4 ollutta piharakennusta sek\u00e4 ulkovarasto.<\/p>\n","protected":false},"excerpt":{"rendered":"Asemakaavoitus on aloitettu, vaihtoehtoina on rivitalo- tai omakotitontteja. Viime helmikuussa toimintansa lopullisesti p\u00e4\u00e4tt\u00e4neen Lomakeskus Lepolan taru saa joulun&hellip;\n","protected":false},"author":2,"featured_media":116681,"comment_status":"","ping_status":"","sticky":false,"template":"","format":"standard","meta":{"footnotes":""},"categories":[12],"tags":[36,542,22,23,26,27,33,31,30,17,2353,5856,1801,24,25,28,29,15,18,21,1003,402,32,19,20,16],"class_list":{"0":"post-116680","1":"post","2":"type-post","3":"status-publish","4":"format-standard","5":"has-post-thumbnail","7":"category-suomi","8":"tag-asuintalot-ja-asunnot","9":"tag-asuminen","10":"tag-breaking-news","11":"tag-breakingnews","12":"tag-featured-news","13":"tag-featurednews","14":"tag-fi","15":"tag-finland","16":"tag-finnish","17":"tag-headlines","18":"tag-hotellit-ja-majoitus","19":"tag-joulu","20":"tag-lahti","21":"tag-latest-news","22":"tag-latestnews","23":"tag-main-news","24":"tag-mainnews","25":"tag-news","26":"tag-otsikot","27":"tag-paauutiset","28":"tag-rakentaminen","29":"tag-rakentaminen-kiinteistot","30":"tag-suomi","31":"tag-top-stories","32":"tag-topstories","33":"tag-uutiset"},"share_on_mastodon":{"url":"https:\/\/pubeurope.com\/@fi\/115721797983255078","error":""},"_links":{"self":[{"href":"https:\/\/www.europesays.com\/fi\/wp-json\/wp\/v2\/posts\/116680","targetHints":{"allow":["GET"]}}],"collection":[{"href":"https:\/\/www.europesays.com\/fi\/wp-json\/wp\/v2\/posts"}],"about":[{"href":"https:\/\/www.europesays.com\/fi\/wp-json\/wp\/v2\/types\/post"}],"author":[{"embeddable":true,"href":"https:\/\/www.europesays.com\/fi\/wp-json\/wp\/v2\/users\/2"}],"replies":[{"embeddable":true,"href":"https:\/\/www.europesays.com\/fi\/wp-json\/wp\/v2\/comments?post=116680"}],"version-history":[{"count":0,"href":"https:\/\/www.europesays.com\/fi\/wp-json\/wp\/v2\/posts\/116680\/revisions"}],"wp:featuredmedia":[{"embeddable":true,"href":"https:\/\/www.europesays.com\/fi\/wp-json\/wp\/v2\/media\/116681"}],"wp:attachment":[{"href":"https:\/\/www.europesays.com\/fi\/wp-json\/wp\/v2\/media?parent=116680"}],"wp:term":[{"taxonomy":"category","embeddable":true,"href":"https:\/\/www.europesays.com\/fi\/wp-json\/wp\/v2\/categories?post=116680"},{"taxonomy":"post_tag","embeddable":true,"href":"https:\/\/www.europesays.com\/fi\/wp-json\/wp\/v2\/tags?post=116680"}],"curies":[{"name":"wp","href":"https:\/\/api.w.org\/{rel}","templated":true}]}}