{"id":116684,"date":"2025-12-15T05:06:10","date_gmt":"2025-12-15T05:06:10","guid":{"rendered":"https:\/\/www.europesays.com\/fi\/116684\/"},"modified":"2025-12-15T05:06:10","modified_gmt":"2025-12-15T05:06:10","slug":"kuvat-tallaiset-olivat-matleena-laakson-ja-kasperi-kapasen-haat","status":"publish","type":"post","link":"https:\/\/www.europesays.com\/fi\/116684\/","title":{"rendered":"Kuvat: T\u00e4llaiset olivat Matleena Laakson ja Kasperi Kapasen h\u00e4\u00e4t"},"content":{"rendered":"<p>Matleena Laakso asteli kes\u00e4ll\u00e4 alttarille NHL-kiekkoilijapuolisonsa kanssa. Parin h\u00e4\u00e4t pidettiin visusti salassa.<\/p>\n<p class=\"article-body mb-nof-24 px-nof-16\">Somevaikuttaja <a class=\"article-personlink\" href=\"https:\/\/www.is.fi\/haku\/?query=Matleena%20Laakso\" rel=\"nofollow noopener\" target=\"_blank\">Matleena Laakso<\/a> avioitui puolisonsa, NHL-kiekkoilija <a class=\"article-personlink\" href=\"https:\/\/www.is.fi\/haku\/?query=Kasperi%20Kapasen\" rel=\"nofollow noopener\" target=\"_blank\">Kasperi Kapasen<\/a> kanssa viime elokuussa. Intiimit h\u00e4\u00e4t j\u00e4rjestettiin Suomessa The Hotel Maria -luksushotellissa, joka tunnetaan nyky\u00e4\u00e4n nimell\u00e4 Waldorf Astoria Helsinki.<\/p>\n<p class=\"article-body mb-nof-24 px-nof-16\">H\u00e4ihin osallistui vain vajaa 60 vierasta.<\/p>\n<p class=\"article-body mb-nof-24 px-nof-16\">\u2013 Se oli meid\u00e4n n\u00e4k\u00f6inen p\u00e4iv\u00e4. Meille oli t\u00e4rke\u00e4\u00e4, ett\u00e4 saamme molempien perheet ja yst\u00e4v\u00e4t paikalle. Halusimme, ett\u00e4 h\u00e4\u00e4juhla on rento ja mahdollisimman vapaamuotoinen, Laakso kertoo.<\/p>\n<p class=\"article-body mb-nof-24 px-nof-16\">L\u00e4heisten pit\u00e4m\u00e4t puheet olivat h\u00e4iss\u00e4 suuressa roolissa.<\/p>\n<p class=\"article-body mb-nof-24 px-nof-16\">\u2013 Kyll\u00e4 siell\u00e4 tuli vuodatettua kyyneleit\u00e4, Laakso my\u00f6nt\u00e4\u00e4.<\/p>\n<p class=\"article-body mb-nof-24 px-nof-16\">H\u00e4\u00e4paikka valikoitui sen perusteella, ett\u00e4 Laakso oli n\u00e4hnyt kuvia hotellissa j\u00e4rjestetyist\u00e4 h\u00e4ist\u00e4.<\/p>\n<p class=\"article-body mb-nof-24 px-nof-16\">\u2013 Se on yksinkertaisen kaunis ja elegantti paikkana. Se sopi meid\u00e4n tyyliin ja visioon. Halusimme my\u00f6s, ett\u00e4 h\u00e4\u00e4paikka on Helsingiss\u00e4 ja mahdollisimman l\u00e4hell\u00e4 keskustaa, jotta vieraiden on helppo saapua paikalle.<\/p>\n<p><img decoding=\"async\" src=\"https:\/\/www.europesays.com\/fi\/wp-content\/uploads\/2025\/12\/1765775169_484_978.jpg\" alt=\"Laakso ei ole ottanut viel\u00e4 puolisonsa sukunime\u00e4.\" class=\"_Img_1rerz_1\" style=\"aspect-ratio:0.6666666666666666\" loading=\"eager\"\/><\/p>\n<p class=\"article-picture-caption\">Laakso ei ole ottanut viel\u00e4 puolisonsa sukunime\u00e4. Kuva:\u00a0Lotta Polviander<\/p>\n<p><img decoding=\"async\" src=\"https:\/\/www.europesays.com\/fi\/wp-content\/uploads\/2025\/12\/1765775169_553_978.jpg\" alt=\"Matleena Laakson h\u00e4\u00e4tyyliin kuului pitk\u00e4 huntu.\" class=\"_Img_1rerz_1\" style=\"aspect-ratio:1.3994169096209912\" loading=\"eager\"\/><\/p>\n<p class=\"article-picture-caption\">Matleena Laakson h\u00e4\u00e4tyyliin kuului pitk\u00e4 huntu. Kuva:\u00a0Lotta Polviander<\/p>\n<p class=\"article-body mb-nof-24 px-nof-16\">H\u00e4iden j\u00e4lkeisen\u00e4 aamuna Laakso ja Kapanen p\u00e4\u00e4tyiv\u00e4t paparazzikuviin. H\u00e4it\u00e4 he saivat juhlia kaikessa rauhassa.<\/p>\n<p class=\"article-body mb-nof-24 px-nof-16\">\u2013 Olimme palkanneet h\u00e4it\u00e4 varten turvamiehen, joka varmisti, ettei ulkopuolisia tule kuokkimaan, koska vihkitilaisuus j\u00e4rjestettiin hotellin sis\u00e4pihalla. Olimme my\u00f6s tosi tarkkoja, ettemme kertoneet h\u00e4iden ajankohtaa ja h\u00e4\u00e4paikkaa etuk\u00e4teen mihink\u00e4\u00e4n.<\/p>\n<p class=\"article-body mb-nof-24 px-nof-16\">Harva h\u00e4\u00e4vieraista tiesi, ett\u00e4 Laakso odottaa lasta.<\/p>\n<p class=\"article-body mb-nof-24 px-nof-16\">\u2013 Saimme tiet\u00e4\u00e4 lapsesta kes\u00e4kuun puoliv\u00e4liss\u00e4. Raskaus oli viel\u00e4 tuolloin hyvin alkumetreill\u00e4, joten emme kertoneet kuin muutamalle l\u00e4heiselle, ett\u00e4 olin raskaana. Halusin odottaa rakenneultraan saakka ennen kuin kerroimme raskaudesta.<\/p>\n<p><img decoding=\"async\" src=\"https:\/\/www.europesays.com\/fi\/wp-content\/uploads\/2025\/12\/1765775170_670_978.jpg\" alt=\"Vastavihitty h\u00e4\u00e4pari viime kes\u00e4n\u00e4 Helsingiss\u00e4.\" class=\"_Img_1rerz_1\" style=\"aspect-ratio:0.8\" loading=\"eager\"\/><\/p>\n<p class=\"article-picture-caption\">Vastavihitty h\u00e4\u00e4pari viime kes\u00e4n\u00e4 Helsingiss\u00e4. Kuva:\u00a0Lotta Polviander<\/p>\n<p><img decoding=\"async\" src=\"https:\/\/www.europesays.com\/fi\/wp-content\/uploads\/2025\/12\/1765775170_435_978.jpg\" alt=\"Laakson h\u00e4\u00e4puku oli olkaimeton.\" class=\"_Img_1rerz_1\" style=\"aspect-ratio:0.6666666666666666\" loading=\"eager\"\/><\/p>\n<p class=\"article-picture-caption\">Laakson h\u00e4\u00e4puku oli olkaimeton. Kuva:\u00a0Lotta Polviander<\/p>\n<p class=\"article-body mb-nof-24 px-nof-16\">Toistaiseksi Laakso ei ole ottanut k\u00e4ytt\u00f6\u00f6n miehens\u00e4 sukunime\u00e4 k\u00e4yt\u00e4nn\u00f6n syist\u00e4. Sen aika tulee kuitenkin tulevana kes\u00e4n\u00e4.<\/p>\n<p class=\"article-body mb-nof-24 px-nof-16\">\u2013 Emme tienneet kev\u00e4\u00e4ll\u00e4 esteett\u00f6myystodistusta hakiessamme, mihin tulemme muuttamaan Kasperin kiekkouran per\u00e4ss\u00e4. Minun olisi pit\u00e4nyt hakea h\u00e4iden j\u00e4lkeen uusi passi uudella nimell\u00e4 ja tehd\u00e4 uusi viisumihakemus. Olisi saattanut k\u00e4yd\u00e4 niin, etten olisi p\u00e4\u00e4ssyt lent\u00e4m\u00e4\u00e4n samaan aikaan Kasperin kanssa. Lapselle tulee is\u00e4n sukunimi, niin otan my\u00f6s tulevana kes\u00e4n\u00e4 Kapanen-sukunimen k\u00e4ytt\u00f6\u00f6n.<\/p>\n","protected":false},"excerpt":{"rendered":"Matleena Laakso asteli kes\u00e4ll\u00e4 alttarille NHL-kiekkoilijapuolisonsa kanssa. Parin h\u00e4\u00e4t pidettiin visusti salassa. Somevaikuttaja Matleena Laakso avioitui puolisonsa, NHL-kiekkoilija&hellip;\n","protected":false},"author":2,"featured_media":116685,"comment_status":"","ping_status":"","sticky":false,"template":"","format":"standard","meta":{"footnotes":""},"categories":[136],"tags":[407,137,33,31,30,34,408,32,109],"class_list":{"0":"post-116684","1":"post","2":"type-post","3":"status-publish","4":"format-standard","5":"has-post-thumbnail","7":"category-julkkikset","8":"tag-celebrities","9":"tag-entertainment","10":"tag-fi","11":"tag-finland","12":"tag-finnish","13":"tag-ilta-sanomat","14":"tag-julkkikset","15":"tag-suomi","16":"tag-viihde"},"share_on_mastodon":{"url":"https:\/\/pubeurope.com\/@fi\/115721849240659842","error":""},"_links":{"self":[{"href":"https:\/\/www.europesays.com\/fi\/wp-json\/wp\/v2\/posts\/116684","targetHints":{"allow":["GET"]}}],"collection":[{"href":"https:\/\/www.europesays.com\/fi\/wp-json\/wp\/v2\/posts"}],"about":[{"href":"https:\/\/www.europesays.com\/fi\/wp-json\/wp\/v2\/types\/post"}],"author":[{"embeddable":true,"href":"https:\/\/www.europesays.com\/fi\/wp-json\/wp\/v2\/users\/2"}],"replies":[{"embeddable":true,"href":"https:\/\/www.europesays.com\/fi\/wp-json\/wp\/v2\/comments?post=116684"}],"version-history":[{"count":0,"href":"https:\/\/www.europesays.com\/fi\/wp-json\/wp\/v2\/posts\/116684\/revisions"}],"wp:featuredmedia":[{"embeddable":true,"href":"https:\/\/www.europesays.com\/fi\/wp-json\/wp\/v2\/media\/116685"}],"wp:attachment":[{"href":"https:\/\/www.europesays.com\/fi\/wp-json\/wp\/v2\/media?parent=116684"}],"wp:term":[{"taxonomy":"category","embeddable":true,"href":"https:\/\/www.europesays.com\/fi\/wp-json\/wp\/v2\/categories?post=116684"},{"taxonomy":"post_tag","embeddable":true,"href":"https:\/\/www.europesays.com\/fi\/wp-json\/wp\/v2\/tags?post=116684"}],"curies":[{"name":"wp","href":"https:\/\/api.w.org\/{rel}","templated":true}]}}