{"id":116690,"date":"2025-12-15T05:17:10","date_gmt":"2025-12-15T05:17:10","guid":{"rendered":"https:\/\/www.europesays.com\/fi\/116690\/"},"modified":"2025-12-15T05:17:10","modified_gmt":"2025-12-15T05:17:10","slug":"mainonnan-eettisen-neuvoston-kokoonpanoon-vaikuttajamarkkinoija-keskuskauppakamari","status":"publish","type":"post","link":"https:\/\/www.europesays.com\/fi\/116690\/","title":{"rendered":"Mainonnan eettisen neuvoston kokoonpanoon\u00a0vaikuttajamarkkinoija\u00a0 &#8211; Keskuskauppakamari"},"content":{"rendered":"<p>]]]]>]]><\/p>\n<p><img fetchpriority=\"high\" decoding=\"async\" width=\"2560\" height=\"1707\" src=\"https:\/\/www.europesays.com\/fi\/wp-content\/uploads\/2025\/12\/Stina_Wikberg_04-scaled.jpg\" alt=\"\" class=\"wp-image-40666\"  \/>Keskuskauppakamarin johtaja Stina Wikberg, yritysten itses\u00e4\u00e4ntely ja vastuullisuus. Kuva: Liisa Takala.<\/p>\n<p><strong>Mainonnan eettinen neuvosto (MEN) on p\u00e4ivitt\u00e4nyt s\u00e4\u00e4nt\u00f6j\u00e4\u00e4n vastaamaan muuttunutta\u00a0markkinointiymp\u00e4rist\u00f6\u00e4.\u00a0Jatkossa\u00a0neuvoston kokoonpanossa on\u00a0edustettuna\u00a0my\u00f6s vaikuttajamarkkinointia tekev\u00e4 henkil\u00f6. Uudistus vastaa alan kasvaneisiin tarpeisiin ja puuttuu my\u00f6s vaikuttajien\u00a0maalittamiseen.\u00a0<\/strong><\/p>\n<p>Ensimm\u00e4isen\u00e4 vaikuttajaj\u00e4senen\u00e4\u00a0MENiss\u00e4\u00a0aloittaa vuoden alussa Hanne Kettunen, joka tunnetaan sosiaalisen median kanavissa nimell\u00e4 Vale\u00e4iti.\u00a0Varaj\u00e4seneksi on nimetty vaikuttajamarkkinoinnin parissa pitk\u00e4\u00e4n toiminut Inna-Pirjetta\u00a0Lahti.\u00a0<\/p>\n<p>Keskuskauppakamarissa yritysten itses\u00e4\u00e4ntelypalveluista vastaavan johtajan Stina Wikbergin\u00a0mukaan vaikuttajan mukaan\u00a0ottaminen\u00a0j\u00e4senist\u00f6\u00f6n\u00a0oli t\u00e4rke\u00e4 uudistus,\u00a0sill\u00e4\u00a0yh\u00e4 suurempi\u00a0osa\u00a0MENiin\u00a0tulevista\u00a0lausuntopyynn\u00f6ist\u00e4\u00a0koskee nimenomaan\u00a0vaikuttajamarkkinointia sosiaalisen median kanavissa.\u00a0<\/p>\n<p>\u201dMarkkinointi ei ole\u00a0en\u00e4\u00e4 yksi selke\u00e4 kokonaisuus, vaan monikanavainen ja teknologinen kentt\u00e4.\u00a0MENin\u00a0on\u00a0heijastettava t\u00e4t\u00e4 monipuolisuutta my\u00f6s kokoonpanossaan. Jotta voidaan arvioida erilaisia\u00a0ilmi\u00f6it\u00e4 perinteisist\u00e4 mainoksista vaikuttajasis\u00e4lt\u00f6ihin ja uudentyyppisiin kaupallisiin muotoihin, tarvitaan laajaa ja monenlaista osaamista\u201d, sanoo\u00a0MENin\u00a0rahoituksesta vastaavan Mainonnan Neuvottelukunnan\u00a0puheenjohtaja Riikka-Maria\u00a0Lemminki.\u00a0<\/p>\n<p><strong>Vahva\u00a0tunnistautuminen lausuntopyynt\u00f6ihin<\/strong>\u00a0<\/p>\n<p>Vuoden alusta l\u00e4htien lausuntopyynn\u00f6n tekeminen edellytt\u00e4\u00e4 vahvaa tunnistautumista. T\u00e4m\u00e4n\u00a0toivotaan ehk\u00e4isev\u00e4n\u00a0perusteettomia\u00a0eli\u00a0yksinomaan kiusaamistarkoituksessa tehtyj\u00e4 lausuntopyynt\u00f6j\u00e4.\u00a0<\/p>\n<p>Lis\u00e4ksi\u00a0MENin\u00a0j\u00e4senet ovat jatkossa s\u00e4\u00e4nt\u00f6jen mukaan salassapitovelvollisia mahdollisten liikesalaisuuksien osalta. N\u00e4ill\u00e4 muutoksilla pyrit\u00e4\u00e4n varmistamaan neuvoston toiminnan luottamuksellisuus.\u00a0<\/p>\n<p>MENin\u00a0j\u00e4senen toimikausi lyhenee\u00a0kolmesta vuodesta kahteen vuoteen. Lis\u00e4ksi\u00a0MENin\u00a0s\u00e4\u00e4nt\u00f6j\u00e4 on muutettu siten, ett\u00e4 yhden j\u00e4senen on oltava yhdenvertaisuusasioiden asiantuntija.\u00a0\u00a0<\/p>\n<p><strong>MENin\u00a0kokoonpano\u00a0vuonna 2026<\/strong>\u00a0<\/p>\n<p>Mia\u00a0Hoffren, puheenjohtaja\u00a0<\/p>\n<p>Katri Kummoinen, varapuheenjohtaja\u00a0<\/p>\n<p>J\u00e4senet:\u00a0<\/p>\n<p>Iina\u00a0Artima-Kyrki\u00a0<\/p>\n<p>Elina Hakala\u00a0<\/p>\n<p>Heini\u00a0Hussam\u00a0<\/p>\n<p>Leia Kaukonen\u00a0<\/p>\n<p>Hanne Kettunen\u00a0<\/p>\n<p>Tommi Pelkonen\u00a0<\/p>\n<p>Varaj\u00e4senet:\u00a0<\/p>\n<p>Antti Isokangas\u00a0\u00a0<br \/>Inna-Pirjetta Lahti\u00a0<br \/>Markus Pirttijoki\u00a0\u00a0<br \/>Kaisa Rotkirch\u00a0<br \/>Paula Sailas\u00a0<br \/>Lotta Yli-Hukkala-Siira\u00a0<\/p>\n<p>Mainonnan eettinen neuvosto\u00a0(MEN)\u00a0on markkinoinnin alan itses\u00e4\u00e4ntelytoimiselin. MEN antaa lausuntoja siit\u00e4, onko mainos tai muu menettely kaupallisessa markkinoinnissa hyv\u00e4n tavan vastaista tai tunnistettavissa markkinoinniksi ottaen huomioon Kansainv\u00e4lisen kauppakamarin markkinointis\u00e4\u00e4nn\u00f6t\u00a0ja\u00a0MENin\u00a0hyv\u00e4\u00e4\u00a0markkinointitapaa\u00a0koskevat periaatteet.\u00a0Mainonnan Neuvottelukunta rahoittaa\u00a0MENin\u00a0toimintaa ja sen sihteerist\u00f6 toimii Keskuskauppakamarin yhteydess\u00e4.\u202f\u00a0\u00a0<\/p>\n<p>Lis\u00e4tietoja:\u00a0<\/p>\n<p>Riikka-Maria\u00a0Lemminki,\u00a0toimitusjohtaja, Marketing Finland, p. 040 578 1974\u00a0<\/p>\n<p>Stina Wikberg, johtaja, Keskuskauppakamari, p.\u00a0040 342 4781\u00a0<\/p>\n<p><img loading=\"lazy\" decoding=\"async\" width=\"1024\" height=\"1024\" src=\"https:\/\/www.europesays.com\/fi\/wp-content\/uploads\/2025\/12\/Stina_Wikberg_kuvaaja_ElmoEklund_Keskuskauppakamari-4-1024x1024.jpg\" alt=\"\" class=\"wp-image-88600\"  \/><\/p>\n<p class=\"rnb_writer_block__name\">Wikberg Stina<\/p>\n<p class=\"rnb_writer_block__title\">Johtaja, yritysten itses\u00e4\u00e4ntely ja vastuullisuus<\/p>\n<p class=\"rnb_writer_block__email\">stina.wikberg@chamber.fi<\/p>\n<p class=\"rnb_writer_block__tel\">+358 40 342 4781<\/p>\n","protected":false},"excerpt":{"rendered":"]]]]&gt;]]&gt; Keskuskauppakamarin johtaja Stina Wikberg, yritysten itses\u00e4\u00e4ntely ja vastuullisuus. Kuva: Liisa Takala. Mainonnan eettinen neuvosto (MEN) on p\u00e4ivitt\u00e4nyt&hellip;\n","protected":false},"author":2,"featured_media":116691,"comment_status":"","ping_status":"","sticky":false,"template":"","format":"standard","meta":{"footnotes":""},"categories":[76],"tags":[79,77,33,31,30,32,78],"class_list":{"0":"post-116690","1":"post","2":"type-post","3":"status-publish","4":"format-standard","5":"has-post-thumbnail","7":"category-talous","8":"tag-business","9":"tag-economy","10":"tag-fi","11":"tag-finland","12":"tag-finnish","13":"tag-suomi","14":"tag-talous"},"share_on_mastodon":{"url":"https:\/\/pubeurope.com\/@fi\/115721892491856489","error":""},"_links":{"self":[{"href":"https:\/\/www.europesays.com\/fi\/wp-json\/wp\/v2\/posts\/116690","targetHints":{"allow":["GET"]}}],"collection":[{"href":"https:\/\/www.europesays.com\/fi\/wp-json\/wp\/v2\/posts"}],"about":[{"href":"https:\/\/www.europesays.com\/fi\/wp-json\/wp\/v2\/types\/post"}],"author":[{"embeddable":true,"href":"https:\/\/www.europesays.com\/fi\/wp-json\/wp\/v2\/users\/2"}],"replies":[{"embeddable":true,"href":"https:\/\/www.europesays.com\/fi\/wp-json\/wp\/v2\/comments?post=116690"}],"version-history":[{"count":0,"href":"https:\/\/www.europesays.com\/fi\/wp-json\/wp\/v2\/posts\/116690\/revisions"}],"wp:featuredmedia":[{"embeddable":true,"href":"https:\/\/www.europesays.com\/fi\/wp-json\/wp\/v2\/media\/116691"}],"wp:attachment":[{"href":"https:\/\/www.europesays.com\/fi\/wp-json\/wp\/v2\/media?parent=116690"}],"wp:term":[{"taxonomy":"category","embeddable":true,"href":"https:\/\/www.europesays.com\/fi\/wp-json\/wp\/v2\/categories?post=116690"},{"taxonomy":"post_tag","embeddable":true,"href":"https:\/\/www.europesays.com\/fi\/wp-json\/wp\/v2\/tags?post=116690"}],"curies":[{"name":"wp","href":"https:\/\/api.w.org\/{rel}","templated":true}]}}